{"id":103139,"date":"2017-05-12T16:04:02","date_gmt":"2017-05-12T19:04:02","guid":{"rendered":"http:\/\/senoticias.com.br\/se\/?p=103139"},"modified":"2017-05-12T21:27:40","modified_gmt":"2017-05-13T00:27:40","slug":"veiculos-com-restricoes-de-roubo-sao-recuperados-em-aracaju","status":"publish","type":"post","link":"https:\/\/senoticias.com.br\/se\/veiculos-com-restricoes-de-roubo-sao-recuperados-em-aracaju\/","title":{"rendered":"Ve\u00edculos com restri\u00e7\u00f5es de roubo s\u00e3o recuperados em Aracaju"},"content":{"rendered":"<p style=\"text-align: justify;\">O Grupamento Especial T\u00e1tico de Motos (Getam) recuperou na tarde dessa quinta-feira, 11, dois ve\u00edculos com restri\u00e7\u00e3o de roubo e furto em Aracaju.<\/p>\n<p style=\"text-align: justify;\">A guarni\u00e7\u00e3o do Getam realizava o patrulhamento de rotina, quando foi acionada pelo Centro Integrado de Opera\u00e7\u00f5es em Seguran\u00e7a P\u00fablica (Ciosp) para averiguar a den\u00fancia de que um ve\u00edculo roubado no per\u00edodo da manh\u00e3, estaria abandonado no estacionamento de um supermercado, na zona norte de Aracaju.<\/p>\n<div id=\"attachment_103140\" style=\"width: 609px\" class=\"wp-caption aligncenter\"><img loading=\"lazy\" decoding=\"async\" aria-describedby=\"caption-attachment-103140\" class=\"size-full wp-image-103140\" src=\"http:\/\/senoticias.com.br\/se\/wp-content\/uploads\/2017\/05\/49217384675459381919-e1494615743752.jpg\" alt=\"A participa\u00e7\u00e3o da popula\u00e7\u00e3o foi essencial para o trabalho policial. Foto: PM\/Se\" width=\"599\" height=\"446\" \/><p id=\"caption-attachment-103140\" class=\"wp-caption-text\">A participa\u00e7\u00e3o da popula\u00e7\u00e3o foi essencial para o trabalho policial. (Foto: PM\/SE)<\/p><\/div>\n<p style=\"text-align: justify;\">Chegando ao local, os policiais confirmaram a presen\u00e7a do ve\u00edculo, modelo Chevrolet Agile, de placa policial IAO 5625. Na mesma tarde o Getam foi informado por populares, que na rua 5 do conjunto Lamar\u00e3o, havia outro ve\u00edculo com restri\u00e7\u00e3o de roubo e furto. Diante dos fatos, os dois ve\u00edculos foram encaminhados \u00e0 Delegacia especializada para as provid\u00eancias legais.<\/p>\n<div><\/div>\n<div><img loading=\"lazy\" decoding=\"async\" class=\"aligncenter size-full wp-image-103092\" src=\"http:\/\/senoticias.com.br\/se\/wp-content\/uploads\/2017\/05\/Logo-fone-1-2-1-2-4-1.jpg\" alt=\"Logo-fone-1-2-1-2-4\" width=\"599\" height=\"78\" srcset=\"https:\/\/senoticias.com.br\/se\/wp-content\/uploads\/2017\/05\/Logo-fone-1-2-1-2-4-1.jpg 599w, https:\/\/senoticias.com.br\/se\/wp-content\/uploads\/2017\/05\/Logo-fone-1-2-1-2-4-1-300x39.jpg 300w\" sizes=\"(max-width: 599px) 100vw, 599px\" \/><\/div>\n<div>\n<p><em><strong>Acompanhe tamb\u00e9m o SE Not\u00edcias no<\/strong><strong>\u00a0<\/strong><strong><a href=\"https:\/\/twitter.com\/Senoticias\">Twitter<\/a>,<\/strong><strong>\u00a0<\/strong><strong><a href=\"https:\/\/www.facebook.com\/senoticias1\">Facebook\u00a0<\/a>e no<\/strong><strong>\u00a0<\/strong><strong><a href=\"https:\/\/www.instagram.com\/senoticias\/\">Instagram<\/a><\/strong><\/em><\/p>\n<p>Fonte: PM\/SE<\/p>\n<\/div>\n","protected":false},"excerpt":{"rendered":"<p>O Grupamento Especial T\u00e1tico de Motos (Getam) recuperou na tarde dessa quinta-feira, 11, dois ve\u00edculos com restri\u00e7\u00e3o de roubo e furto em Aracaju. A guarni\u00e7\u00e3o do Getam realizava o patrulhamento de rotina, quando foi acionada pelo Centro Integrado de Opera\u00e7\u00f5es em Seguran\u00e7a P\u00fablica (Ciosp) para averiguar a den\u00fancia de que um ve\u00edculo roubado no per\u00edodo [&hellip;]<\/p>\n","protected":false},"author":2,"featured_media":0,"comment_status":"closed","ping_status":"closed","sticky":false,"template":"","format":"standard","meta":{"footnotes":""},"categories":[15,7],"tags":[339,2777,575,1303,3567],"class_list":{"0":"post-103139","1":"post","2":"type-post","3":"status-publish","4":"format-standard","6":"category-destaques","7":"category-policia","8":"tag-aracaju","9":"tag-carro","10":"tag-getam","11":"tag-policia","12":"tag-recuperados"},"_links":{"self":[{"href":"https:\/\/senoticias.com.br\/se\/wp-json\/wp\/v2\/posts\/103139"}],"collection":[{"href":"https:\/\/senoticias.com.br\/se\/wp-json\/wp\/v2\/posts"}],"about":[{"href":"https:\/\/senoticias.com.br\/se\/wp-json\/wp\/v2\/types\/post"}],"author":[{"embeddable":true,"href":"https:\/\/senoticias.com.br\/se\/wp-json\/wp\/v2\/users\/2"}],"replies":[{"embeddable":true,"href":"https:\/\/senoticias.com.br\/se\/wp-json\/wp\/v2\/comments?post=103139"}],"version-history":[{"count":0,"href":"https:\/\/senoticias.com.br\/se\/wp-json\/wp\/v2\/posts\/103139\/revisions"}],"wp:attachment":[{"href":"https:\/\/senoticias.com.br\/se\/wp-json\/wp\/v2\/media?parent=103139"}],"wp:term":[{"taxonomy":"category","embeddable":true,"href":"https:\/\/senoticias.com.br\/se\/wp-json\/wp\/v2\/categories?post=103139"},{"taxonomy":"post_tag","embeddable":true,"href":"https:\/\/senoticias.com.br\/se\/wp-json\/wp\/v2\/tags?post=103139"}],"curies":[{"name":"wp","href":"https:\/\/api.w.org\/{rel}","templated":true}]}}