{"id":103125,"date":"2017-05-12T10:02:49","date_gmt":"2017-05-12T13:02:49","guid":{"rendered":"http:\/\/senoticias.com.br\/se\/?p=103125"},"modified":"2017-05-12T10:02:49","modified_gmt":"2017-05-12T13:02:49","slug":"guardas-municipais-denunciam-que-prefeito-de-laranjeiras-pretende-acabar-com-a-categoria","status":"publish","type":"post","link":"https:\/\/senoticias.com.br\/se\/guardas-municipais-denunciam-que-prefeito-de-laranjeiras-pretende-acabar-com-a-categoria\/","title":{"rendered":"Guardas Municipais denunciam que prefeito de Laranjeiras pretende acabar com a categoria"},"content":{"rendered":"<p style=\"text-align: justify;\">O presidente do Sindicato dos Guardas Municipais de Laranjeiras e Regi\u00e3o (SINDIGUARDAS), Rosivaldo dos Santos, usou a tribuna da C\u00e2mara de Vereadores nesta quinta-feira, (11), atrav\u00e9s de requerimento verbal feito pela vereadora Marizete dos Santos, que foi acatado por todos os edis.<\/p>\n<div id=\"attachment_103126\" style=\"width: 609px\" class=\"wp-caption aligncenter\"><img loading=\"lazy\" decoding=\"async\" aria-describedby=\"caption-attachment-103126\" class=\"size-full wp-image-103126\" src=\"http:\/\/senoticias.com.br\/se\/wp-content\/uploads\/2017\/05\/GURDAS-MUNICIPAIS-SENOTICIAS-e1494594056874.jpg\" alt=\"Presidente do Sindicato dos Guardas de Laranjeiras, Rosivaldo.\" width=\"599\" height=\"502\" \/><p id=\"caption-attachment-103126\" class=\"wp-caption-text\">Presidente do Sindicato dos Guardas de Laranjeiras, Rosivaldo. (Foto: TDantas Comunica\u00e7\u00e3o)<\/p><\/div>\n<p style=\"text-align: justify;\">O sindicalista pediu apoio aos representantes do legislativo municipal, tendo em vista que a categoria vem sofrendo com as perdas salariais e aproveitou\u00a0 o espa\u00e7o do legislativo para reivindicar melhores condi\u00e7\u00f5es de trabalho, um reajuste digno, adicional de periculosidade, al\u00e9m de informar que a Prefeitura ainda n\u00e3o nomeou um comandante geral nem os cargos de comandante de equipe. Segundo Rosivaldo dos Santos, o prefeito Paul\u00e3o da Varzinhas n\u00e3o est\u00e1 cumprindo a promessa de campanha, que seria reajustar o sal\u00e1rio da categoria para R$ 1800,00, acrescentar a periculosidade e proporcionar melhores condi\u00e7\u00f5es de trabalho.<\/p>\n<p style=\"text-align: justify;\">\u201cJ\u00e1 tivemos v\u00e1rias reuni\u00f5es com Paul\u00e3o da Varzinhas, mas at\u00e9 agora o gestor n\u00e3o sinalizou nada da promessa de campanha. Como tamb\u00e9m, recorreu ao Superior Tribunal de Justi\u00e7a para anular as decis\u00f5es do Juiz Amintas Noronha e dos desembargadores do Tribunal de Justi\u00e7a de Sergipe, que j\u00e1 haviam reconhecido como constitucional a lei de cria\u00e7\u00e3o da Guarda Municipal, que transformou os vigilantes em guardas municipais. Pelo visto, o atual gestor pretende extinguir a Guarda Municipal em Laranjeiras, o que vai prejudicar toda a categoria e a popula\u00e7\u00e3o\u201d, disse Rosivaldo.<\/p>\n<p style=\"text-align: justify;\">O sindicalista acrescentou ainda que: \u201ca nossa inten\u00e7\u00e3o em ocupar as galerias desta casa legislativa \u00e9 reivindicar os nossos direitos e pedir apoio as vereadores. Acredito que, juntos poderemos ser mais fortes. A atual administra\u00e7\u00e3o n\u00e3o pode cometer ainda mais injusti\u00e7as com a nossa categoria\u201d, frisou.<\/p>\n<p style=\"text-align: justify;\">Logo ap\u00f3s o pronunciamento do sindicalista, o presidente da C\u00e2mara, Luciano dos Santos manifestou apoio \u00e0 categoria. \u201cReconhe\u00e7o o sofrimento dos Guardas Municipais, acompanho a luta e vamos atender a categoria no que for poss\u00edvel. Os Guardas Municipais merecem respeito\u201d, afirmou Luciano.<\/p>\n<p style=\"text-align: justify;\">A vereadora Brasilina Borges, em pronunciamento tamb\u00e9m manifestou apoio aos Guardas Municipais e acrescentou que o prefeito Paul\u00e3o da Varzinhas deve contemplar todos os funcion\u00e1rios p\u00fablicos municipais. \u201cO prefeito Juca de Bala na gest\u00e3o anterior elaborou um projeto de lei para contemplar os guardas municipais, mas com a crise financeira e queda na arrecada\u00e7\u00e3o n\u00e3o p\u00f4de beneficiar a categoria. A situa\u00e7\u00e3o financeira do munic\u00edpio agora \u00e9 outra, portanto, o prefeito Paul\u00e3o da Varzinhas tem que olhar pelos guardas e por todos os demais servidores municipais. Contudo, a manifesta\u00e7\u00e3o dos trabalhadores \u00e9 justa e necess\u00e1ria. Est\u00e3o de parab\u00e9ns\u201d, destacou a vereadora.<\/p>\n<p style=\"text-align: justify;\">O vereador Jos\u00e9 Carlos JJ disse s\u00f3 ter uma forma das reivindica\u00e7\u00f5es dos guardas municipais serem atendidas,\u00a0 \u00e9 o prefeito demonstrar interesse e sensibilidade, e enviar para a c\u00e2mara um projeto de lei versando sobre estas melhorias almejadas pela categoria.\u00a0 &#8220;E tenham certeza de que est\u00e1 Casa n\u00e3o se furtar\u00e1 em aprorvar&#8221;, disse ele.<\/p>\n<p style=\"text-align: justify;\">O vereador Adriano Carvalho reiterou o discurso de Brasilina e frisou que a Prefeitura tem recursos financeiros necess\u00e1rios para beneficiar os servidores p\u00fablicos municipais. \u201cNo in\u00edcio da atual legislatura, esta casa aprovou um or\u00e7amento complementar para a Prefeitura de mais de R$ 21 milh\u00f5es, o que torna poss\u00edvel o desenvolvimento da cidade e a garantia de melhoria para os trabalhadores\u201d, frisou Adriano.<\/p>\n<p style=\"text-align: justify;\">Os guardas municipais aplaudiram as iniciativas dos edis e tiveram a certeza de que podem contar com a c\u00e2mara nesta luta por melhorias salariais e de trabalho.<\/p>\n<p><b>\u00a0<img loading=\"lazy\" decoding=\"async\" class=\"aligncenter size-full wp-image-103092\" src=\"http:\/\/senoticias.com.br\/se\/wp-content\/uploads\/2017\/05\/Logo-fone-1-2-1-2-4-1.jpg\" alt=\"Logo-fone-1-2-1-2-4\" width=\"599\" height=\"78\" srcset=\"https:\/\/senoticias.com.br\/se\/wp-content\/uploads\/2017\/05\/Logo-fone-1-2-1-2-4-1.jpg 599w, https:\/\/senoticias.com.br\/se\/wp-content\/uploads\/2017\/05\/Logo-fone-1-2-1-2-4-1-300x39.jpg 300w\" sizes=\"(max-width: 599px) 100vw, 599px\" \/><\/b><\/p>\n<p><em><strong>Acompanhe tamb\u00e9m o SE Not\u00edcias no<\/strong><strong>\u00a0<\/strong><strong><a href=\"https:\/\/twitter.com\/Senoticias\">Twitter<\/a>,<\/strong><strong>\u00a0<\/strong><strong><a href=\"https:\/\/www.facebook.com\/senoticias1\">Facebook\u00a0<\/a>e no<\/strong><strong>\u00a0<\/strong><strong><a href=\"https:\/\/www.instagram.com\/senoticias\/\">Instagram<\/a><\/strong><\/em><\/p>\n<p><b>TDantas Comunica\u00e7\u00e3o\/ASCOM CML.<\/b><\/p>\n","protected":false},"excerpt":{"rendered":"<p>O presidente do Sindicato dos Guardas Municipais de Laranjeiras e Regi\u00e3o (SINDIGUARDAS), Rosivaldo dos Santos, usou a tribuna da C\u00e2mara de Vereadores nesta quinta-feira, (11), atrav\u00e9s de requerimento verbal feito pela vereadora Marizete dos Santos, que foi acatado por todos os edis. O sindicalista pediu apoio aos representantes do legislativo municipal, tendo em vista que [&hellip;]<\/p>\n","protected":false},"author":2,"featured_media":103126,"comment_status":"closed","ping_status":"closed","sticky":false,"template":"","format":"standard","meta":{"footnotes":""},"categories":[15,38],"tags":[1266,1036,314],"class_list":{"0":"post-103125","1":"post","2":"type-post","3":"status-publish","4":"format-standard","5":"has-post-thumbnail","7":"category-destaques","8":"category-municipios","9":"tag-guardas-municipais","10":"tag-laranjeiras","11":"tag-prefeito"},"_links":{"self":[{"href":"https:\/\/senoticias.com.br\/se\/wp-json\/wp\/v2\/posts\/103125"}],"collection":[{"href":"https:\/\/senoticias.com.br\/se\/wp-json\/wp\/v2\/posts"}],"about":[{"href":"https:\/\/senoticias.com.br\/se\/wp-json\/wp\/v2\/types\/post"}],"author":[{"embeddable":true,"href":"https:\/\/senoticias.com.br\/se\/wp-json\/wp\/v2\/users\/2"}],"replies":[{"embeddable":true,"href":"https:\/\/senoticias.com.br\/se\/wp-json\/wp\/v2\/comments?post=103125"}],"version-history":[{"count":0,"href":"https:\/\/senoticias.com.br\/se\/wp-json\/wp\/v2\/posts\/103125\/revisions"}],"wp:featuredmedia":[{"embeddable":true,"href":"https:\/\/senoticias.com.br\/se\/wp-json\/wp\/v2\/media\/103126"}],"wp:attachment":[{"href":"https:\/\/senoticias.com.br\/se\/wp-json\/wp\/v2\/media?parent=103125"}],"wp:term":[{"taxonomy":"category","embeddable":true,"href":"https:\/\/senoticias.com.br\/se\/wp-json\/wp\/v2\/categories?post=103125"},{"taxonomy":"post_tag","embeddable":true,"href":"https:\/\/senoticias.com.br\/se\/wp-json\/wp\/v2\/tags?post=103125"}],"curies":[{"name":"wp","href":"https:\/\/api.w.org\/{rel}","templated":true}]}}