{"id":103115,"date":"2017-05-11T21:58:29","date_gmt":"2017-05-12T00:58:29","guid":{"rendered":"http:\/\/senoticias.com.br\/se\/?p=103115"},"modified":"2017-05-11T21:58:29","modified_gmt":"2017-05-12T00:58:29","slug":"mpf-pede-para-ouvir-mais-tres-testemunhas-em-processo-de-lula-na-lava-jato","status":"publish","type":"post","link":"https:\/\/senoticias.com.br\/se\/mpf-pede-para-ouvir-mais-tres-testemunhas-em-processo-de-lula-na-lava-jato\/","title":{"rendered":"MPF pede para ouvir mais tr\u00eas testemunhas em processo de Lula na Lava Jato"},"content":{"rendered":"<p style=\"text-align: justify;\">A for\u00e7a-tarefa da Opera\u00e7\u00e3o Lava Jato no Minist\u00e9rio P\u00fablico Federal (MPF) pediu ao juiz federal S\u00e9rgio Moro para que sejam ouvidas mais tr\u00eas testemunhas de acusa\u00e7\u00e3o em um dos processos em que o ex-presidente Luiz In\u00e1cio Lula da Silva \u00e9 r\u00e9u. O pedido se refere ao caso do trilplex do Guaruj\u00e1 (SP). O requerimento foi enviado hoje (11) \u00e0 Justi\u00e7a Federal do Paran\u00e1 (JFPR), um dia depois do interrogat\u00f3rio de Lula em Curitiba.<\/p>\n<p style=\"text-align: justify;\"><img loading=\"lazy\" decoding=\"async\" class=\"aligncenter size-full wp-image-103116\" src=\"http:\/\/senoticias.com.br\/se\/wp-content\/uploads\/2017\/05\/images-1.jpeg\" alt=\"images\" width=\"470\" height=\"230\" srcset=\"https:\/\/senoticias.com.br\/se\/wp-content\/uploads\/2017\/05\/images-1.jpeg 470w, https:\/\/senoticias.com.br\/se\/wp-content\/uploads\/2017\/05\/images-1-300x147.jpeg 300w\" sizes=\"(max-width: 470px) 100vw, 470px\" \/><\/p>\n<p style=\"text-align: justify;\">Segundo o documento, durante os depoimentos de testemunhas e r\u00e9us foram mencionados nomes de pessoas que teriam conhecimento dos fatos investigados pela a\u00e7\u00e3o penal. &#8220;A an\u00e1lise do conte\u00fado de referidos depoimentos demonstrou que se faz de suma import\u00e2ncia a oitiva das pessoas supramencionadas&#8221;, completa o MPF.<\/p>\n<p style=\"text-align: justify;\">Um dos nomes apontados pela for\u00e7a-tarefa \u00e9 o de Joilson Santos Goes, funcion\u00e1rio da OAS Empreendimentos. Ele foi citado durante o depoimento do ex-presidente da empresa, L\u00e9o Pinheiro, como respons\u00e1vel pela cria\u00e7\u00e3o do centro de custo &#8220;2\u00ba Zeca Pagodinho (Praia)&#8221; que, segundo Pinheiro, foi utilizado pela empreiteira para lan\u00e7ar as despesas relacionadas a Lula.<\/p>\n<p style=\"text-align: justify;\">As outras duas pessoas que o MPF deseja interrogar s\u00e3o a ex-funcion\u00e1ria da OAS, J\u00e9ssica Monteiro Malzone, e o ex-executivo do Grupo Odebrecht, Marcio Faria. Os procuradores pedem que Moro autorize a oitiva destas testemunhas antes da pr\u00f3xima etapa do processo, a fase de alega\u00e7\u00f5es finais, que antecede a fase de senten\u00e7a.<\/p>\n<p style=\"text-align: justify;\">Lula \u00e9 r\u00e9u na a\u00e7\u00e3o em que \u00e9 acusado de ter recebido R$ 3,7 milh\u00f5es em propina por conta de tr\u00eas contratos entre a OAS e a Petrobras. O MPF alega que os valores foram repassados a Lula por meio da reforma de um apartamento no Guaruj\u00e1 e do pagamento do armazenamento de bens de Lula, como presentes recebidos no per\u00edodo em que era presidente. O ex-presidente \u00e9 r\u00e9u por corrup\u00e7\u00e3o passiva e lavagem de dinheiro. A defesa nega as acusa\u00e7\u00f5es.<\/p>\n<p style=\"text-align: justify;\">\n<p style=\"text-align: justify;\">Fonte: Ag\u00eancia Brasil<\/p>\n","protected":false},"excerpt":{"rendered":"<p>A for\u00e7a-tarefa da Opera\u00e7\u00e3o Lava Jato no Minist\u00e9rio P\u00fablico Federal (MPF) pediu ao juiz federal S\u00e9rgio Moro para que sejam ouvidas mais tr\u00eas testemunhas de acusa\u00e7\u00e3o em um dos processos em que o ex-presidente Luiz In\u00e1cio Lula da Silva \u00e9 r\u00e9u. O pedido se refere ao caso do trilplex do Guaruj\u00e1 (SP). O requerimento foi [&hellip;]<\/p>\n","protected":false},"author":2,"featured_media":0,"comment_status":"closed","ping_status":"closed","sticky":false,"template":"","format":"standard","meta":{"footnotes":""},"categories":[6],"tags":[3114,3397,90],"class_list":{"0":"post-103115","1":"post","2":"type-post","3":"status-publish","4":"format-standard","6":"category-politica","7":"tag-investigacao","8":"tag-lavajato","9":"tag-lula"},"_links":{"self":[{"href":"https:\/\/senoticias.com.br\/se\/wp-json\/wp\/v2\/posts\/103115"}],"collection":[{"href":"https:\/\/senoticias.com.br\/se\/wp-json\/wp\/v2\/posts"}],"about":[{"href":"https:\/\/senoticias.com.br\/se\/wp-json\/wp\/v2\/types\/post"}],"author":[{"embeddable":true,"href":"https:\/\/senoticias.com.br\/se\/wp-json\/wp\/v2\/users\/2"}],"replies":[{"embeddable":true,"href":"https:\/\/senoticias.com.br\/se\/wp-json\/wp\/v2\/comments?post=103115"}],"version-history":[{"count":0,"href":"https:\/\/senoticias.com.br\/se\/wp-json\/wp\/v2\/posts\/103115\/revisions"}],"wp:attachment":[{"href":"https:\/\/senoticias.com.br\/se\/wp-json\/wp\/v2\/media?parent=103115"}],"wp:term":[{"taxonomy":"category","embeddable":true,"href":"https:\/\/senoticias.com.br\/se\/wp-json\/wp\/v2\/categories?post=103115"},{"taxonomy":"post_tag","embeddable":true,"href":"https:\/\/senoticias.com.br\/se\/wp-json\/wp\/v2\/tags?post=103115"}],"curies":[{"name":"wp","href":"https:\/\/api.w.org\/{rel}","templated":true}]}}