{"id":103110,"date":"2017-05-11T17:10:45","date_gmt":"2017-05-11T20:10:45","guid":{"rendered":"http:\/\/senoticias.com.br\/se\/?p=103110"},"modified":"2017-05-11T17:10:45","modified_gmt":"2017-05-11T20:10:45","slug":"a-pedido-do-mp-justica-determina-suspensao-de-contratos-temporarios-na-prefeitura-de-areia-branca","status":"publish","type":"post","link":"https:\/\/senoticias.com.br\/se\/a-pedido-do-mp-justica-determina-suspensao-de-contratos-temporarios-na-prefeitura-de-areia-branca\/","title":{"rendered":"A pedido do MP, Justi\u00e7a determina suspens\u00e3o de contratos tempor\u00e1rios na Prefeitura de Areia Branca"},"content":{"rendered":"<div style=\"text-align: justify;\">Atendendo aos pedidos constantes da A\u00e7\u00e3o Civil P\u00fablica de Obriga\u00e7\u00e3o de Fazer ajuizada pelo Minist\u00e9rio p\u00fablico de Sergipe, o Poder Judici\u00e1rio Sergipano determinou a suspens\u00e3o dos contratos tempor\u00e1rios firmados pelo Munic\u00edpio de Areia Branca, sob pena de pagamento de multa di\u00e1ria no valor de R$ 5 mil reais.<\/p>\n<div id=\"attachment_89514\" style=\"width: 410px\" class=\"wp-caption aligncenter\"><img loading=\"lazy\" decoding=\"async\" aria-describedby=\"caption-attachment-89514\" class=\"size-full wp-image-89514\" src=\"http:\/\/senoticias.com.br\/se\/wp-content\/uploads\/2016\/03\/1-grau.jpg\" alt=\"Justi\u00e7a determina suspens\u00e3o de contratos tempor\u00e1rios na Prefeitura de Areia Branca  \" width=\"400\" height=\"268\" srcset=\"https:\/\/senoticias.com.br\/se\/wp-content\/uploads\/2016\/03\/1-grau.jpg 400w, https:\/\/senoticias.com.br\/se\/wp-content\/uploads\/2016\/03\/1-grau-300x201.jpg 300w, https:\/\/senoticias.com.br\/se\/wp-content\/uploads\/2016\/03\/1-grau-342x229.jpg 342w\" sizes=\"(max-width: 400px) 100vw, 400px\" \/><p id=\"caption-attachment-89514\" class=\"wp-caption-text\">Justi\u00e7a determina suspens\u00e3o de contratos tempor\u00e1rios na Prefeitura de Areia Branca<\/p><\/div>\n<\/div>\n<p style=\"text-align: justify;\">Consta dos autos, que o Tribunal de Contas de Sergipe suspendeu o Processo Seletivo Simplificado n\u00ba 001\/2017 aberto pela Prefeitura de Areia Branca, em raz\u00e3o de flagrantes falhas no seu Edital, a fim de evitar comprometimento nos princ\u00edpios administrativos constitucionais.<\/p>\n<p style=\"text-align: justify;\">O referido Munic\u00edpio anulou o Edital do Concurso e firmou um Termo de Ajustamento de Conduta com a Promotoria de Justi\u00e7a de Areia Branca atrav\u00e9s do qual se comprometeu, dentre outros itens, a <span style=\"color: #000000;\">\u201c<\/span><span style=\"color: #000000;\">promover a contrata\u00e7\u00e3o tempor\u00e1ria emergencial de empregados p\u00fablicos do quadro do Munic\u00edpio distribu\u00eddos em toda a estrutura administrativa, nas \u00e1reas da sa\u00fade, educa\u00e7\u00e3o e assist\u00eancia social, pelo per\u00edodo m\u00e1ximo de 01 (um) ano, ou, antes desse prazo, com a contrata\u00e7\u00e3o mediante concurso p\u00fablico\u201d.<\/span><\/p>\n<p style=\"text-align: justify;\">Mesmo assim, logo a\u00f3s a celebra\u00e7\u00e3o do TAC, o Munic\u00edpio contratou, diretamente, sem adotar processo seletivo, 38 servidores para cargos de motorista, professor, assistente de administra\u00e7\u00e3o, nutricionista e servi\u00e7os gerais.<\/p>\n<p style=\"text-align: justify;\">De acordo com o Promotor de Justi\u00e7a, Walter C\u00e9sar Nunes Silva, a admiss\u00e3o de pessoal da maneira que foi feita pelo Munic\u00edpio de Areia Branca, desobedece a Lei Municipal n\u00ba 137\/2017 e a Lei Federal n\u00ba 8.745\/93, ou seja, as contrata\u00e7\u00f5es diretas n\u00e3o se justificam, haja vista n\u00e3o houve calamidade p\u00fablica, emerg\u00eancia ambiental ou na \u00e1rea de sa\u00fade, que justificassem a conduta da Prefeitura.<\/p>\n<p style=\"text-align: justify;\">Na sua decis\u00e3o, o Juiz de Direito Fernando Lu\u00eds Lopes Dantas pontuou: \u201c ressalto que por ser situa\u00e7\u00e3o na qual se vislumbra prov\u00e1vel ilegalidade, cab\u00edvel a interven\u00e7\u00e3o do Poder Judici\u00e1rio. Sempre que o administrador se utilizar de instrumentos ou mecanismos vedados pela Lei, o Judici\u00e1rio atuar\u00e1 para impedir que a ilegalidade seja cometida ou para estancar-lhe os efeitos\u201d.<\/p>\n<p style=\"text-align: justify;\"><img loading=\"lazy\" decoding=\"async\" class=\"aligncenter size-full wp-image-103092\" src=\"http:\/\/senoticias.com.br\/se\/wp-content\/uploads\/2017\/05\/Logo-fone-1-2-1-2-4-1.jpg\" alt=\"Logo-fone-1-2-1-2-4\" width=\"599\" height=\"78\" srcset=\"https:\/\/senoticias.com.br\/se\/wp-content\/uploads\/2017\/05\/Logo-fone-1-2-1-2-4-1.jpg 599w, https:\/\/senoticias.com.br\/se\/wp-content\/uploads\/2017\/05\/Logo-fone-1-2-1-2-4-1-300x39.jpg 300w\" sizes=\"(max-width: 599px) 100vw, 599px\" \/><\/p>\n<p style=\"text-align: justify;\"><em><strong>Acompanhe tamb\u00e9m o SE Not\u00edcias no<\/strong><strong>\u00a0<\/strong><strong><a href=\"https:\/\/twitter.com\/Senoticias\">Twitter<\/a>,<\/strong><strong>\u00a0<\/strong><strong><a href=\"https:\/\/www.facebook.com\/senoticias1\">Facebook\u00a0<\/a>e no<\/strong><strong>\u00a0<\/strong><strong><a href=\"https:\/\/www.instagram.com\/senoticias\/\">Instagram<\/a><\/strong><\/em><\/p>\n<p><b>Coordenadoria de Comunica\u00e7\u00e3o <\/b><br \/>\n<b>Minist\u00e9rio P\u00fablico de Sergipe<\/b><\/p>\n","protected":false},"excerpt":{"rendered":"<p>Atendendo aos pedidos constantes da A\u00e7\u00e3o Civil P\u00fablica de Obriga\u00e7\u00e3o de Fazer ajuizada pelo Minist\u00e9rio p\u00fablico de Sergipe, o Poder Judici\u00e1rio Sergipano determinou a suspens\u00e3o dos contratos tempor\u00e1rios firmados pelo Munic\u00edpio de Areia Branca, sob pena de pagamento de multa di\u00e1ria no valor de R$ 5 mil reais. Consta dos autos, que o Tribunal de [&hellip;]<\/p>\n","protected":false},"author":2,"featured_media":89514,"comment_status":"closed","ping_status":"closed","sticky":false,"template":"","format":"standard","meta":{"footnotes":""},"categories":[15],"tags":[2799,3546,3545],"class_list":{"0":"post-103110","1":"post","2":"type-post","3":"status-publish","4":"format-standard","5":"has-post-thumbnail","7":"category-destaques","8":"tag-justica","9":"tag-prefeitura-de-areia-branca","10":"tag-suspensao"},"_links":{"self":[{"href":"https:\/\/senoticias.com.br\/se\/wp-json\/wp\/v2\/posts\/103110"}],"collection":[{"href":"https:\/\/senoticias.com.br\/se\/wp-json\/wp\/v2\/posts"}],"about":[{"href":"https:\/\/senoticias.com.br\/se\/wp-json\/wp\/v2\/types\/post"}],"author":[{"embeddable":true,"href":"https:\/\/senoticias.com.br\/se\/wp-json\/wp\/v2\/users\/2"}],"replies":[{"embeddable":true,"href":"https:\/\/senoticias.com.br\/se\/wp-json\/wp\/v2\/comments?post=103110"}],"version-history":[{"count":0,"href":"https:\/\/senoticias.com.br\/se\/wp-json\/wp\/v2\/posts\/103110\/revisions"}],"wp:featuredmedia":[{"embeddable":true,"href":"https:\/\/senoticias.com.br\/se\/wp-json\/wp\/v2\/media\/89514"}],"wp:attachment":[{"href":"https:\/\/senoticias.com.br\/se\/wp-json\/wp\/v2\/media?parent=103110"}],"wp:term":[{"taxonomy":"category","embeddable":true,"href":"https:\/\/senoticias.com.br\/se\/wp-json\/wp\/v2\/categories?post=103110"},{"taxonomy":"post_tag","embeddable":true,"href":"https:\/\/senoticias.com.br\/se\/wp-json\/wp\/v2\/tags?post=103110"}],"curies":[{"name":"wp","href":"https:\/\/api.w.org\/{rel}","templated":true}]}}