{"id":103094,"date":"2017-05-11T11:09:35","date_gmt":"2017-05-11T14:09:35","guid":{"rendered":"http:\/\/senoticias.com.br\/se\/?p=103094"},"modified":"2017-05-11T11:12:26","modified_gmt":"2017-05-11T14:12:26","slug":"prefeitura-de-rosario-quita-debitos-da-gestao-passada-e-afirma-que-salarios-dos-servidores-estao-em-dia","status":"publish","type":"post","link":"https:\/\/senoticias.com.br\/se\/prefeitura-de-rosario-quita-debitos-da-gestao-passada-e-afirma-que-salarios-dos-servidores-estao-em-dia\/","title":{"rendered":"Prefeitura de Ros\u00e1rio quita d\u00e9bitos da gest\u00e3o passada e afirma que sal\u00e1rios dos servidores est\u00e3o em dia"},"content":{"rendered":"<p style=\"text-align: justify;\">A Prefeitura de Ros\u00e1rio do Catete, por meio da Secretaria Municipal de Comunica\u00e7\u00e3o Social, lamenta o discurso feito pelo vereador Wagner Quintela, na C\u00e2mara Municipal, criticando os 100 dias da gest\u00e3o municipal. Na avalia\u00e7\u00e3o do vereador, que at\u00e9 pouco tempo fazia parte da base do prefeito, mas preferiu se tornar \u201cindependente\u201d, a atual administra\u00e7\u00e3o encontra-se travada.<\/p>\n<div id=\"attachment_103095\" style=\"width: 609px\" class=\"wp-caption aligncenter\"><img loading=\"lazy\" decoding=\"async\" aria-describedby=\"caption-attachment-103095\" class=\"size-full wp-image-103095\" src=\"http:\/\/senoticias.com.br\/se\/wp-content\/uploads\/2017\/05\/Vino-Barreto-SE-NOTICIAS-e1494510828258.jpg\" alt=\"Prefeito Etelvino quita d\u00e9bitos salariais herdados da gest\u00e3o passada e afirma que sal\u00e1rios dos servidores est\u00e3o em dia. (Foto: ascom\/Ros\u00e1rio) \" width=\"599\" height=\"399\" \/><p id=\"caption-attachment-103095\" class=\"wp-caption-text\">Prefeito Etelvino quita d\u00e9bitos salariais herdados da gest\u00e3o passada e afirma que sal\u00e1rios dos servidores est\u00e3o em dia. (Foto: ascom\/Ros\u00e1rio)<\/p><\/div>\n<p style=\"text-align: justify;\">O papel do parlamentar \u00e9 legislar, fiscalizar e criticar construtivamente a gest\u00e3o, mas quando esta cr\u00edtica tem o objetivo apenas de desqualificar os gestores ela acaba perdendo sua credibilidade.<\/p>\n<p style=\"text-align: justify;\">\u00c9 certo que nos 100 primeiros dias de administra\u00e7\u00e3o n\u00e3o foi e n\u00e3o seria poss\u00edvel resolver todos os problemas deixados pela gest\u00e3o passada, mas n\u00e3o reconhecer as a\u00e7\u00f5es da nova administra\u00e7\u00e3o na solu\u00e7\u00e3o dos problemas \u00e9 no m\u00ednimo m\u00e1 vontade pol\u00edtica e torcer pelo quanto pior, melhor.<\/p>\n<p style=\"text-align: justify;\">Nesses primeiros meses de gest\u00e3o todas as \u00e1reas foram contempladas com importantes a\u00e7\u00f5es para o desenvolvimento do nosso munic\u00edpio. Na \u00e1rea social, por exemplo, o Bolsa PIS estar\u00e1 sendo reimplantado ap\u00f3s a conclus\u00e3o do trabalho de coleta de dados e informa\u00e7\u00f5es, que tem por finalidade identificar todas as fam\u00edlias de baixa renda existentes no munic\u00edpio.<\/p>\n<p style=\"text-align: justify;\">Na Educa\u00e7\u00e3o, todos os professores recebem o piso nacional, diferente da gest\u00e3o passada que n\u00e3o cumpria a lei do magist\u00e9rio e os acordos firmados com o sindicato da categoria, al\u00e9m do\u00a0crescimento das matriculas escolares, entre outras a\u00e7\u00f5es educacionais.<\/p>\n<p style=\"text-align: justify;\">Na Sa\u00fade, rem\u00e9dios foram comprados para atender a demanda, al\u00e9m da reabertura do Hospital Regional, que hoje conta com m\u00e9dicos e especialistas 24 horas. No Centro de Fisioterapia foi implantado o atendimento agendado, evitando perca de tempo e facilitando a vida dos pacientes. Um carro tamb\u00e9m foi disponibilizado para buscar o paciente em casa e conduzi-lo at\u00e9 a cl\u00ednica para o devido tratamento fisioterap\u00eautico. Uma medida aprovada e reconhecida pelos familiares e pacientes do Centro de Fisioterapia como uma revolu\u00e7\u00e3o no munic\u00edpio.<\/p>\n<p style=\"text-align: justify;\">Numa clara demonstra\u00e7\u00e3o de respeito ao servidor p\u00fablico o prefeito Etelvino Barreto (Vino Barreto) determinou que o pagamento do sal\u00e1rio dos servidores seja prioridade em sua gest\u00e3o. Com esfor\u00e7o e criatividade, al\u00e9m de pagar os sal\u00e1rios de dezembro e 13\u00ba sal\u00e1rio da gest\u00e3o passada, a atual administra\u00e7\u00e3o colocou o sal\u00e1rio do servidor em dia, pagando inclusive\u00a0dentro do m\u00eas trabalhado. Hoje todos os funcion\u00e1rios municipais, sem exce\u00e7\u00e3o, recebem dentro do prazo estabelecido pela legisla\u00e7\u00e3o em vigor.<\/p>\n<p style=\"text-align: justify;\">O vereador Wagner Quintela comete um grande equ\u00edvoco ao afirmar que a gest\u00e3o municipal estaria tirando, aleatoriamente, recursos de \u00e1reas necess\u00e1rias para colocar em outras menos importantes. Apesar das cr\u00edticas de setores da oposi\u00e7\u00e3o, o esfor\u00e7o da administra\u00e7\u00e3o em fazer a m\u00e1quina funcionar \u00e9 vis\u00edvel em todos os aspectos.<\/p>\n<p style=\"text-align: justify;\">Esquecendo as prefer\u00eancias pessoais ou pol\u00edticas, \u00e9 hora de pensar no coletivo, objetivando sempre o favorecimento dos rosarenses que tanto j\u00e1 sofreu com o descaso e falta de compromisso.<\/p>\n<p style=\"text-align: justify;\"><img loading=\"lazy\" decoding=\"async\" class=\"aligncenter size-full wp-image-103092\" src=\"http:\/\/senoticias.com.br\/se\/wp-content\/uploads\/2017\/05\/Logo-fone-1-2-1-2-4-1.jpg\" alt=\"Logo-fone-1-2-1-2-4\" width=\"599\" height=\"78\" srcset=\"https:\/\/senoticias.com.br\/se\/wp-content\/uploads\/2017\/05\/Logo-fone-1-2-1-2-4-1.jpg 599w, https:\/\/senoticias.com.br\/se\/wp-content\/uploads\/2017\/05\/Logo-fone-1-2-1-2-4-1-300x39.jpg 300w\" sizes=\"(max-width: 599px) 100vw, 599px\" \/><\/p>\n<p style=\"text-align: justify;\"><em><strong>Acompanhe tamb\u00e9m o SE Not\u00edcias no<\/strong><strong>\u00a0<\/strong><strong><a href=\"https:\/\/twitter.com\/Senoticias\">Twitter<\/a>,<\/strong><strong>\u00a0<\/strong><strong><a href=\"https:\/\/www.facebook.com\/senoticias1\">Facebook\u00a0<\/a>e no<\/strong><strong>\u00a0<\/strong><strong><a href=\"https:\/\/www.instagram.com\/senoticias\/\">Instagram<\/a><\/strong><\/em><\/p>\n<p style=\"text-align: justify;\"><em>Secretaria de Comunica\u00e7\u00e3o Social\u00a0\/Ros\u00e1rio do Catete<\/em><\/p>\n","protected":false},"excerpt":{"rendered":"<p>A Prefeitura de Ros\u00e1rio do Catete, por meio da Secretaria Municipal de Comunica\u00e7\u00e3o Social, lamenta o discurso feito pelo vereador Wagner Quintela, na C\u00e2mara Municipal, criticando os 100 dias da gest\u00e3o municipal. Na avalia\u00e7\u00e3o do vereador, que at\u00e9 pouco tempo fazia parte da base do prefeito, mas preferiu se tornar \u201cindependente\u201d, a atual administra\u00e7\u00e3o encontra-se [&hellip;]<\/p>\n","protected":false},"author":2,"featured_media":103095,"comment_status":"closed","ping_status":"closed","sticky":false,"template":"","format":"standard","meta":{"footnotes":""},"categories":[15,38],"tags":[1778,3330,125,3539,1779],"class_list":{"0":"post-103094","1":"post","2":"type-post","3":"status-publish","4":"format-standard","5":"has-post-thumbnail","7":"category-destaques","8":"category-municipios","9":"tag-etelvino-barreto","10":"tag-oposicao","11":"tag-rosario-do-catete","12":"tag-salario","13":"tag-vino-barreto"},"_links":{"self":[{"href":"https:\/\/senoticias.com.br\/se\/wp-json\/wp\/v2\/posts\/103094"}],"collection":[{"href":"https:\/\/senoticias.com.br\/se\/wp-json\/wp\/v2\/posts"}],"about":[{"href":"https:\/\/senoticias.com.br\/se\/wp-json\/wp\/v2\/types\/post"}],"author":[{"embeddable":true,"href":"https:\/\/senoticias.com.br\/se\/wp-json\/wp\/v2\/users\/2"}],"replies":[{"embeddable":true,"href":"https:\/\/senoticias.com.br\/se\/wp-json\/wp\/v2\/comments?post=103094"}],"version-history":[{"count":0,"href":"https:\/\/senoticias.com.br\/se\/wp-json\/wp\/v2\/posts\/103094\/revisions"}],"wp:featuredmedia":[{"embeddable":true,"href":"https:\/\/senoticias.com.br\/se\/wp-json\/wp\/v2\/media\/103095"}],"wp:attachment":[{"href":"https:\/\/senoticias.com.br\/se\/wp-json\/wp\/v2\/media?parent=103094"}],"wp:term":[{"taxonomy":"category","embeddable":true,"href":"https:\/\/senoticias.com.br\/se\/wp-json\/wp\/v2\/categories?post=103094"},{"taxonomy":"post_tag","embeddable":true,"href":"https:\/\/senoticias.com.br\/se\/wp-json\/wp\/v2\/tags?post=103094"}],"curies":[{"name":"wp","href":"https:\/\/api.w.org\/{rel}","templated":true}]}}