{"id":103072,"date":"2017-05-10T19:18:26","date_gmt":"2017-05-10T22:18:26","guid":{"rendered":"http:\/\/senoticias.com.br\/se\/?p=103072"},"modified":"2017-05-10T21:00:27","modified_gmt":"2017-05-11T00:00:27","slug":"103072-2","status":"publish","type":"post","link":"https:\/\/senoticias.com.br\/se\/103072-2\/","title":{"rendered":"Governo do Estado entregar\u00e1 1.963 casas nos munic\u00edpios de Est\u00e2ncia e Tobias Barreto"},"content":{"rendered":"<div class=\"row\">\n<div class=\"col-lg-12 col-md-12 col-sm-12 col-xs-12\">\n<p class=\"italic\" style=\"text-align: justify;\">O sonho da casa pr\u00f3pria se tornar\u00e1 realidade para cerca de 10 mil pessoas dos munic\u00edpios de Est\u00e2ncia e Tobias Barreto, respectivamente, com a entrega dos residenciais Recanto Verde I e II e Agripino I e II, no s\u00e1bado, 13. Com investimentos que somam R$136.964.315,09, sendo R$20.667.499,25 de contrapartida estadual para obras de infraestrutura, os conjuntos habitacionais \u2013 que s\u00e3o fruto de uma parceria entre o Minist\u00e9rio das Cidades, Caixa Econ\u00f4mica Federal e Governo do Estado de Sergipe \u2013 ser\u00e3o inaugurados pelo governador Jackson Barreto e pelo\u00a0presidente da Caixa Econ\u00f4mica Federal, Gilberto Occhi.<\/p>\n<div id=\"attachment_103075\" style=\"width: 609px\" class=\"wp-caption aligncenter\"><img loading=\"lazy\" decoding=\"async\" aria-describedby=\"caption-attachment-103075\" class=\"size-full wp-image-103075\" src=\"http:\/\/senoticias.com.br\/se\/wp-content\/uploads\/2017\/05\/b954a73421c0b367e91636499e7b03ff-e1494460674110.jpg\" alt=\"3% das casas s\u00e3o destinados a pessoas com defici\u00eancia. (Foto: Victor Ribeiro\/ASN)\" width=\"599\" height=\"399\" \/><p id=\"caption-attachment-103075\" class=\"wp-caption-text\">3% das casas s\u00e3o destinados a pessoas com defici\u00eancia. (Foto: Victor Ribeiro\/ASN)<\/p><\/div>\n<p style=\"text-align: justify;\">As casas integram a Faixa I do Programa Minha Casa, Minha Vida (renda familiar de at\u00e9 R$ 1,8 mil) e t\u00eam sala, dois quartos, cozinha, banheiro e \u00e1rea de servi\u00e7o, al\u00e9m de infraestrutura completa. 3% das casas s\u00e3o destinados a pessoas com\u00a0defici\u00eancia. \u00a0Os mutu\u00e1rios pagar\u00e3o presta\u00e7\u00f5es mensais com valores entre R$ 80,00 e R$ 270,00.<\/p>\n<\/div>\n<\/div>\n<div class=\"row\">\n<div class=\"col-lg-9 col-md-9 col-sm-9 col-xs-12\">\n<div class=\"row\">\n<div class=\"col-lg-12 col-md-12 col-sm-12 col-xs-12\">\n<div class=\"content\">\n<p style=\"text-align: justify;\"><strong>Tobias Barreto<\/strong><\/p>\n<p style=\"text-align: justify;\">\u201cEstou esperando uma nova vida, uma melhor qualidade de vida. Pagava aluguel e de hoje em diante vai ser s\u00f3 felicidade. O\u00a0sonho de todo ser humano \u00e9 ter uma casa pr\u00f3pria e eu sempre imaginei que nunca conseguiria ter uma porque n\u00e3o tenho condi\u00e7\u00f5es financeiras. Eu s\u00f3 tenho a agradecer, primeiramente \u00e0 Deus e depois ao Governo do Estado por essa minha conquista\u201d, comenta o benefici\u00e1rio Cristiano Ara\u00fajo de Souza, que receber\u00e1 uma das casas adaptadas para pessoas com defici\u00eancia.<\/p>\n<p style=\"text-align: justify;\">M\u00e3e de sete filhos, a dona de casa Maria Alves dos Santos, diz que agora com a realiza\u00e7\u00e3o da casa pr\u00f3pria, o dinheiro antes gasto em aluguel ser\u00e1 revertido para atender as necessidades mais urgentes da fam\u00edlia. \u201cPara quem tem sete filhos, pagar R$200 de aluguel era muito pesado. Eu tirava da boca dos meus filhos para poder pagar e agora com esse dinheiro vou poder comprar coisas b\u00e1sicas para eles. Vai fazer uma diferen\u00e7a grande no final do m\u00eas.\u201d, aponta.<\/p>\n<p style=\"text-align: justify;\">\u201cEstou contando os dias para me mudar. \u00c9 uma b\u00ean\u00e7\u00e3o ter uma casa pr\u00f3pria, pedi muito a Deus para realizar o meu sonho. J\u00e1 fui visitar l\u00e1 e a casa \u00e9 linda por dentro e por fora. Agora \u00e9 s\u00f3 alegria\u201d, explica a tamb\u00e9m dona de casa Sara dos Santos Coelho.<\/p>\n<p style=\"text-align: justify;\">O engenheiro respons\u00e1vel pelas 610 casas dos conjuntos Agripino I e II, Jos\u00e9 Carlos Silva Junior, explica que os grandes diferenciais do conjunto s\u00e3o a infraestrutura e sustentabilidade. \u201cOs dois conjuntos s\u00e3o compostos por rede de abastecimento de \u00e1gua, drenagem e\u00a0esgotamento sanit\u00e1rio. S\u00e3o todos pavimentados, com ilumina\u00e7\u00e3o p\u00fablica, disp\u00f5em de \u00e1rea comum e as casas s\u00e3o com\u00a0forro, cer\u00e2mica no banheiro e na cozinha. Al\u00e9m disso, todas as casas t\u00eam aquecedor solar, que serve para aquecer a \u00e1gua dos chuveiros\u201d, detalha.<\/p>\n<p style=\"text-align: justify;\"><strong>Est\u00e2ncia<\/strong><\/p>\n<p style=\"text-align: justify;\">Nos conjuntos Recanto Verde I e II, o investimento total para a constru\u00e7\u00e3o das 953 casas com execu\u00e7\u00e3o de infraestrutura foi de cerca de R$ 69.251.675,48, sendo que R$ 11.849.050,17, corresponderam \u00e0 contrapartida estadual, relativa \u00e0 drenagem, implanta\u00e7\u00e3o de rede de abastecimento de \u00e1gua e rede esgoto e pavimenta\u00e7\u00e3o. A constru\u00e7\u00e3o das casas foi realizada pela Construtora Celi.<\/p>\n<p style=\"text-align: justify;\">\u201cSem o esfor\u00e7o do Governo do Estado, obras como essa n\u00e3o seriam poss\u00edveis. E, diante desse esfor\u00e7o, o nosso papel \u00e9 sempre procurar oferecer \u00e0 popula\u00e7\u00e3o habita\u00e7\u00f5es que sejam sin\u00f4nimas de seguran\u00e7a, solidez e qualidade\u201d, afirmou o propriet\u00e1rio da Celi, Luciano Barreto.<\/p>\n<p style=\"text-align: justify;\">A expectativa \u00e9 que o empreendimento deva atender cerca de 5 mil pessoas carentes, oferecendo uma estrutura completa. O residencial est\u00e1 dividido em dois m\u00f3dulos, um com 495 unidades habitacionais e o outro com 458. Cada m\u00f3dulo conta com uma quadra de esportes, um espa\u00e7o coberto com \u00e1rea de 262,65 m\u00b2, destinado a atividades da comunidade, e um parque infantil.<\/p>\n<p style=\"text-align: justify;\">\u201cEsse \u00e9 um conjunto com 953 habita\u00e7\u00f5es populares e que est\u00e1 dentro da faixa 1 do MCMV, no qual at\u00e9 90% do valor do im\u00f3vel pode ser custeado pelo Programa, o que acarreta em presta\u00e7\u00f5es muito baixas para os beneficiados. Com isso, \u00e9 poss\u00edvel prestar um important\u00edssimo servi\u00e7o \u00e0 parcela mais carente da sociedade, que n\u00e3o teria condi\u00e7\u00f5es de adquirir um im\u00f3vel pr\u00f3prio\u201d, completa Luciano.<\/p>\n<\/div>\n<\/div>\n<p style=\"text-align: justify;\"><img loading=\"lazy\" decoding=\"async\" class=\"aligncenter size-full wp-image-102798\" src=\"http:\/\/senoticias.com.br\/se\/wp-content\/uploads\/2017\/05\/Logo-fone-1-2-1-2-4.jpg\" alt=\"SENOTICIAS\" width=\"599\" height=\"78\" srcset=\"https:\/\/senoticias.com.br\/se\/wp-content\/uploads\/2017\/05\/Logo-fone-1-2-1-2-4.jpg 599w, https:\/\/senoticias.com.br\/se\/wp-content\/uploads\/2017\/05\/Logo-fone-1-2-1-2-4-300x39.jpg 300w\" sizes=\"(max-width: 599px) 100vw, 599px\" \/><\/p>\n<p style=\"text-align: justify;\"><strong>Acompanhe tamb\u00e9m o SE Not\u00edcias no<\/strong><span class=\"apple-converted-space\"><b>\u00a0<\/b><\/span><a href=\"https:\/\/twitter.com\/Senoticias\" target=\"_blank\"><b>Twitter<\/b><\/a><strong>,<\/strong><span class=\"apple-converted-space\"><b>\u00a0<\/b><\/span><a href=\"https:\/\/www.facebook.com\/senoticias1\" target=\"_blank\"><b>Facebook<\/b><span class=\"apple-converted-space\"><b>\u00a0<\/b><\/span><\/a><strong>e no<\/strong><span class=\"apple-converted-space\"><b>\u00a0<\/b><\/span><a href=\"https:\/\/www.instagram.com\/senoticias\/\" target=\"_blank\"><b>Instagram<\/b><\/a><\/p>\n<p style=\"text-align: justify;\"><em>Informa\u00e7\u00f5es da Ag\u00eancia Sergipe de Not\u00edcias<\/em><\/p>\n<\/div>\n<\/div>\n<\/div>\n","protected":false},"excerpt":{"rendered":"<p>O sonho da casa pr\u00f3pria se tornar\u00e1 realidade para cerca de 10 mil pessoas dos munic\u00edpios de Est\u00e2ncia e Tobias Barreto, respectivamente, com a entrega dos residenciais Recanto Verde I e II e Agripino I e II, no s\u00e1bado, 13. Com investimentos que somam R$136.964.315,09, sendo R$20.667.499,25 de contrapartida estadual para obras de infraestrutura, os [&hellip;]<\/p>\n","protected":false},"author":2,"featured_media":103075,"comment_status":"closed","ping_status":"closed","sticky":false,"template":"","format":"standard","meta":{"footnotes":""},"categories":[6],"tags":[3523,3528,972,2002],"class_list":{"0":"post-103072","1":"post","2":"type-post","3":"status-publish","4":"format-standard","5":"has-post-thumbnail","7":"category-politica","8":"tag-casas","9":"tag-casas-populares","10":"tag-estancia","11":"tag-governo"},"_links":{"self":[{"href":"https:\/\/senoticias.com.br\/se\/wp-json\/wp\/v2\/posts\/103072"}],"collection":[{"href":"https:\/\/senoticias.com.br\/se\/wp-json\/wp\/v2\/posts"}],"about":[{"href":"https:\/\/senoticias.com.br\/se\/wp-json\/wp\/v2\/types\/post"}],"author":[{"embeddable":true,"href":"https:\/\/senoticias.com.br\/se\/wp-json\/wp\/v2\/users\/2"}],"replies":[{"embeddable":true,"href":"https:\/\/senoticias.com.br\/se\/wp-json\/wp\/v2\/comments?post=103072"}],"version-history":[{"count":0,"href":"https:\/\/senoticias.com.br\/se\/wp-json\/wp\/v2\/posts\/103072\/revisions"}],"wp:featuredmedia":[{"embeddable":true,"href":"https:\/\/senoticias.com.br\/se\/wp-json\/wp\/v2\/media\/103075"}],"wp:attachment":[{"href":"https:\/\/senoticias.com.br\/se\/wp-json\/wp\/v2\/media?parent=103072"}],"wp:term":[{"taxonomy":"category","embeddable":true,"href":"https:\/\/senoticias.com.br\/se\/wp-json\/wp\/v2\/categories?post=103072"},{"taxonomy":"post_tag","embeddable":true,"href":"https:\/\/senoticias.com.br\/se\/wp-json\/wp\/v2\/tags?post=103072"}],"curies":[{"name":"wp","href":"https:\/\/api.w.org\/{rel}","templated":true}]}}