{"id":103069,"date":"2017-05-10T18:20:46","date_gmt":"2017-05-10T21:20:46","guid":{"rendered":"http:\/\/senoticias.com.br\/se\/?p=103069"},"modified":"2017-05-11T15:50:11","modified_gmt":"2017-05-11T18:50:11","slug":"103069-2","status":"publish","type":"post","link":"https:\/\/senoticias.com.br\/se\/103069-2\/","title":{"rendered":"Opera\u00e7\u00e3o \u2018Dia das M\u00e3es\u2019: PM refor\u00e7a policiamento nas \u00e1reas comerciais do Centro, Siqueira Campos e Treze de Julho"},"content":{"rendered":"<div class=\"row\">\n<div class=\"col-lg-12 col-md-12 col-sm-12 col-xs-12\">\n<p class=\"italic\" style=\"text-align: justify;\">Refor\u00e7ar o policiamento preventivo nas \u00e1reas comerciais do Centro de Aracaju, bairros Siqueira Campos e Treze de Julho. Esse \u00e9 o objetivo da denominada opera\u00e7\u00e3o &#8216;Dia das M\u00e3es&#8217;. A a\u00e7\u00e3o, coordenada pelo Comando do Policiamento Militar da Capital (CPMC), ser\u00e1 desencadeada na sexta-feira, 12, e no s\u00e1bado, 13. O efetivo disponibilizado ser\u00e1 composto de policiais que atuam em setores administrativos da PM, al\u00e9m de alunos do curso de Soldado.<\/p>\n<div id=\"attachment_103077\" style=\"width: 609px\" class=\"wp-caption aligncenter\"><img loading=\"lazy\" decoding=\"async\" aria-describedby=\"caption-attachment-103077\" class=\"size-full wp-image-103077\" src=\"http:\/\/senoticias.com.br\/se\/wp-content\/uploads\/2017\/05\/Policia-Militar-SENOTICIAS-e1494461954193.jpg\" alt=\"Policiamento refor\u00e7ado no com\u00e9rcio para o Dia das M\u00e3es. (Foto: arquivo\/PM\/SE)\" width=\"599\" height=\"337\" \/><p id=\"caption-attachment-103077\" class=\"wp-caption-text\">Policiamento refor\u00e7ado no com\u00e9rcio para o Dia das M\u00e3es. (Foto: arquivo\/PM\/SE)<\/p><\/div>\n<\/div>\n<\/div>\n<div class=\"row\">\n<div class=\"col-lg-9 col-md-9 col-sm-9 col-xs-12\">\n<div class=\"row\">\n<div class=\"col-lg-12 col-md-12 col-sm-12 col-xs-12\">\n<div class=\"content\">\n<p style=\"text-align: justify;\">No Centro de Aracaju, 14 duplas de policiais refor\u00e7ar\u00e3o o trabalho ostensivo distribu\u00eddos em bases m\u00f3veis nos cal\u00e7ad\u00f5es e principais fluxos de consumidores na regi\u00e3o. A opera\u00e7\u00e3o se estender\u00e1 at\u00e9 duas horas a mais do hor\u00e1rio que o com\u00e9rcio funciona, como forma de garantir a seguran\u00e7a de lojistas, comerciantes e p\u00fablico que pretende ir ao local para realizar compras por conta do Dia das M\u00e3es.<\/p>\n<p style=\"text-align: justify;\">&#8220;O que ocorrer\u00e1 \u00e9 um refor\u00e7o no policiamento na segunda data mais importante para o com\u00e9rcio na capital. \u00a0H\u00e1 um aumento n\u00e3o somente no o n\u00famero de pessoas que far\u00e3o compras, como, consequentemente, no n\u00famero de pequenos furtos e roubos ocorridos nas \u00e1reas comerciais realizados contra transeuntes mais distra\u00eddos. Por isso, foram aumentados o n\u00famero de duplas, bem como o n\u00famero de bases-m\u00f3veis posicionadas estrategicamente nos cal\u00e7ad\u00f5es, mercado e \u00e1rea dos bancos&#8221;, explica o Tenente-Coronel Vivaldi Cabral.<\/p>\n<p style=\"text-align: justify;\">O tenente-coronel destaca ainda que haver\u00e1 extens\u00e3o no hor\u00e1rio de servi\u00e7o para al\u00e9m de duas horas do hor\u00e1rio do fechamento dos centros comerciais. &#8220;Essa medida ser\u00e1 tomada para que\u00a0seja registrada novamente em 2017 uma redu\u00e7\u00e3o no n\u00famero de roubos e arrombamentos nas \u00e1reas de maior movimenta\u00e7\u00e3o financeira&#8221;.<\/p>\n<p style=\"text-align: justify;\">No Centro de Aracaju, 14 duplas de policiais refor\u00e7ar\u00e3o o trabalho ostensivo distribu\u00eddos em bases m\u00f3veis nos cal\u00e7ad\u00f5es e principais \u00e1reas de fluxo\u00a0de pessoas<\/p>\n<p style=\"text-align: justify;\">No bairro Siqueira Campos, oito duplas v\u00e3o refor\u00e7ar os trabalhos tamb\u00e9m em bases m\u00f3veis, ocupando pontos comerciais estrat\u00e9gicos na regi\u00e3o. No caso do bairro Treze de Julho, o refor\u00e7o ser\u00e1 conduzido por viaturas distribu\u00eddas na localidade.<\/p>\n<p style=\"text-align: justify;\"><img loading=\"lazy\" decoding=\"async\" class=\"aligncenter size-full wp-image-102798\" src=\"http:\/\/senoticias.com.br\/se\/wp-content\/uploads\/2017\/05\/Logo-fone-1-2-1-2-4.jpg\" alt=\"SENOTICIAS\" width=\"599\" height=\"78\" srcset=\"https:\/\/senoticias.com.br\/se\/wp-content\/uploads\/2017\/05\/Logo-fone-1-2-1-2-4.jpg 599w, https:\/\/senoticias.com.br\/se\/wp-content\/uploads\/2017\/05\/Logo-fone-1-2-1-2-4-300x39.jpg 300w\" sizes=\"(max-width: 599px) 100vw, 599px\" \/><\/p>\n<p style=\"text-align: justify;\"><em><strong>Acompanhe tamb\u00e9m o SE Not\u00edcias no<\/strong><strong>\u00a0<\/strong><strong><a href=\"https:\/\/twitter.com\/Senoticias\">Twitter<\/a>,<\/strong><strong>\u00a0<\/strong><strong><a href=\"https:\/\/www.facebook.com\/senoticias1\">Facebook\u00a0<\/a>e no<\/strong><strong>\u00a0<\/strong><strong><a href=\"https:\/\/www.instagram.com\/senoticias\/\">Instagram<\/a><\/strong><\/em><\/p>\n<p style=\"text-align: justify;\"><em>Ascom SSP\/SE<\/em><\/p>\n<\/div>\n<\/div>\n<\/div>\n<\/div>\n<\/div>\n","protected":false},"excerpt":{"rendered":"<p>Refor\u00e7ar o policiamento preventivo nas \u00e1reas comerciais do Centro de Aracaju, bairros Siqueira Campos e Treze de Julho. Esse \u00e9 o objetivo da denominada opera\u00e7\u00e3o &#8216;Dia das M\u00e3es&#8217;. A a\u00e7\u00e3o, coordenada pelo Comando do Policiamento Militar da Capital (CPMC), ser\u00e1 desencadeada na sexta-feira, 12, e no s\u00e1bado, 13. O efetivo disponibilizado ser\u00e1 composto de policiais [&hellip;]<\/p>\n","protected":false},"author":2,"featured_media":103077,"comment_status":"closed","ping_status":"closed","sticky":false,"template":"","format":"standard","meta":{"footnotes":""},"categories":[15,7],"tags":[339,3529,1303,3522],"class_list":{"0":"post-103069","1":"post","2":"type-post","3":"status-publish","4":"format-standard","5":"has-post-thumbnail","7":"category-destaques","8":"category-policia","9":"tag-aracaju","10":"tag-dia-das-maes","11":"tag-policia","12":"tag-reforco"},"_links":{"self":[{"href":"https:\/\/senoticias.com.br\/se\/wp-json\/wp\/v2\/posts\/103069"}],"collection":[{"href":"https:\/\/senoticias.com.br\/se\/wp-json\/wp\/v2\/posts"}],"about":[{"href":"https:\/\/senoticias.com.br\/se\/wp-json\/wp\/v2\/types\/post"}],"author":[{"embeddable":true,"href":"https:\/\/senoticias.com.br\/se\/wp-json\/wp\/v2\/users\/2"}],"replies":[{"embeddable":true,"href":"https:\/\/senoticias.com.br\/se\/wp-json\/wp\/v2\/comments?post=103069"}],"version-history":[{"count":0,"href":"https:\/\/senoticias.com.br\/se\/wp-json\/wp\/v2\/posts\/103069\/revisions"}],"wp:featuredmedia":[{"embeddable":true,"href":"https:\/\/senoticias.com.br\/se\/wp-json\/wp\/v2\/media\/103077"}],"wp:attachment":[{"href":"https:\/\/senoticias.com.br\/se\/wp-json\/wp\/v2\/media?parent=103069"}],"wp:term":[{"taxonomy":"category","embeddable":true,"href":"https:\/\/senoticias.com.br\/se\/wp-json\/wp\/v2\/categories?post=103069"},{"taxonomy":"post_tag","embeddable":true,"href":"https:\/\/senoticias.com.br\/se\/wp-json\/wp\/v2\/tags?post=103069"}],"curies":[{"name":"wp","href":"https:\/\/api.w.org\/{rel}","templated":true}]}}