{"id":103057,"date":"2017-05-10T11:49:36","date_gmt":"2017-05-10T14:49:36","guid":{"rendered":"http:\/\/senoticias.com.br\/se\/?p=103057"},"modified":"2017-05-11T06:51:26","modified_gmt":"2017-05-11T09:51:26","slug":"tarifa-do-gas-em-sergipe-e-a-segunda-mais-cara-do-brasil","status":"publish","type":"post","link":"https:\/\/senoticias.com.br\/se\/tarifa-do-gas-em-sergipe-e-a-segunda-mais-cara-do-brasil\/","title":{"rendered":"Tarifa do G\u00e1s em Sergipe \u00e9 a segunda mais cara do Brasil"},"content":{"rendered":"<p style=\"text-align: justify;\">O g\u00e1s natural \u00e9 um insumo essencial para a atividade industrial e a garantia de seu fornecimento com qualidade, seguran\u00e7a e pre\u00e7os adequados, \u00e9 fundamental para o desenvolvimento da economia e para o crescimento da produ\u00e7\u00e3o industrial.<\/p>\n<div id=\"attachment_103058\" style=\"width: 609px\" class=\"wp-caption aligncenter\"><img loading=\"lazy\" decoding=\"async\" aria-describedby=\"caption-attachment-103058\" class=\"size-full wp-image-103058\" src=\"http:\/\/senoticias.com.br\/se\/wp-content\/uploads\/2017\/05\/GAS-NATURAL-SENOTICIAS-e1494427428487.jpg\" alt=\"Tarifa do G\u00e1s em Sergipe \u00e9 a segunda mais cara do Brasil (Foto: arquivo\/Pol\u00edtica em Foco)\" width=\"599\" height=\"449\" \/><p id=\"caption-attachment-103058\" class=\"wp-caption-text\">Tarifa do G\u00e1s em Sergipe \u00e9 a segunda mais cara do Brasil (Foto: arquivo\/Pol\u00edtica em Foco)<\/p><\/div>\n<p style=\"text-align: justify;\">No entanto, o avan\u00e7o no pre\u00e7o do g\u00e1s natural tem provocado uma queda gradual na competitividade da ind\u00fastria brasileira e sergipana. Aqui no nosso estado, a tarifa industrial, considerando um consumo de 10.000 m\u00b3\/dia, \u00e9 a segunda mais cara do Brasil, ficando atr\u00e1s somente do Paran\u00e1.<\/p>\n<p style=\"text-align: justify;\">O Levantamento foi realizado com 14 distribuidoras que fornecem g\u00e1s canalizado de forma comercial em 13 dos 27 estados da federa\u00e7\u00e3o \u2013 Alagoas, Bahia, Cear\u00e1, Minas Gerais, Mato Grosso do Sul, Para\u00edba, Pernambuco, Paran\u00e1, Rio Grande do Norte, Rio Grande do Sul, Santa Catarina, Sergipe e S\u00e3o Paulo.<\/p>\n<p style=\"text-align: justify;\">Se considerarmos consumos menores do que o analisado as tarifas s\u00e3o mais elevadas e acentuam ainda mais as diferen\u00e7as entre estados, afetando principalmente as empresas pequenas.<\/p>\n<p style=\"text-align: justify;\">Todavia, o que chama mais aten\u00e7\u00e3o \u00e9 a disparidade tamb\u00e9m dentro da Regi\u00e3o Nordeste, sendo que Sergipe tem a tarifa para consumo mais elevada que os principais centros econ\u00f4micos \u2013 Bahia, Cear\u00e1 e Pernambuco, al\u00e9m de estar \u00e0 frente de Alagoas, Rio Grande do Norte e Para\u00edba, estados que possuem uma estrutura econ\u00f4mica mais semelhante a nossa realidade. Nos \u00faltimos oito anos, a produ\u00e7\u00e3o de g\u00e1s natural sergipana figurou entre a segunda e terceira maior do Nordeste.<\/p>\n<p><strong>Plano da Petrobras para vender G\u00e1s<\/strong><\/p>\n<p style=\"text-align: justify;\">A petrol\u00edfera brasileira apresentou proposta ao Governo para vender diretamente o g\u00e1s natural para os consumidores, sem a necessidade de vender esse insumo para as distribuidoras que, por sua vez, revendem \u00e0queles que t\u00eam interesse na utiliza\u00e7\u00e3o da energia, como as resid\u00eancias, com\u00e9rcio, ind\u00fastria, postos de combust\u00edveis para consumo veicular, dentre outros.<\/p>\n<p style=\"text-align: justify;\">A entrada da empresa no mercado pode ser fundamental para a cria\u00e7\u00e3o de um ambiente mais competitivo.<\/p>\n<p style=\"text-align: justify;\"><img loading=\"lazy\" decoding=\"async\" class=\"aligncenter size-full wp-image-102798\" src=\"http:\/\/senoticias.com.br\/se\/wp-content\/uploads\/2017\/05\/Logo-fone-1-2-1-2-4.jpg\" alt=\"SENOTICIAS\" width=\"599\" height=\"78\" srcset=\"https:\/\/senoticias.com.br\/se\/wp-content\/uploads\/2017\/05\/Logo-fone-1-2-1-2-4.jpg 599w, https:\/\/senoticias.com.br\/se\/wp-content\/uploads\/2017\/05\/Logo-fone-1-2-1-2-4-300x39.jpg 300w\" sizes=\"(max-width: 599px) 100vw, 599px\" \/><\/p>\n<p style=\"text-align: justify;\"><strong>Acompanhe tamb\u00e9m o SE Not\u00edcias no<\/strong><span class=\"apple-converted-space\"><b>\u00a0<\/b><\/span><a href=\"https:\/\/twitter.com\/Senoticias\" target=\"_blank\"><b>Twitter<\/b><\/a><strong>,<\/strong><span class=\"apple-converted-space\"><b>\u00a0<\/b><\/span><a href=\"https:\/\/www.facebook.com\/senoticias1\" target=\"_blank\"><b>Facebook<\/b><span class=\"apple-converted-space\"><b>\u00a0<\/b><\/span><\/a><strong>e no<\/strong><span class=\"apple-converted-space\"><b>\u00a0<\/b><\/span><a href=\"https:\/\/www.instagram.com\/senoticias\/\" target=\"_blank\"><b>Instagram<\/b><\/a><strong>.<\/strong><\/p>\n<p>&nbsp;<\/p>\n<p><em><strong>por Kamilla Ribeiro da\u00a0<\/strong>Coordenadora da UNICOM-FIES \/ Federa\u00e7\u00e3o das Ind\u00fastrias do Estado de Sergipe \u2013 FIES<\/em><\/p>\n","protected":false},"excerpt":{"rendered":"<p>O g\u00e1s natural \u00e9 um insumo essencial para a atividade industrial e a garantia de seu fornecimento com qualidade, seguran\u00e7a e pre\u00e7os adequados, \u00e9 fundamental para o desenvolvimento da economia e para o crescimento da produ\u00e7\u00e3o industrial. No entanto, o avan\u00e7o no pre\u00e7o do g\u00e1s natural tem provocado uma queda gradual na competitividade da ind\u00fastria [&hellip;]<\/p>\n","protected":false},"author":2,"featured_media":103058,"comment_status":"closed","ping_status":"closed","sticky":false,"template":"","format":"standard","meta":{"footnotes":""},"categories":[15,6],"tags":[3513,3515,223,3514],"class_list":{"0":"post-103057","1":"post","2":"type-post","3":"status-publish","4":"format-standard","5":"has-post-thumbnail","7":"category-destaques","8":"category-politica","9":"tag-gas","10":"tag-gas-natural","11":"tag-sergipe","12":"tag-tarifa-do-gas"},"_links":{"self":[{"href":"https:\/\/senoticias.com.br\/se\/wp-json\/wp\/v2\/posts\/103057"}],"collection":[{"href":"https:\/\/senoticias.com.br\/se\/wp-json\/wp\/v2\/posts"}],"about":[{"href":"https:\/\/senoticias.com.br\/se\/wp-json\/wp\/v2\/types\/post"}],"author":[{"embeddable":true,"href":"https:\/\/senoticias.com.br\/se\/wp-json\/wp\/v2\/users\/2"}],"replies":[{"embeddable":true,"href":"https:\/\/senoticias.com.br\/se\/wp-json\/wp\/v2\/comments?post=103057"}],"version-history":[{"count":0,"href":"https:\/\/senoticias.com.br\/se\/wp-json\/wp\/v2\/posts\/103057\/revisions"}],"wp:featuredmedia":[{"embeddable":true,"href":"https:\/\/senoticias.com.br\/se\/wp-json\/wp\/v2\/media\/103058"}],"wp:attachment":[{"href":"https:\/\/senoticias.com.br\/se\/wp-json\/wp\/v2\/media?parent=103057"}],"wp:term":[{"taxonomy":"category","embeddable":true,"href":"https:\/\/senoticias.com.br\/se\/wp-json\/wp\/v2\/categories?post=103057"},{"taxonomy":"post_tag","embeddable":true,"href":"https:\/\/senoticias.com.br\/se\/wp-json\/wp\/v2\/tags?post=103057"}],"curies":[{"name":"wp","href":"https:\/\/api.w.org\/{rel}","templated":true}]}}