{"id":103047,"date":"2017-05-10T09:26:40","date_gmt":"2017-05-10T12:26:40","guid":{"rendered":"http:\/\/senoticias.com.br\/se\/?p=103047"},"modified":"2017-05-10T09:26:40","modified_gmt":"2017-05-10T12:26:40","slug":"justica-federal-suspende-atividades-do-instituto-lula","status":"publish","type":"post","link":"https:\/\/senoticias.com.br\/se\/justica-federal-suspende-atividades-do-instituto-lula\/","title":{"rendered":"Justi\u00e7a Federal suspende atividades do Instituto Lula"},"content":{"rendered":"<p style=\"text-align: justify;\">O juiz Ricardo Augusto Soares Leite, substituto da 10\u00aa Vara Federal de Bras\u00edlia, decidiu suspender as atividades do Instituto Lula, a pedido do Minist\u00e9rio P\u00fablico Federal (MPF).<\/p>\n<p style=\"text-align: justify;\">A decis\u00e3o foi tomada no processo em que o ex-presidente Luiz In\u00e1cio Lula da Silva \u00e9 r\u00e9u, junto com mais seis pessoas, acusado de tentar obstruir as investiga\u00e7\u00f5es da Opera\u00e7\u00e3o Lava Jato. Segundo a den\u00fancia, o ex-presidente agiu para comprar o sil\u00eancio do ex-diretor da Petrobras Nestor Cerver\u00f3. O processo teve origem na dela\u00e7\u00e3o premiada do ex-senador Delc\u00eddio do Amaral.<\/p>\n<div id=\"attachment_103048\" style=\"width: 609px\" class=\"wp-caption aligncenter\"><img loading=\"lazy\" decoding=\"async\" aria-describedby=\"caption-attachment-103048\" class=\"size-full wp-image-103048\" src=\"http:\/\/senoticias.com.br\/se\/wp-content\/uploads\/2017\/05\/63927215_PA-Sao-PauloSP17-02-2016Instituto-LulaDeputados-e-ad-10-e1494419149716.jpg\" alt=\"Instituto Lula. Imagem: O Globo\" width=\"599\" height=\"360\" \/><p id=\"caption-attachment-103048\" class=\"wp-caption-text\">Instituto Lula. Imagem: O Globo<\/p><\/div>\n<p style=\"text-align: justify;\">Soares Leite entendeu que o Instituto Lula, apesar de desenvolver projetos de intuito social, pode ter sido usado como instrumento ou local de encontro para o cometimento de crimes diverso, entre os quais, il\u00edcitos fiscais.<\/p>\n<p style=\"text-align: justify;\">O magistrado destacou que o pr\u00f3prio Lula disse, em seu depoimento na a\u00e7\u00e3o, disse que o local era usado como ponto de discuss\u00e3o de diversos assuntos. O ex-presidente referiu-se ao instituto como \u201cPosto Ipiranga\u201d, em alus\u00e3o a uma campanha publicit\u00e1ria sobre uma rede de postos em que se pode saber dos mais diversos assuntos.<\/p>\n<p style=\"text-align: justify;\">\u201cComo o pr\u00f3prio acusado mencionou que no local se discutia v\u00e1rios assuntos, e h\u00e1 v\u00e1rios depoimentos que imputam pelo menos a instiga\u00e7\u00e3o de desvios de comportamentos que violam a lei penal, a prud\u00eancia e a cautela recomendam a paralisa\u00e7\u00e3o de suas atividades\u201d, escreveu Soares Leite. O juiz n\u00e3o determinou prazo para a suspens\u00e3o das atividades.<\/p>\n<p style=\"text-align: justify;\">Lula prestou depoimento nesta a\u00e7\u00e3o penal em meados de mar\u00e7o. Na ocasi\u00e3o, ele negou todas as acusa\u00e7\u00f5es e disse ser \u201cv\u00edtima de um massacre\u201d. Procurada, a defesa de Lula ainda n\u00e3o retornou os pedidos de coment\u00e1rio.<\/p>\n<p style=\"text-align: justify;\"><strong>Instituto nega il\u00edcitos<\/strong><\/p>\n<p style=\"text-align: justify;\">&#8220;O Instituto Lula n\u00e3o foi local de nenhum il\u00edcito, e o ex-presidente sempre agiu dentro da lei, n\u00e3o tendo nenhuma condena\u00e7\u00e3o criminal. O Instituto promoveu debates, eventos e reflex\u00f5es de pol\u00edticas p\u00fablicas, seguindo uma tradi\u00e7\u00e3o de mais de 25 anos iniciada pelo Instituto de Pesquisas e Estudos do Trabalhador (IPET), depois Instituto Cidadania e finalmente Instituto Lula. O Instituto n\u00e3o foi notificado oficialmente da decis\u00e3o do juiz e seus advogados averiguar\u00e3o as medidas cab\u00edveis assim que tiverem o teor da decis\u00e3o&#8221;, disse a institui\u00e7\u00e3o por meio de nota.<\/p>\n<p style=\"text-align: justify;\">\n<p style=\"text-align: justify;\"><img loading=\"lazy\" decoding=\"async\" class=\"aligncenter size-full wp-image-102798\" src=\"http:\/\/senoticias.com.br\/se\/wp-content\/uploads\/2017\/05\/Logo-fone-1-2-1-2-4.jpg\" alt=\"SENOTICIAS\" width=\"599\" height=\"78\" srcset=\"https:\/\/senoticias.com.br\/se\/wp-content\/uploads\/2017\/05\/Logo-fone-1-2-1-2-4.jpg 599w, https:\/\/senoticias.com.br\/se\/wp-content\/uploads\/2017\/05\/Logo-fone-1-2-1-2-4-300x39.jpg 300w\" sizes=\"(max-width: 599px) 100vw, 599px\" \/><\/p>\n<p><em><strong>Acompanhe tamb\u00e9m o SE Not\u00edcias no<\/strong><strong>\u00a0<\/strong><strong><a href=\"https:\/\/twitter.com\/Senoticias\">Twitter<\/a>,<\/strong><strong>\u00a0<\/strong><strong><a href=\"https:\/\/www.facebook.com\/senoticias1\">Facebook\u00a0<\/a>e no<\/strong><strong>\u00a0<\/strong><strong><a href=\"https:\/\/www.instagram.com\/senoticias\/\">Instagram<\/a><\/strong><\/em><\/p>\n<p>Fonte: Ag\u00eancia Brasil<\/p>\n","protected":false},"excerpt":{"rendered":"<p>O juiz Ricardo Augusto Soares Leite, substituto da 10\u00aa Vara Federal de Bras\u00edlia, decidiu suspender as atividades do Instituto Lula, a pedido do Minist\u00e9rio P\u00fablico Federal (MPF). A decis\u00e3o foi tomada no processo em que o ex-presidente Luiz In\u00e1cio Lula da Silva \u00e9 r\u00e9u, junto com mais seis pessoas, acusado de tentar obstruir as investiga\u00e7\u00f5es [&hellip;]<\/p>\n","protected":false},"author":2,"featured_media":0,"comment_status":"closed","ping_status":"closed","sticky":false,"template":"","format":"standard","meta":{"footnotes":""},"categories":[6],"tags":[],"class_list":{"0":"post-103047","1":"post","2":"type-post","3":"status-publish","4":"format-standard","6":"category-politica"},"_links":{"self":[{"href":"https:\/\/senoticias.com.br\/se\/wp-json\/wp\/v2\/posts\/103047"}],"collection":[{"href":"https:\/\/senoticias.com.br\/se\/wp-json\/wp\/v2\/posts"}],"about":[{"href":"https:\/\/senoticias.com.br\/se\/wp-json\/wp\/v2\/types\/post"}],"author":[{"embeddable":true,"href":"https:\/\/senoticias.com.br\/se\/wp-json\/wp\/v2\/users\/2"}],"replies":[{"embeddable":true,"href":"https:\/\/senoticias.com.br\/se\/wp-json\/wp\/v2\/comments?post=103047"}],"version-history":[{"count":0,"href":"https:\/\/senoticias.com.br\/se\/wp-json\/wp\/v2\/posts\/103047\/revisions"}],"wp:attachment":[{"href":"https:\/\/senoticias.com.br\/se\/wp-json\/wp\/v2\/media?parent=103047"}],"wp:term":[{"taxonomy":"category","embeddable":true,"href":"https:\/\/senoticias.com.br\/se\/wp-json\/wp\/v2\/categories?post=103047"},{"taxonomy":"post_tag","embeddable":true,"href":"https:\/\/senoticias.com.br\/se\/wp-json\/wp\/v2\/tags?post=103047"}],"curies":[{"name":"wp","href":"https:\/\/api.w.org\/{rel}","templated":true}]}}