{"id":103046,"date":"2017-05-10T09:30:31","date_gmt":"2017-05-10T12:30:31","guid":{"rendered":"http:\/\/senoticias.com.br\/se\/?p=103046"},"modified":"2017-05-10T09:35:21","modified_gmt":"2017-05-10T12:35:21","slug":"em-ultima-tentativa-de-adiar-depoimento-defesa-de-lula-recorre-ao-stj","status":"publish","type":"post","link":"https:\/\/senoticias.com.br\/se\/em-ultima-tentativa-de-adiar-depoimento-defesa-de-lula-recorre-ao-stj\/","title":{"rendered":"Em \u00faltima tentativa de adiar depoimento, defesa de Lula recorre ao STJ"},"content":{"rendered":"<p style=\"text-align: justify;\">A defesa do ex-presidente Luiz In\u00e1cio Lula da Silva decidiu recorrer ao Superior Tribunal de Justi\u00e7a (STJ) na tarde de hoje (9) para tentar adiar o depoimento de Lula ao juiz federal S\u00e9rgio Moro, marcado para amanh\u00e3 (10).<\/p>\n<p style=\"text-align: justify;\">Na manh\u00e3 desta ter\u00e7a-feira, o Tribunal Regional Federal da 4\u00aa Regi\u00e3o (TRF4) negou um <em>habeas corpus<\/em> pedido pela defesa do ex-presidente para que a audi\u00eancia fosse adiada. Os advogados de Lula tinham solicitado mais tempo para analisar provas que foram anexadas recentemente ao processo.<\/p>\n<div id=\"attachment_102762\" style=\"width: 609px\" class=\"wp-caption aligncenter\"><img loading=\"lazy\" decoding=\"async\" aria-describedby=\"caption-attachment-102762\" class=\"size-full wp-image-102762\" src=\"http:\/\/senoticias.com.br\/se\/wp-content\/uploads\/2017\/04\/Lula-SENOTICIAS-e1493567275868.jpg\" alt=\"Lula teria entre 29% e 31% das inten\u00e7\u00f5es de voto, dependendo dos cen\u00e1rios testados. Lula aparece em quatro simula\u00e7\u00f5es, de um total de 6, e lidera em todas (foto: arquivo\/Ueslei Marcelino \/ REUTERS) \" width=\"599\" height=\"337\" \/><p id=\"caption-attachment-102762\" class=\"wp-caption-text\">Lula teria entre 29% e 31% das inten\u00e7\u00f5es de voto, dependendo dos cen\u00e1rios testados. Lula aparece em quatro simula\u00e7\u00f5es, de um total de 6, e lidera em todas (foto: arquivo\/Ueslei Marcelino \/ REUTERS)<\/p><\/div>\n<p style=\"text-align: justify;\">Foram protocolados tr\u00eas novos <em>habeas corpus<\/em>no STJ, no in\u00edcio da noite desta ter\u00e7a-feira, um dos quais pede para que todo o processo seja suspenso, sendo declarada a suspei\u00e7\u00e3o de Moro para julgar o caso.<\/p>\n<p style=\"text-align: justify;\">Os outros dois pedidos ao STJ repetem solicita\u00e7\u00f5es que j\u00e1 foram negadas por Moro e pelo TRF4. Uma delas \u00e9 para que seja concedido novo prazo para a aprecia\u00e7\u00e3o das provas ligadas \u00e0 Petrobras, anexadas recentemente aos autos. A outra \u00e9 para que seja permitida uma grava\u00e7\u00e3o independente em v\u00eddeo da audi\u00eancia pela defesa.<\/p>\n<p style=\"text-align: justify;\">O depoimento de Lula marcado para amanh\u00e3 \u00e9 referente ao processo em que ele \u00e9 r\u00e9u na Lava Jato sob a acusa\u00e7\u00e3o de receber vantagens indevidas da empreiteira OAS, quando era presidente da Rep\u00fablica.<\/p>\n<p style=\"text-align: justify;\">Segundo a den\u00fancia, ele seria o benefici\u00e1rio de um apartamento no Guaruj\u00e1 e da reforma de um s\u00edtio em Atibaia, ambos no estado de S\u00e3o Paulo.<\/p>\n<p style=\"text-align: justify;\">\n<p style=\"text-align: justify;\"><img loading=\"lazy\" decoding=\"async\" class=\"aligncenter size-full wp-image-102798\" src=\"http:\/\/senoticias.com.br\/se\/wp-content\/uploads\/2017\/05\/Logo-fone-1-2-1-2-4.jpg\" alt=\"SENOTICIAS\" width=\"599\" height=\"78\" srcset=\"https:\/\/senoticias.com.br\/se\/wp-content\/uploads\/2017\/05\/Logo-fone-1-2-1-2-4.jpg 599w, https:\/\/senoticias.com.br\/se\/wp-content\/uploads\/2017\/05\/Logo-fone-1-2-1-2-4-300x39.jpg 300w\" sizes=\"(max-width: 599px) 100vw, 599px\" \/><\/p>\n<p><em><strong>Acompanhe tamb\u00e9m o SE Not\u00edcias no<\/strong><strong>\u00a0<\/strong><strong><a href=\"https:\/\/twitter.com\/Senoticias\">Twitter<\/a>,<\/strong><strong>\u00a0<\/strong><strong><a href=\"https:\/\/www.facebook.com\/senoticias1\">Facebook\u00a0<\/a>e no<\/strong><strong>\u00a0<\/strong><strong><a href=\"https:\/\/www.instagram.com\/senoticias\/\">Instagram<\/a><\/strong><\/em><\/p>\n<p>Fonte: Ag\u00eancia Brasil<\/p>\n","protected":false},"excerpt":{"rendered":"<p>A defesa do ex-presidente Luiz In\u00e1cio Lula da Silva decidiu recorrer ao Superior Tribunal de Justi\u00e7a (STJ) na tarde de hoje (9) para tentar adiar o depoimento de Lula ao juiz federal S\u00e9rgio Moro, marcado para amanh\u00e3 (10). Na manh\u00e3 desta ter\u00e7a-feira, o Tribunal Regional Federal da 4\u00aa Regi\u00e3o (TRF4) negou um habeas corpus pedido [&hellip;]<\/p>\n","protected":false},"author":2,"featured_media":0,"comment_status":"closed","ping_status":"closed","sticky":false,"template":"","format":"standard","meta":{"footnotes":""},"categories":[6],"tags":[3507,3506,90,391,3505],"class_list":{"0":"post-103046","1":"post","2":"type-post","3":"status-publish","4":"format-standard","6":"category-politica","7":"tag-curitiba","8":"tag-depoimento","9":"tag-lula","10":"tag-moro","11":"tag-stj"},"_links":{"self":[{"href":"https:\/\/senoticias.com.br\/se\/wp-json\/wp\/v2\/posts\/103046"}],"collection":[{"href":"https:\/\/senoticias.com.br\/se\/wp-json\/wp\/v2\/posts"}],"about":[{"href":"https:\/\/senoticias.com.br\/se\/wp-json\/wp\/v2\/types\/post"}],"author":[{"embeddable":true,"href":"https:\/\/senoticias.com.br\/se\/wp-json\/wp\/v2\/users\/2"}],"replies":[{"embeddable":true,"href":"https:\/\/senoticias.com.br\/se\/wp-json\/wp\/v2\/comments?post=103046"}],"version-history":[{"count":0,"href":"https:\/\/senoticias.com.br\/se\/wp-json\/wp\/v2\/posts\/103046\/revisions"}],"wp:attachment":[{"href":"https:\/\/senoticias.com.br\/se\/wp-json\/wp\/v2\/media?parent=103046"}],"wp:term":[{"taxonomy":"category","embeddable":true,"href":"https:\/\/senoticias.com.br\/se\/wp-json\/wp\/v2\/categories?post=103046"},{"taxonomy":"post_tag","embeddable":true,"href":"https:\/\/senoticias.com.br\/se\/wp-json\/wp\/v2\/tags?post=103046"}],"curies":[{"name":"wp","href":"https:\/\/api.w.org\/{rel}","templated":true}]}}