{"id":103030,"date":"2017-05-09T16:40:49","date_gmt":"2017-05-09T19:40:49","guid":{"rendered":"http:\/\/senoticias.com.br\/se\/?p=103030"},"modified":"2017-05-09T16:48:13","modified_gmt":"2017-05-09T19:48:13","slug":"103030-2","status":"publish","type":"post","link":"https:\/\/senoticias.com.br\/se\/103030-2\/","title":{"rendered":"F\u00e1bio Meireles diz que obras da Avenida Euclides Figueiredo s\u00e3o apenas paliativos"},"content":{"rendered":"<div style=\"text-align: justify;\">O vereador F\u00e1bio Meireles (PPS), criticou as obras de implanta\u00e7\u00e3o de rede de drenagem que est\u00e3o sendo realizadas pelo governo do Estado, na Avenida Euclides Figueiredo, zona norte de Aracaju. Em seu pronunciamento, na C\u00e2mara Municipal de Aracaju (CMA) nesta ter\u00e7a-feira, 9, o vereador demonstrou preocupa\u00e7\u00e3o com os efeitos da interven\u00e7\u00e3o que, na \u00f3tica de F\u00e1bio, \u00e9 apenas mais um paliativo.<\/div>\n<div style=\"text-align: justify;\"><\/div>\n<div style=\"text-align: justify;\">\n<div id=\"attachment_103031\" style=\"width: 609px\" class=\"wp-caption aligncenter\"><img loading=\"lazy\" decoding=\"async\" aria-describedby=\"caption-attachment-103031\" class=\"size-full wp-image-103031\" src=\"http:\/\/senoticias.com.br\/se\/wp-content\/uploads\/2017\/05\/IMG_20170509_163342-e1494358693335.jpg\" alt=\"Vereador utiliza a tribuna para tratar do problema. Foto: Gilson Mendes\" width=\"599\" height=\"399\" \/><p id=\"caption-attachment-103031\" class=\"wp-caption-text\">Vereador utiliza a tribuna para tratar do problema. Foto: Gilson Mendes<\/p><\/div>\n<\/div>\n<div style=\"text-align: justify;\"><\/div>\n<div style=\"text-align: justify;\">A obra inclui a instala\u00e7\u00e3o de galerias celulares em tr\u00eas tamanhos e, segundo F\u00e1bio Meireles, a troca da tubula\u00e7\u00e3o, no entanto, n\u00e3o ser\u00e1 suficiente para resolver a demanda da popula\u00e7\u00e3o. \u201cQuase todos os anos \u00e9 preciso fazer essa interven\u00e7\u00e3o para tentar resolver a problem\u00e1tica, mas o governo sabe que a solu\u00e7\u00e3o n\u00e3o \u00e9 trocar tubula\u00e7\u00e3o. No come\u00e7o de 2016, estive com o governador Jackson Barreto e relatei as dificuldades, apontei a solu\u00e7\u00e3o que foi recomendada pelos t\u00e9cnicos da Empresa Municipal de Servi\u00e7os Urbanos (Emsurb), mas nem o governador Jackson Barreto conseguiu convencer o ent\u00e3o presidente da Administra\u00e7\u00e3o Estadual do Meio Ambiente\u00a0(Adema), Jos\u00e9 Almeida lima (atual secret\u00e1rio da Sa\u00fade), a liberar o canal que margeia o loteamento Jardim Bahia\u201d, explicou o vereador.<\/div>\n<div style=\"text-align: justify;\"><\/div>\n<div style=\"text-align: justify;\"><\/div>\n<div style=\"text-align: justify;\">Meireles, acrescentou que a medida equivocada do governo evidencia a falta de compromisso com os recursos do contribuinte. \u201cEst\u00e3o investindo de forma errada, colocando manilhas, mas o correto seria ouvir a popula\u00e7\u00e3o, os t\u00e9cnicos da Emsurb e liberar a drenagem e pavimenta\u00e7\u00e3o do canal que margeia o Jardim Bahia. O certo \u00e9 fazer a obra definitiva que a popula\u00e7\u00e3o necessita e n\u00e3o ficar fazendo medidas paliativas que n\u00e3o resolvem em definitivo o problema\u201d, concluiu.<\/div>\n<div style=\"text-align: justify;\"><\/div>\n<div><\/div>\n<div><img loading=\"lazy\" decoding=\"async\" class=\"aligncenter size-full wp-image-102798\" src=\"http:\/\/senoticias.com.br\/se\/wp-content\/uploads\/2017\/05\/Logo-fone-1-2-1-2-4.jpg\" alt=\"SENOTICIAS\" width=\"599\" height=\"78\" srcset=\"https:\/\/senoticias.com.br\/se\/wp-content\/uploads\/2017\/05\/Logo-fone-1-2-1-2-4.jpg 599w, https:\/\/senoticias.com.br\/se\/wp-content\/uploads\/2017\/05\/Logo-fone-1-2-1-2-4-300x39.jpg 300w\" sizes=\"(max-width: 599px) 100vw, 599px\" \/><\/div>\n<div><\/div>\n<div><\/div>\n<div>Por Assessoria da C\u00e2mara de Vereadores<\/div>\n","protected":false},"excerpt":{"rendered":"<p>O vereador F\u00e1bio Meireles (PPS), criticou as obras de implanta\u00e7\u00e3o de rede de drenagem que est\u00e3o sendo realizadas pelo governo do Estado, na Avenida Euclides Figueiredo, zona norte de Aracaju. Em seu pronunciamento, na C\u00e2mara Municipal de Aracaju (CMA) nesta ter\u00e7a-feira, 9, o vereador demonstrou preocupa\u00e7\u00e3o com os efeitos da interven\u00e7\u00e3o que, na \u00f3tica de [&hellip;]<\/p>\n","protected":false},"author":2,"featured_media":0,"comment_status":"closed","ping_status":"closed","sticky":false,"template":"","format":"standard","meta":{"footnotes":""},"categories":[38],"tags":[339,3493,3492,3494,2884],"class_list":{"0":"post-103030","1":"post","2":"type-post","3":"status-publish","4":"format-standard","6":"category-municipios","7":"tag-aracaju","8":"tag-avenida","9":"tag-euclidesfigueiredo","10":"tag-obraa","11":"tag-prefeitura"},"_links":{"self":[{"href":"https:\/\/senoticias.com.br\/se\/wp-json\/wp\/v2\/posts\/103030"}],"collection":[{"href":"https:\/\/senoticias.com.br\/se\/wp-json\/wp\/v2\/posts"}],"about":[{"href":"https:\/\/senoticias.com.br\/se\/wp-json\/wp\/v2\/types\/post"}],"author":[{"embeddable":true,"href":"https:\/\/senoticias.com.br\/se\/wp-json\/wp\/v2\/users\/2"}],"replies":[{"embeddable":true,"href":"https:\/\/senoticias.com.br\/se\/wp-json\/wp\/v2\/comments?post=103030"}],"version-history":[{"count":0,"href":"https:\/\/senoticias.com.br\/se\/wp-json\/wp\/v2\/posts\/103030\/revisions"}],"wp:attachment":[{"href":"https:\/\/senoticias.com.br\/se\/wp-json\/wp\/v2\/media?parent=103030"}],"wp:term":[{"taxonomy":"category","embeddable":true,"href":"https:\/\/senoticias.com.br\/se\/wp-json\/wp\/v2\/categories?post=103030"},{"taxonomy":"post_tag","embeddable":true,"href":"https:\/\/senoticias.com.br\/se\/wp-json\/wp\/v2\/tags?post=103030"}],"curies":[{"name":"wp","href":"https:\/\/api.w.org\/{rel}","templated":true}]}}