{"id":103006,"date":"2017-05-09T08:29:47","date_gmt":"2017-05-09T11:29:47","guid":{"rendered":"http:\/\/senoticias.com.br\/se\/?p=103006"},"modified":"2017-05-09T08:29:47","modified_gmt":"2017-05-09T11:29:47","slug":"guarda-municipal-de-socorro-apreende-armas-brancas-em-feira-livre-do-conjunto-joao-alves","status":"publish","type":"post","link":"https:\/\/senoticias.com.br\/se\/guarda-municipal-de-socorro-apreende-armas-brancas-em-feira-livre-do-conjunto-joao-alves\/","title":{"rendered":"Guarda Municipal de Socorro apreende armas brancas em feira livre do Conjunto Jo\u00e3o Alves"},"content":{"rendered":"<div id=\"attachment_103007\" style=\"width: 260px\" class=\"wp-caption aligncenter\"><img loading=\"lazy\" decoding=\"async\" aria-describedby=\"caption-attachment-103007\" class=\"size-full wp-image-103007\" src=\"http:\/\/senoticias.com.br\/se\/wp-content\/uploads\/2017\/05\/thumb-2.jpg\" alt=\"Facas apreendidas na Feira do domingo. Fonte: GMS\" width=\"250\" height=\"250\" srcset=\"https:\/\/senoticias.com.br\/se\/wp-content\/uploads\/2017\/05\/thumb-2.jpg 250w, https:\/\/senoticias.com.br\/se\/wp-content\/uploads\/2017\/05\/thumb-2-150x150.jpg 150w\" sizes=\"(max-width: 250px) 100vw, 250px\" \/><p id=\"caption-attachment-103007\" class=\"wp-caption-text\">Facas apreendidas na Feira do domingo. Fonte: GMS<\/p><\/div>\n<p style=\"text-align: justify;\">Na manh\u00e3 do \u00faltimo domingo, 07, a Guarda Municipal de Socorro (GMS), atrav\u00e9s do grupamento de Ronda Operacional (ROPE), apreendeu cinco armas brancas (facas) em posse de carregadores de feira e flanelinhas.<\/p>\n<p style=\"text-align: justify;\">Os guardas da GMS ainda n\u00e3o sabem qual a finalidade desses cidad\u00e3os em estarem portando facas, contudo os GMs recolheram as mesmas para que nenhum incidente viesse acontecer.<\/p>\n<p style=\"text-align: justify;\">Um dos indiv\u00edduos foi preso, pois na sa\u00edda da guarni\u00e7\u00e3o, jogou uma pedra na viatura, resultando na quebra de um dos vidros. \u201cEle n\u00e3o aceitava o recolhimento da sua faca pelos GMs. O rapaz foi conduzido para a 3\u00b0 DEPLAN, onde foi entregue \u00e0s autoridades competentes para aplica\u00e7\u00e3o das medidas cab\u00edveis\u201d, destaca o assessor de comunica\u00e7\u00e3o da Guarda, GM Jhonny.<\/p>\n<p style=\"text-align: justify;\">O trabalho preventivo de seguran\u00e7a vem sendo realizado em todas as feiras livres do munic\u00edpio, com o objetivo de garantir a seguran\u00e7a e tranquilidade de feirantes e consumidores.<\/p>\n<p style=\"text-align: justify;\"><img loading=\"lazy\" decoding=\"async\" class=\"aligncenter size-full wp-image-102798\" src=\"http:\/\/senoticias.com.br\/se\/wp-content\/uploads\/2017\/05\/Logo-fone-1-2-1-2-4.jpg\" alt=\"SENOTICIAS\" width=\"599\" height=\"78\" srcset=\"https:\/\/senoticias.com.br\/se\/wp-content\/uploads\/2017\/05\/Logo-fone-1-2-1-2-4.jpg 599w, https:\/\/senoticias.com.br\/se\/wp-content\/uploads\/2017\/05\/Logo-fone-1-2-1-2-4-300x39.jpg 300w\" sizes=\"(max-width: 599px) 100vw, 599px\" \/><\/p>\n<p style=\"text-align: justify;\"><strong>Acompanhe tamb\u00e9m o SE Not\u00edcias no<\/strong><span class=\"apple-converted-space\"><b>\u00a0<\/b><\/span><a href=\"https:\/\/twitter.com\/Senoticias\" target=\"_blank\"><b>Twitter<\/b><\/a><strong>,<\/strong><span class=\"apple-converted-space\"><b>\u00a0<\/b><\/span><a href=\"https:\/\/www.facebook.com\/senoticias1\" target=\"_blank\"><b>Facebook<\/b><span class=\"apple-converted-space\"><b>\u00a0<\/b><\/span><\/a><strong>e no<\/strong><span class=\"apple-converted-space\"><b>\u00a0<\/b><\/span><a href=\"https:\/\/www.instagram.com\/senoticias\/\" target=\"_blank\"><b>Instagram<\/b><\/a><\/p>\n<p style=\"text-align: justify;\">\nFonte:\u00a0ANSocorro<\/p>\n","protected":false},"excerpt":{"rendered":"<p>Na manh\u00e3 do \u00faltimo domingo, 07, a Guarda Municipal de Socorro (GMS), atrav\u00e9s do grupamento de Ronda Operacional (ROPE), apreendeu cinco armas brancas (facas) em posse de carregadores de feira e flanelinhas. Os guardas da GMS ainda n\u00e3o sabem qual a finalidade desses cidad\u00e3os em estarem portando facas, contudo os GMs recolheram as mesmas para [&hellip;]<\/p>\n","protected":false},"author":2,"featured_media":0,"comment_status":"closed","ping_status":"closed","sticky":false,"template":"","format":"standard","meta":{"footnotes":""},"categories":[7],"tags":[2953,3483,3481,3482,2746],"class_list":{"0":"post-103006","1":"post","2":"type-post","3":"status-publish","4":"format-standard","6":"category-policia","7":"tag-apreensao","8":"tag-feira","9":"tag-gms","10":"tag-guarda","11":"tag-socorro"},"_links":{"self":[{"href":"https:\/\/senoticias.com.br\/se\/wp-json\/wp\/v2\/posts\/103006"}],"collection":[{"href":"https:\/\/senoticias.com.br\/se\/wp-json\/wp\/v2\/posts"}],"about":[{"href":"https:\/\/senoticias.com.br\/se\/wp-json\/wp\/v2\/types\/post"}],"author":[{"embeddable":true,"href":"https:\/\/senoticias.com.br\/se\/wp-json\/wp\/v2\/users\/2"}],"replies":[{"embeddable":true,"href":"https:\/\/senoticias.com.br\/se\/wp-json\/wp\/v2\/comments?post=103006"}],"version-history":[{"count":0,"href":"https:\/\/senoticias.com.br\/se\/wp-json\/wp\/v2\/posts\/103006\/revisions"}],"wp:attachment":[{"href":"https:\/\/senoticias.com.br\/se\/wp-json\/wp\/v2\/media?parent=103006"}],"wp:term":[{"taxonomy":"category","embeddable":true,"href":"https:\/\/senoticias.com.br\/se\/wp-json\/wp\/v2\/categories?post=103006"},{"taxonomy":"post_tag","embeddable":true,"href":"https:\/\/senoticias.com.br\/se\/wp-json\/wp\/v2\/tags?post=103006"}],"curies":[{"name":"wp","href":"https:\/\/api.w.org\/{rel}","templated":true}]}}