{"id":103005,"date":"2017-05-09T08:20:51","date_gmt":"2017-05-09T11:20:51","guid":{"rendered":"http:\/\/senoticias.com.br\/se\/?p=103005"},"modified":"2017-05-09T12:26:24","modified_gmt":"2017-05-09T15:26:24","slug":"defesa-de-lula-pede-que-depoimento-a-sergio-moro-seja-adiado","status":"publish","type":"post","link":"https:\/\/senoticias.com.br\/se\/defesa-de-lula-pede-que-depoimento-a-sergio-moro-seja-adiado\/","title":{"rendered":"Defesa de Lula pede que depoimento a S\u00e9rgio Moro seja adiado"},"content":{"rendered":"<p style=\"text-align: justify;\">A defesa do ex-presidente Luiz In\u00e1cio Lula da Silva protocolou hoje (8) um <em>habeas corpus<\/em> no Tribunal Regional Federal da 4\u00aa Regi\u00e3o para pedir a suspens\u00e3o do processo em que ele \u00e9 acusado de receber vantagens indevidas da construtora OAS. A defesa alega que n\u00e3o teve tempo h\u00e1bil de analisar documentos que foram juntados ao processo entre os dias 28 de abril e 2 de maio por meio digital.<\/p>\n<p style=\"text-align: justify;\">\u201c\u00c9 materialmente imposs\u00edvel analisar toda essa documenta\u00e7\u00e3o at\u00e9 o dia 10, quando haver\u00e1 o interrogat\u00f3rio do ex-presidente e ser\u00e1 aberto o prazo para requerimento de novas provas\u201d, aponta nota do escrit\u00f3rio de advocacia.<\/p>\n<div id=\"attachment_102512\" style=\"width: 510px\" class=\"wp-caption aligncenter\"><img loading=\"lazy\" decoding=\"async\" aria-describedby=\"caption-attachment-102512\" class=\"size-full wp-image-102512\" src=\"http:\/\/senoticias.com.br\/se\/wp-content\/uploads\/2017\/04\/1491578531193-e1492717209819.jpg\" alt=\"Lula em S\u00e3o Bernardo do Campo 28\/08\/2013    \/ Foto: JF Diorio\/Estad\u00e3o \" width=\"500\" height=\"325\" \/><p id=\"caption-attachment-102512\" class=\"wp-caption-text\">Lula em S\u00e3o Bernardo do Campo 28\/08\/2013<br \/>\/ Foto: JF Diorio\/Estad\u00e3o<\/p><\/div>\n<p style=\"text-align: justify;\">Segundo os advogados Cristiano Zanin Martins e Roberto Teixeira, os documentos \u2013 referentes a contratos entre a Petrobras e a OAS \u2013 eram solicitados desde outubro do ano passado.<\/p>\n<p style=\"text-align: justify;\">\u201cA m\u00eddia apresentada perfaz 5,42 gigabytes e foi levada aos autos sem \u00edndice e de forma desorganizada. H\u00e1 cerca de 5 mil documentos (t\u00e9cnicos, negociais e jur\u00eddicos) e s\u00e3o estimadas cerca de 100 mil p\u00e1ginas\u201d, aponta a defesa.<\/p>\n<p style=\"text-align: justify;\">Segundo os advogados, o juiz S\u00e9rgio Moro, da 13\u00aa Vara Federal de Curitiba, negou prazo adicional para a an\u00e1lise e tamb\u00e9m a entrega da outra parte da documenta\u00e7\u00e3o.<\/p>\n<p style=\"text-align: justify;\">Para a defesa, a negativa \u201ccausa inequ\u00edvoco preju\u00edzo \u00e0 defesa de Lula\u201d. Eles alegam que a acusa\u00e7\u00e3o faz refer\u00eancia a tr\u00eas contratos firmados entre a Petrobras e a OAS. \u201cSomente algumas pe\u00e7as foram anexadas \u00e0 den\u00fancia ap\u00f3s terem sido selecionadas pelo Minist\u00e9rio P\u00fablico Federal.\u201d<\/p>\n<p style=\"text-align: justify;\">Os advogados afirmam ainda que a decis\u00e3o fere a igualdade de condi\u00e7\u00f5es para defesa e acusa\u00e7\u00e3o, tendo em vista que apenas uma das partes tem acesso a documentos relativos a contratos tratados na a\u00e7\u00e3o penal. A Petrobras, segundo os advogados, atua como assistente de acusa\u00e7\u00e3o no processo.<\/p>\n<p style=\"text-align: justify;\">Al\u00e9m de pedir liminarmente a suspens\u00e3o do processo, a defesa solicita a defini\u00e7\u00e3o de um prazo \u201crazo\u00e1vel\u201d para a an\u00e1lise dos documentos. Pede ainda a \u00edntegra da documenta\u00e7\u00e3o que j\u00e1 havia sido requerida.<\/p>\n<p style=\"text-align: justify;\">Procurada pela <strong>Ag\u00eancia Brasil<\/strong>, a 13\u00aa Vara Federal de Curitiba, onde atua o juiz S\u00e9rgio Moro, informou que n\u00e3o comentaria as cr\u00edticas feitas \u00e0 decis\u00e3o.<\/p>\n<p style=\"text-align: justify;\"><img loading=\"lazy\" decoding=\"async\" class=\"aligncenter size-full wp-image-102798\" src=\"http:\/\/senoticias.com.br\/se\/wp-content\/uploads\/2017\/05\/Logo-fone-1-2-1-2-4.jpg\" alt=\"SENOTICIAS\" width=\"599\" height=\"78\" srcset=\"https:\/\/senoticias.com.br\/se\/wp-content\/uploads\/2017\/05\/Logo-fone-1-2-1-2-4.jpg 599w, https:\/\/senoticias.com.br\/se\/wp-content\/uploads\/2017\/05\/Logo-fone-1-2-1-2-4-300x39.jpg 300w\" sizes=\"(max-width: 599px) 100vw, 599px\" \/><\/p>\n<p style=\"text-align: justify;\"><strong>Acompanhe tamb\u00e9m o SE Not\u00edcias no<\/strong><span class=\"apple-converted-space\"><b>\u00a0<\/b><\/span><a href=\"https:\/\/twitter.com\/Senoticias\" target=\"_blank\"><b>Twitter<\/b><\/a><strong>,<\/strong><span class=\"apple-converted-space\"><b>\u00a0<\/b><\/span><a href=\"https:\/\/www.facebook.com\/senoticias1\" target=\"_blank\"><b>Facebook<\/b><span class=\"apple-converted-space\"><b>\u00a0<\/b><\/span><\/a><strong>e no<\/strong><span class=\"apple-converted-space\"><b>\u00a0<\/b><\/span><a href=\"https:\/\/www.instagram.com\/senoticias\/\" target=\"_blank\"><b>Instagram<\/b><\/a><\/p>\n<p style=\"text-align: justify;\">Por Ag\u00eancia Brasil<\/p>\n","protected":false},"excerpt":{"rendered":"<p>A defesa do ex-presidente Luiz In\u00e1cio Lula da Silva protocolou hoje (8) um habeas corpus no Tribunal Regional Federal da 4\u00aa Regi\u00e3o para pedir a suspens\u00e3o do processo em que ele \u00e9 acusado de receber vantagens indevidas da construtora OAS. A defesa alega que n\u00e3o teve tempo h\u00e1bil de analisar documentos que foram juntados ao [&hellip;]<\/p>\n","protected":false},"author":2,"featured_media":0,"comment_status":"closed","ping_status":"closed","sticky":false,"template":"","format":"standard","meta":{"footnotes":""},"categories":[6],"tags":[3480,3397,90,391,3479],"class_list":{"0":"post-103005","1":"post","2":"type-post","3":"status-publish","4":"format-standard","6":"category-politica","7":"tag-ex-presidente","8":"tag-lavajato","9":"tag-lula","10":"tag-moro","11":"tag-trf"},"_links":{"self":[{"href":"https:\/\/senoticias.com.br\/se\/wp-json\/wp\/v2\/posts\/103005"}],"collection":[{"href":"https:\/\/senoticias.com.br\/se\/wp-json\/wp\/v2\/posts"}],"about":[{"href":"https:\/\/senoticias.com.br\/se\/wp-json\/wp\/v2\/types\/post"}],"author":[{"embeddable":true,"href":"https:\/\/senoticias.com.br\/se\/wp-json\/wp\/v2\/users\/2"}],"replies":[{"embeddable":true,"href":"https:\/\/senoticias.com.br\/se\/wp-json\/wp\/v2\/comments?post=103005"}],"version-history":[{"count":0,"href":"https:\/\/senoticias.com.br\/se\/wp-json\/wp\/v2\/posts\/103005\/revisions"}],"wp:attachment":[{"href":"https:\/\/senoticias.com.br\/se\/wp-json\/wp\/v2\/media?parent=103005"}],"wp:term":[{"taxonomy":"category","embeddable":true,"href":"https:\/\/senoticias.com.br\/se\/wp-json\/wp\/v2\/categories?post=103005"},{"taxonomy":"post_tag","embeddable":true,"href":"https:\/\/senoticias.com.br\/se\/wp-json\/wp\/v2\/tags?post=103005"}],"curies":[{"name":"wp","href":"https:\/\/api.w.org\/{rel}","templated":true}]}}