{"id":103002,"date":"2017-05-09T08:11:09","date_gmt":"2017-05-09T11:11:09","guid":{"rendered":"http:\/\/senoticias.com.br\/se\/?p=103002"},"modified":"2017-05-09T12:27:13","modified_gmt":"2017-05-09T15:27:13","slug":"nat-inicia-processo-de-selecao-com-candidatos-inscritos-no-feirao-de-oportunidades","status":"publish","type":"post","link":"https:\/\/senoticias.com.br\/se\/nat-inicia-processo-de-selecao-com-candidatos-inscritos-no-feirao-de-oportunidades\/","title":{"rendered":"NAT de Socorro inicia processo de sele\u00e7\u00e3o com candidatos inscritos no Feir\u00e3o de Oportunidades"},"content":{"rendered":"<p style=\"text-align: justify;\">O Feir\u00e3o de Oportunidades de Emprego, realizado pela Prefeitura de Socorro, atrav\u00e9s do N\u00facleo \u00a0de Apoio ao Trabalho (NAT) durante a \u00faltima semana, come\u00e7a a gerar frutos para os participantes, pois nesta segunda-feira, 08, foram iniciados os processos de sele\u00e7\u00e3o dos candidatos inscritos.<\/p>\n<div id=\"attachment_103003\" style=\"width: 609px\" class=\"wp-caption aligncenter\"><img loading=\"lazy\" decoding=\"async\" aria-describedby=\"caption-attachment-103003\" class=\"size-full wp-image-103003\" src=\"http:\/\/senoticias.com.br\/se\/wp-content\/uploads\/2017\/05\/85201711282553428_cvv1u-e1494328197929.jpeg\" alt=\"Processo seletivo do NAT. Imagem: ANSocorro\" width=\"599\" height=\"337\" \/><p id=\"caption-attachment-103003\" class=\"wp-caption-text\">Processo seletivo do NAT. Imagem: ANSocorro<\/p><\/div>\n<p style=\"text-align: justify;\">Durante a realiza\u00e7\u00e3o do Feir\u00e3o, cerca \u00a08 mil pessoas foram atendidas com orienta\u00e7\u00e3o profissional e efetuadas cerca de 4.500 inscri\u00e7\u00f5es. Nesta manh\u00e3, foi iniciada a pr\u00e9-sele\u00e7\u00e3o dos candidatos, que ser\u00e1 executada at\u00e9 o dia 06 de Junho, onde os candidatos ser\u00e3o encaminhados para etapa final, ou seja, a sele\u00e7\u00e3o na empresa.<\/p>\n<p style=\"text-align: justify;\">O resultado final de todo processo ser\u00e1 divulgado no \u00a0dia 12 de Junho, e a efetiva\u00e7\u00e3o ser\u00e1 realizada de acordo com o perfil do candidato e as necessidades das empresas conveniadas.<\/p>\n<p style=\"text-align: justify;\"><img loading=\"lazy\" decoding=\"async\" class=\"aligncenter size-full wp-image-102798\" src=\"http:\/\/senoticias.com.br\/se\/wp-content\/uploads\/2017\/05\/Logo-fone-1-2-1-2-4.jpg\" alt=\"SENOTICIAS\" width=\"599\" height=\"78\" srcset=\"https:\/\/senoticias.com.br\/se\/wp-content\/uploads\/2017\/05\/Logo-fone-1-2-1-2-4.jpg 599w, https:\/\/senoticias.com.br\/se\/wp-content\/uploads\/2017\/05\/Logo-fone-1-2-1-2-4-300x39.jpg 300w\" sizes=\"(max-width: 599px) 100vw, 599px\" \/><\/p>\n<p><strong>Acompanhe tamb\u00e9m o SE Not\u00edcias no<\/strong><span class=\"apple-converted-space\"><b>\u00a0<\/b><\/span><a href=\"https:\/\/twitter.com\/Senoticias\" target=\"_blank\"><b>Twitter<\/b><\/a><strong>,<\/strong><span class=\"apple-converted-space\"><b>\u00a0<\/b><\/span><a href=\"https:\/\/www.facebook.com\/senoticias1\" target=\"_blank\"><b>Facebook<\/b><span class=\"apple-converted-space\"><b>\u00a0<\/b><\/span><\/a><strong>e no<\/strong><span class=\"apple-converted-space\"><b>\u00a0<\/b><\/span><a href=\"https:\/\/www.instagram.com\/senoticias\/\" target=\"_blank\"><b>Instagram<\/b><\/a><\/p>\n<p><em>Por ANSocorro<\/em><\/p>\n","protected":false},"excerpt":{"rendered":"<p>O Feir\u00e3o de Oportunidades de Emprego, realizado pela Prefeitura de Socorro, atrav\u00e9s do N\u00facleo \u00a0de Apoio ao Trabalho (NAT) durante a \u00faltima semana, come\u00e7a a gerar frutos para os participantes, pois nesta segunda-feira, 08, foram iniciados os processos de sele\u00e7\u00e3o dos candidatos inscritos. Durante a realiza\u00e7\u00e3o do Feir\u00e3o, cerca \u00a08 mil pessoas foram atendidas com [&hellip;]<\/p>\n","protected":false},"author":2,"featured_media":0,"comment_status":"closed","ping_status":"closed","sticky":false,"template":"","format":"standard","meta":{"footnotes":""},"categories":[15,38],"tags":[],"class_list":{"0":"post-103002","1":"post","2":"type-post","3":"status-publish","4":"format-standard","6":"category-destaques","7":"category-municipios"},"_links":{"self":[{"href":"https:\/\/senoticias.com.br\/se\/wp-json\/wp\/v2\/posts\/103002"}],"collection":[{"href":"https:\/\/senoticias.com.br\/se\/wp-json\/wp\/v2\/posts"}],"about":[{"href":"https:\/\/senoticias.com.br\/se\/wp-json\/wp\/v2\/types\/post"}],"author":[{"embeddable":true,"href":"https:\/\/senoticias.com.br\/se\/wp-json\/wp\/v2\/users\/2"}],"replies":[{"embeddable":true,"href":"https:\/\/senoticias.com.br\/se\/wp-json\/wp\/v2\/comments?post=103002"}],"version-history":[{"count":0,"href":"https:\/\/senoticias.com.br\/se\/wp-json\/wp\/v2\/posts\/103002\/revisions"}],"wp:attachment":[{"href":"https:\/\/senoticias.com.br\/se\/wp-json\/wp\/v2\/media?parent=103002"}],"wp:term":[{"taxonomy":"category","embeddable":true,"href":"https:\/\/senoticias.com.br\/se\/wp-json\/wp\/v2\/categories?post=103002"},{"taxonomy":"post_tag","embeddable":true,"href":"https:\/\/senoticias.com.br\/se\/wp-json\/wp\/v2\/tags?post=103002"}],"curies":[{"name":"wp","href":"https:\/\/api.w.org\/{rel}","templated":true}]}}