{"id":103001,"date":"2017-05-09T08:05:06","date_gmt":"2017-05-09T11:05:06","guid":{"rendered":"http:\/\/senoticias.com.br\/se\/?p=103001"},"modified":"2017-05-09T08:05:06","modified_gmt":"2017-05-09T11:05:06","slug":"pm-flagra-crime-ambiental-durante-o-final-de-semana-em-sao-cristovao","status":"publish","type":"post","link":"https:\/\/senoticias.com.br\/se\/pm-flagra-crime-ambiental-durante-o-final-de-semana-em-sao-cristovao\/","title":{"rendered":"PM flagra crime ambiental durante o final de semana, em S\u00e3o Crist\u00f3v\u00e3o"},"content":{"rendered":"<p style=\"text-align: justify;\"><strong>\u00a0<\/strong>O Pelot\u00e3o de Pol\u00edcia Ambiental (PPAmb), na manh\u00e3 desse s\u00e1bado,06, flagrou crime ambiental referente a estocagem e comercializa\u00e7\u00e3o de subprodutos de madeira sem autoriza\u00e7\u00e3o na cidade de S\u00e3o Crist\u00f3v\u00e3o.<\/p>\n<p style=\"text-align: justify;\">Por volta das 09h30, durante o patrulhamento de rotina, a guarni\u00e7\u00e3o percebeu em um pequeno com\u00e9rcio, que dezenas de sacos de carv\u00e3o vegetal estavam expostos para comercializa\u00e7\u00e3o.<\/p>\n<p style=\"text-align: justify;\">De acordo com os crit\u00e9rios legislativos, para a comercializa\u00e7\u00e3o de carv\u00e3o \u00e9 necess\u00e1rio obter o DOF (Documento de Origem Florestal), que comprova a origem e o tipo da madeira que resultou na fabrica\u00e7\u00e3o do carv\u00e3o. Na abordagem, um senhor de 46 anos se apresentou como propriet\u00e1rio do local e reconheceu que adquiriu o produto de forma clandestina de alguns carroceiros. No total, foram apreendidos 104 sacos de carv\u00e3o vegetal.<\/p>\n<p style=\"text-align: justify;\">\u00a0Diante do flagrante, o infrator foi informado que a situa\u00e7\u00e3o se enquadrava em crime ambiental, e o mesmo concordou em assinar ainda no local, um Termo Circunstanciado por crime ambiental previsto no artigo 46 da Lei 9.605 (Lei de Crimes Ambientais).<\/p>\n<p><strong>\u00a0<\/strong><strong>Apreens\u00e3o de aves<\/strong><\/p>\n<p style=\"text-align: justify;\">Em outro caso de crime ambiental, na manh\u00e3 desse domingo, 07, o PPAmb, deteve um homem por ca\u00e7a de p\u00e1ssaros silvestres no munic\u00edpio de Areia Branca.<\/p>\n<p style=\"text-align: justify;\">Por volta das 11h30, a guarni\u00e7\u00e3o estava fazendo a soltura de um animal silvestre em uma \u00e1rea de Mata Atl\u00e2ntica, quando percebeu algumas armadilhas\u00a0para captura de p\u00e1ssaros sob alguns arbustos.<\/p>\n<p style=\"text-align: justify;\">Ao fazer a varredura no local, a equipe abordou um homem de 55 anos, \u00a0em posse de dois p\u00e1ssaros e de alguns apetrechos utilizados para ca\u00e7a. Na abordagem, o homem confessou \u00e0 guarni\u00e7\u00e3o que as armadilhas para captura das aves encontradas tinham sido colocadas por ele.<\/p>\n<p style=\"text-align: justify;\">Confirmando que tem nessa pr\u00e1tica um h\u00e1bito de muitos anos, o infrator levou a guarni\u00e7\u00e3o \u00e0 sua resid\u00eancia localizada no Povoado Pedrinhas, onde foram encontradas mais 14 aves.<\/p>\n<p style=\"text-align: justify;\">Diante do flagrante, os animais que ainda n\u00e3o apresentavam sinais de domestica\u00e7\u00e3o foram apreendidos e posteriormente soltos em habitat natural. J\u00e1 o infrator, para n\u00e3o ser conduzido \u00e0 delegacia de Itabaiana, concordou em assinar no pr\u00f3prio local um Termo Circunstanciado, onde o mesmo vai responder por crime ambiental previsto no artigo 29 da Lei 9.605\/98 (Lei de Crimes Ambientais).<\/p>\n<p style=\"text-align: justify;\"><img loading=\"lazy\" decoding=\"async\" class=\"aligncenter size-full wp-image-102798\" src=\"http:\/\/senoticias.com.br\/se\/wp-content\/uploads\/2017\/05\/Logo-fone-1-2-1-2-4.jpg\" alt=\"SENOTICIAS\" width=\"599\" height=\"78\" srcset=\"https:\/\/senoticias.com.br\/se\/wp-content\/uploads\/2017\/05\/Logo-fone-1-2-1-2-4.jpg 599w, https:\/\/senoticias.com.br\/se\/wp-content\/uploads\/2017\/05\/Logo-fone-1-2-1-2-4-300x39.jpg 300w\" sizes=\"(max-width: 599px) 100vw, 599px\" \/><\/p>\n<p style=\"text-align: justify;\"><strong>Acompanhe tamb\u00e9m o SE Not\u00edcias no<\/strong><strong>\u00a0<\/strong><strong><a href=\"https:\/\/twitter.com\/Senoticias\">Twitter<\/a>,<\/strong><strong>\u00a0<\/strong><strong><a href=\"https:\/\/www.facebook.com\/senoticias1\">Facebook<\/a><\/strong><strong>\u00a0<\/strong><strong>e no<\/strong><a href=\"https:\/\/www.instagram.com\/senoticias\/\"><strong>\u00a0<\/strong><strong>Instagram<\/strong><\/a><\/p>\n<p style=\"text-align: justify;\">Ascom\/PM\/SE<\/p>\n<p>&nbsp;<\/p>\n","protected":false},"excerpt":{"rendered":"<p>\u00a0O Pelot\u00e3o de Pol\u00edcia Ambiental (PPAmb), na manh\u00e3 desse s\u00e1bado,06, flagrou crime ambiental referente a estocagem e comercializa\u00e7\u00e3o de subprodutos de madeira sem autoriza\u00e7\u00e3o na cidade de S\u00e3o Crist\u00f3v\u00e3o. Por volta das 09h30, durante o patrulhamento de rotina, a guarni\u00e7\u00e3o percebeu em um pequeno com\u00e9rcio, que dezenas de sacos de carv\u00e3o vegetal estavam expostos para [&hellip;]<\/p>\n","protected":false},"author":2,"featured_media":0,"comment_status":"closed","ping_status":"closed","sticky":false,"template":"","format":"standard","meta":{"footnotes":""},"categories":[1],"tags":[],"class_list":{"0":"post-103001","1":"post","2":"type-post","3":"status-publish","4":"format-standard","6":"category-sem-categoria"},"_links":{"self":[{"href":"https:\/\/senoticias.com.br\/se\/wp-json\/wp\/v2\/posts\/103001"}],"collection":[{"href":"https:\/\/senoticias.com.br\/se\/wp-json\/wp\/v2\/posts"}],"about":[{"href":"https:\/\/senoticias.com.br\/se\/wp-json\/wp\/v2\/types\/post"}],"author":[{"embeddable":true,"href":"https:\/\/senoticias.com.br\/se\/wp-json\/wp\/v2\/users\/2"}],"replies":[{"embeddable":true,"href":"https:\/\/senoticias.com.br\/se\/wp-json\/wp\/v2\/comments?post=103001"}],"version-history":[{"count":0,"href":"https:\/\/senoticias.com.br\/se\/wp-json\/wp\/v2\/posts\/103001\/revisions"}],"wp:attachment":[{"href":"https:\/\/senoticias.com.br\/se\/wp-json\/wp\/v2\/media?parent=103001"}],"wp:term":[{"taxonomy":"category","embeddable":true,"href":"https:\/\/senoticias.com.br\/se\/wp-json\/wp\/v2\/categories?post=103001"},{"taxonomy":"post_tag","embeddable":true,"href":"https:\/\/senoticias.com.br\/se\/wp-json\/wp\/v2\/tags?post=103001"}],"curies":[{"name":"wp","href":"https:\/\/api.w.org\/{rel}","templated":true}]}}