{"id":102998,"date":"2017-05-09T07:43:36","date_gmt":"2017-05-09T10:43:36","guid":{"rendered":"http:\/\/senoticias.com.br\/se\/?p=102998"},"modified":"2017-05-09T07:44:15","modified_gmt":"2017-05-09T10:44:15","slug":"dia-nacional-de-combate-ao-abuso-e-exploracao-sexual-de-criancas-e-adolescentes-sera-lembrado-em-seminario-no-mp","status":"publish","type":"post","link":"https:\/\/senoticias.com.br\/se\/dia-nacional-de-combate-ao-abuso-e-exploracao-sexual-de-criancas-e-adolescentes-sera-lembrado-em-seminario-no-mp\/","title":{"rendered":"Dia Nacional de Combate ao Abuso e Explora\u00e7\u00e3o Sexual de Crian\u00e7as e Adolescentes ser\u00e1 lembrado em Semin\u00e1rio no MP"},"content":{"rendered":"<div id=\"attachment_102999\" style=\"width: 410px\" class=\"wp-caption alignright\"><img loading=\"lazy\" decoding=\"async\" aria-describedby=\"caption-attachment-102999\" class=\"size-full wp-image-102999\" src=\"http:\/\/senoticias.com.br\/se\/wp-content\/uploads\/2017\/05\/18-de-maio-senoticias.gif\" alt=\"O evento conta com o apoio do Governo do Estado de Sergipe e da Prefeitura de Aracaju.\" width=\"400\" height=\"350\" \/><p id=\"caption-attachment-102999\" class=\"wp-caption-text\">O evento conta com o apoio do Governo do Estado de Sergipe e da Prefeitura de Aracaju (foto: divulga\u00e7\u00e3o\/MPE)<\/p><\/div>\n<p style=\"text-align: justify;\">No dia 18 de maio de 1973, uma menina de 08 anos foi sequestrada, violentada e cruelmente assassinada no Estado do Esp\u00edrito Santo. O corpo apareceu seis dias depois carbonizado, e os seus agressores, jovens de classe m\u00e9dia alta, nunca foram punidos. A data ficou institu\u00edda como o \u201cDia Nacional de Combate ao Abuso e \u00e0 Explora\u00e7\u00e3o Sexual de Crian\u00e7as e Adolescentes\u201d, a partir da aprova\u00e7\u00e3o da Lei Federal n\u00ba. 9.970\/2000. O \u201cCaso Araceli\u201d, como ficou conhecido, ocorreu h\u00e1 mais de 40 anos, mas, infelizmente, situa\u00e7\u00f5es absurdas como essa ainda se repetem.<\/p>\n<p style=\"text-align: justify;\">Para refletir e discutir sobre a tem\u00e1tica, a Procuradoria-Geral de Justi\u00e7a, atrav\u00e9s da Escola Superior e do Centro de Apoio Operacional da Inf\u00e2ncia e Adolesc\u00eancia, promove todos os anos um Semin\u00e1rio para destacar a import\u00e2ncia do 18 de maio.<\/p>\n<p style=\"text-align: justify;\">A data marca a luta pelos Direitos Humanos de crian\u00e7as e adolescentes no Brasil. \u00c9 um importante momento para mobilizar, sensibilizar, informar e convocar toda a sociedade para participar da luta em defesa dos direitos das crian\u00e7as e adolescentes, e garantir o direito fundamental ao desenvolvimento de sua sexualidade de forma segura e protegida, livres de toda forma de abuso e de explora\u00e7\u00e3o.<\/p>\n<p style=\"text-align: justify;\">O MP de Sergipe convida a fam\u00edlia, escola, sociedade civil, governo, igreja, pol\u00edcia, imprensa e redes de atendimento, para participar do Semin\u00e1rio e assumirem o compromisso no enfrentamento e no combate da viol\u00eancia sexual contra nossas crian\u00e7as e adolescentes.<\/p>\n<p style=\"text-align: justify;\">O Semin\u00e1rio ser\u00e1 no dia 18 (quinta-feira), a partir das 07h, no Audit\u00f3rio Promotor de Justi\u00e7a Valdir de Freitas Dantas (Sede do MPSE). O evento conta com o apoio do Governo do Estado de Sergipe e da Prefeitura de Aracaju.<\/p>\n<p style=\"text-align: justify;\"><strong>Inscri\u00e7\u00f5es<\/strong><\/p>\n<p style=\"text-align: justify;\">As inscri\u00e7\u00f5es est\u00e3o abertas e podem ser feitas at\u00e9 o dia 17 de maio, atrav\u00e9s do site www.esmp.mpse.mp.br. \u00c9 importante frisar que a presen\u00e7a dever\u00e1 ser registrada biometricamente e o recebimento do certificado est\u00e1 condicionado \u00e0 frequ\u00eancia m\u00ednima de 75% da carga hor\u00e1ria total. Ao atingir o n\u00famero de vagas, as inscri\u00e7\u00f5es ser\u00e3o automaticamente suspensas.<\/p>\n<p style=\"text-align: justify;\">O participante que necessitar de qualquer tipo de condi\u00e7\u00e3o especial para acompanhar o evento dever\u00e1 solicit\u00e1-la por e-mail \u00e0 Escola Superior (escolasuperior@mpse.mp.br), indicando claramente quais os recursos especiais necess\u00e1rios (int\u00e9rprete de Libras, materiais, equipamentos, etc). A solicita\u00e7\u00e3o de condi\u00e7\u00f5es especiais ser\u00e1 atendida pela Dire\u00e7\u00e3o da Escola, segundo crit\u00e9rios de viabilidade, razoabilidade e temporalidade.<\/p>\n<p style=\"text-align: justify;\"><img loading=\"lazy\" decoding=\"async\" class=\"aligncenter size-full wp-image-102798\" src=\"http:\/\/senoticias.com.br\/se\/wp-content\/uploads\/2017\/05\/Logo-fone-1-2-1-2-4.jpg\" alt=\"SENOTICIAS\" width=\"599\" height=\"78\" srcset=\"https:\/\/senoticias.com.br\/se\/wp-content\/uploads\/2017\/05\/Logo-fone-1-2-1-2-4.jpg 599w, https:\/\/senoticias.com.br\/se\/wp-content\/uploads\/2017\/05\/Logo-fone-1-2-1-2-4-300x39.jpg 300w\" sizes=\"(max-width: 599px) 100vw, 599px\" \/><\/p>\n<p style=\"text-align: justify;\"><strong>Acompanhe tamb\u00e9m o SE Not\u00edcias no<\/strong><strong>\u00a0<\/strong><strong><a href=\"https:\/\/twitter.com\/Senoticias\">Twitter<\/a>,<\/strong><strong>\u00a0<\/strong><strong><a href=\"https:\/\/www.facebook.com\/senoticias1\">Facebook<\/a><\/strong><strong>\u00a0<\/strong><strong>e no<\/strong><a href=\"https:\/\/www.instagram.com\/senoticias\/\"><strong>\u00a0<\/strong><strong>Instagram<\/strong><\/a><\/p>\n<p style=\"text-align: justify;\"><em>Ascom\/ESMPE<\/em><\/p>\n","protected":false},"excerpt":{"rendered":"<p>No dia 18 de maio de 1973, uma menina de 08 anos foi sequestrada, violentada e cruelmente assassinada no Estado do Esp\u00edrito Santo. O corpo apareceu seis dias depois carbonizado, e os seus agressores, jovens de classe m\u00e9dia alta, nunca foram punidos. A data ficou institu\u00edda como o \u201cDia Nacional de Combate ao Abuso e [&hellip;]<\/p>\n","protected":false},"author":2,"featured_media":0,"comment_status":"closed","ping_status":"closed","sticky":false,"template":"","format":"standard","meta":{"footnotes":""},"categories":[15],"tags":[3475,3472,3474,3476,3473],"class_list":{"0":"post-102998","1":"post","2":"type-post","3":"status-publish","4":"format-standard","6":"category-destaques","7":"tag-18-de-maio","8":"tag-combate","9":"tag-criancas-e-adolescentes","10":"tag-dia-nacional","11":"tag-exploracao-sexual"},"_links":{"self":[{"href":"https:\/\/senoticias.com.br\/se\/wp-json\/wp\/v2\/posts\/102998"}],"collection":[{"href":"https:\/\/senoticias.com.br\/se\/wp-json\/wp\/v2\/posts"}],"about":[{"href":"https:\/\/senoticias.com.br\/se\/wp-json\/wp\/v2\/types\/post"}],"author":[{"embeddable":true,"href":"https:\/\/senoticias.com.br\/se\/wp-json\/wp\/v2\/users\/2"}],"replies":[{"embeddable":true,"href":"https:\/\/senoticias.com.br\/se\/wp-json\/wp\/v2\/comments?post=102998"}],"version-history":[{"count":0,"href":"https:\/\/senoticias.com.br\/se\/wp-json\/wp\/v2\/posts\/102998\/revisions"}],"wp:attachment":[{"href":"https:\/\/senoticias.com.br\/se\/wp-json\/wp\/v2\/media?parent=102998"}],"wp:term":[{"taxonomy":"category","embeddable":true,"href":"https:\/\/senoticias.com.br\/se\/wp-json\/wp\/v2\/categories?post=102998"},{"taxonomy":"post_tag","embeddable":true,"href":"https:\/\/senoticias.com.br\/se\/wp-json\/wp\/v2\/tags?post=102998"}],"curies":[{"name":"wp","href":"https:\/\/api.w.org\/{rel}","templated":true}]}}