{"id":102993,"date":"2017-05-08T22:41:14","date_gmt":"2017-05-09T01:41:14","guid":{"rendered":"http:\/\/senoticias.com.br\/se\/?p=102993"},"modified":"2017-05-09T07:52:55","modified_gmt":"2017-05-09T10:52:55","slug":"jackson-barreto-participa-de-encontro-de-gestores-publicos-de-sergipe","status":"publish","type":"post","link":"https:\/\/senoticias.com.br\/se\/jackson-barreto-participa-de-encontro-de-gestores-publicos-de-sergipe\/","title":{"rendered":"Presidente do FNDE apresenta projetos durante II Encontro de Gestores"},"content":{"rendered":"<div dir=\"auto\">Nesta segunda-feira, 08, o presidente do Fundo Nacional de Desenvolvimento da Educa\u00e7\u00e3o (FNDE), Silvio de Souza Pinheiro, participou do II Encontro de Gestores P\u00fablicos de Sergipe deste ano. O evento, realizado pela Federa\u00e7\u00e3o dos Munic\u00edpios do Estado de Sergipe (Fames) em parceria com o l\u00edder do Governo no Congresso Nacional, Andr\u00e9 Moura, aconteceu no Hotel Aqu\u00e1rios, em Aracaju, e contou com a presen\u00e7a de prefeitos, vice-prefeitos, secret\u00e1rios de Educa\u00e7\u00e3o e suas equipes t\u00e9cnicas.<\/div>\n<div dir=\"auto\"><\/div>\n<div dir=\"auto\" style=\"text-align: justify;\">\n<p>Cinco funcion\u00e1rios da empresa de Consultoria e Assessoria T\u00e9cnica em Contabilidade (CAT) tamb\u00e9m participaram do evento dos gestores p\u00fablicos de Sergipe: o diretor t\u00e9cnico <strong>Jos\u00e9 Valmir dos Passos<\/strong>, o assessor em licita\u00e7\u00f5es <strong>Augusto Rolim<\/strong>, a gerente geral \u00a0<strong>Yanni Almeida<\/strong> e a respons\u00e1vel pela presta\u00e7\u00e3o de contas <strong>Kely Matos<\/strong>.<\/p>\n<div id=\"attachment_102994\" style=\"width: 609px\" class=\"wp-caption aligncenter\"><img loading=\"lazy\" decoding=\"async\" aria-describedby=\"caption-attachment-102994\" class=\"size-full wp-image-102994\" src=\"http:\/\/senoticias.com.br\/se\/wp-content\/uploads\/2017\/05\/CAT-evento-SEnoticias-e1494292606332.jpg\" alt=\"O assessor em licita\u00e7\u00f5es Dr\u00ba Augusto Rolim, e a gerente Yanni Almeida da CAT participaram do evento. (Foto: divulga\u00e7\u00e3o\/CAT)\" width=\"599\" height=\"449\" \/><p id=\"caption-attachment-102994\" class=\"wp-caption-text\">O assessor em licita\u00e7\u00f5es Dr\u00ba Augusto Rolim (centro), e a gerente Yanni Almeida da CAT participaram do evento. (Foto: divulga\u00e7\u00e3o\/CAT)<\/p><\/div>\n<\/div>\n<div dir=\"auto\"><\/div>\n<div dir=\"auto\" style=\"text-align: justify;\">A programa\u00e7\u00e3o tratou sobre conv\u00eanios e libera\u00e7\u00e3o de verbas do FNDE atrav\u00e9s de palestras que tamb\u00e9m tratavam de obras, plano de a\u00e7\u00f5es articuladas, presta\u00e7\u00e3o de contas, transporte escolar, entre outros.<\/div>\n<div dir=\"auto\" style=\"text-align: justify;\">\n<div id=\"attachment_102995\" style=\"width: 609px\" class=\"wp-caption aligncenter\"><img loading=\"lazy\" decoding=\"async\" aria-describedby=\"caption-attachment-102995\" class=\"size-full wp-image-102995\" src=\"http:\/\/senoticias.com.br\/se\/wp-content\/uploads\/2017\/05\/CAT-VALMIR-PASSOS-e1494292795680.jpg\" alt=\"O diretor t\u00e9cnico, Jos\u00e9 Valmir dos Passos da CAT. Fot\" width=\"599\" height=\"359\" \/><p id=\"caption-attachment-102995\" class=\"wp-caption-text\">O diretor t\u00e9cnico, Jos\u00e9 Valmir dos Passos da CAT. (Foto: divulga\u00e7\u00e3o\/CAT)<\/p><\/div>\n<\/div>\n<div dir=\"auto\" style=\"text-align: justify;\"><\/div>\n<div dir=\"auto\" style=\"text-align: justify;\">A programa\u00e7\u00e3o incluiu desde oficinas e palestras sobre os programas que o FNDE oferece at\u00e9 o atendimento individualizado por parte de empresas de consultoria que apoiaram o evento e dos t\u00e9cnicos do FNDE.<\/div>\n<div dir=\"auto\"><\/div>\n<div dir=\"auto\" style=\"text-align: justify;\">\n<p>O presidente da Fames, Marcos Barreto (Marcos da Acau\u00e3), avaliou como positivo o encontro. \u201cFoi uma oportunidade maravilhosa que os prefeitos, secret\u00e1rios e suas equipes t\u00e9cnicas tiveram de ficar por dentro dos projetos voltados \u00e0 \u00e1rea da Educa\u00e7\u00e3o. Muitas d\u00favidas foram esclarecidas, o que nos deixa muito satisfeitos. Alguns munic\u00edpios enfrentam pend\u00eancias e bloqueio de repasses por conta da falta de presta\u00e7\u00e3o de contas de gest\u00f5es anteriores. E os gestores aproveitaram o momento para esclarecerem d\u00favidas relativas tanto \u00e0 presta\u00e7\u00e3o de contas quanto \u00e0 implanta\u00e7\u00e3o e opera\u00e7\u00e3o de programas federais na \u00e1rea da Educa\u00e7\u00e3o. Foi muito bom, e o trabalho continua. Esse estreitamento de la\u00e7o com o FNDE foi s\u00f3 o come\u00e7o\u201d, ressaltou.<\/p>\n<div id=\"attachment_102996\" style=\"width: 609px\" class=\"wp-caption aligncenter\"><img loading=\"lazy\" decoding=\"async\" aria-describedby=\"caption-attachment-102996\" class=\"size-full wp-image-102996\" src=\"http:\/\/senoticias.com.br\/se\/wp-content\/uploads\/2017\/05\/FNDE-SENOTICIAS-e1494293549961.jpg\" alt=\"Presen\u00e7a do FNDE no II Encontro de Gestores P\u00fablicos de Sergipe capacitou e orientou prefeitos e gestores municipais de Educa\u00e7\u00e3o. Foto: Jeff Moura)\" width=\"599\" height=\"399\" \/><p id=\"caption-attachment-102996\" class=\"wp-caption-text\">Presen\u00e7a do FNDE no II Encontro de Gestores P\u00fablicos de Sergipe capacitou e orientou prefeitos e gestores municipais de Educa\u00e7\u00e3o. Foto: Jeff Moura)<\/p><\/div>\n<\/div>\n<div dir=\"auto\" style=\"text-align: justify;\"><\/div>\n<div dir=\"auto\" style=\"text-align: justify;\">Silvio Pinheiro refor\u00e7ou que a equipe do FNDE estava presente justamente para esclarecer d\u00favidas e resolver problemas nos cadastros. \u201cSabemos que h\u00e1 obras paralisadas, e \u00e9 importante que os munic\u00edpios identifiquem a raz\u00e3o dessas paralisa\u00e7\u00f5es. \u00c9 muito importante conversar com voc\u00eas, aprender um pouco mais. Os t\u00e9cnicos do FNDE, sempre que voltam de eventos como este, se capacitam ainda mais, enxergam o outro lado do balc\u00e3o. At\u00e9 porque nem todos os prefeitos t\u00eam acesso \u00e0 Bras\u00edlia e n\u00e3o adianta ir sozinho, sem uma equipe. Contem com o nosso apoio, o FNDE est\u00e1 de portas abertas\u201d, salientou o presidente da institui\u00e7\u00e3o.<\/div>\n<div dir=\"auto\"><\/div>\n<div dir=\"auto\" style=\"text-align: justify;\">O governador Jackson Barreto esteve no encontro e frisou a import\u00e2ncia da Educa\u00e7\u00e3o para toda a sociedade. \u201cEstou governador at\u00e9 2018, e quem me proporcionou a oportunidade de ser governador foi a Educa\u00e7\u00e3o, esse processo que liberta, aumenta e traz mudan\u00e7as profundas na vida de qualquer cidad\u00e3o. Muito obrigado ao Dr Silvio e aos servidores do FNDE, que vieram colaborar com os prefeitos, fazendo esse interc\u00e2mbio fundamental e at\u00e9 diminuindo dist\u00e2ncias, trazendo conhecimentos. Agrade\u00e7o tamb\u00e9m ao l\u00edder do Governo no Congresso Nacional, deputado Andr\u00e9 Moura, pela iniciativa deste evento, ao lado da bancada de Sergipe. Estamos extremamente felizes porque a presen\u00e7a do FNDE em nosso Estado significa encurtar dist\u00e2ncias\u201d, pontuou o governador.<\/div>\n<div dir=\"auto\" style=\"text-align: justify;\"><\/div>\n<div dir=\"auto\" style=\"text-align: justify;\">O FNDE ofereceu aos gestores sergipanos os mesmos servi\u00e7os que s\u00e3o ofertados aos munic\u00edpios em sua sede em Bras\u00edlia. O advogado Jorge Teles, s\u00f3cio da empresa Estrat\u00e9gia Consultoria, destacou que Silvio Pinheiro veio a Sergipe acompanhado de um representante de cada \u00e1rea t\u00e9cnica para solucionar as pend\u00eancias existentes nos munic\u00edpios. \u201cO presidente do FNDE apresentou o Plano de A\u00e7\u00f5es Articuladas (PAR), atrav\u00e9s do qual a entidade financia a\u00e7\u00f5es de melhoria da rede municipal de ensino, com a aquisi\u00e7\u00e3o de \u00f4nibus escolares, carteiras escolares, equipamentos, constru\u00e7\u00e3o de escolas, creches e quadras cobertas\u201d, contou.<\/div>\n<div dir=\"auto\" style=\"text-align: justify;\"><\/div>\n<div dir=\"auto\" style=\"text-align: justify;\">Em virtude de um chamado do presidente da Rep\u00fablica, Michel Temer, o deputado Andr\u00e9 Moura n\u00e3o p\u00f4de comparecer ao encontro, mas fez quest\u00e3o de transmitir sua mensagem aos presentes. \u201cComo \u00e9 do conhecimento de todos, tenho sido convocado a participar de reuni\u00f5es nas quais discutimos quest\u00f5es de interesse do pa\u00eds e dos nossos munic\u00edpios, em busca de fazer um Brasil melhor para todos. A partir deste encontro de gestores, vamos continuar nossa jornada para melhorar e qualificar a Educa\u00e7\u00e3o em Sergipe, garantindo ao nosso povo as condi\u00e7\u00f5es de concorrer ao mercado de trabalho. Outros eventos desse formato ser\u00e3o realizados ainda neste ano, com foco nos interesses de prefeitos, secret\u00e1rios e t\u00e9cnicos\u201d, destacou o parlamentar, acrescentando que o gabinete em Bras\u00edlia est\u00e1 \u00e0 disposi\u00e7\u00e3o para discutir as demandas dos munic\u00edpios e, sempre que solicitado, acompanhar os gestores nas reuni\u00f5es em Bras\u00edlia.<\/div>\n<div dir=\"auto\" style=\"text-align: justify;\"><\/div>\n<div dir=\"auto\" style=\"text-align: justify;\"><img loading=\"lazy\" decoding=\"async\" class=\"aligncenter size-full wp-image-102798\" src=\"http:\/\/senoticias.com.br\/se\/wp-content\/uploads\/2017\/05\/Logo-fone-1-2-1-2-4.jpg\" alt=\"SENOTICIAS\" width=\"599\" height=\"78\" srcset=\"https:\/\/senoticias.com.br\/se\/wp-content\/uploads\/2017\/05\/Logo-fone-1-2-1-2-4.jpg 599w, https:\/\/senoticias.com.br\/se\/wp-content\/uploads\/2017\/05\/Logo-fone-1-2-1-2-4-300x39.jpg 300w\" sizes=\"(max-width: 599px) 100vw, 599px\" \/><\/div>\n<div dir=\"auto\" style=\"text-align: justify;\"><\/div>\n<div dir=\"auto\" style=\"text-align: justify;\">\n<p><em><strong>Acompanhe tamb\u00e9m o SE Not\u00edcias no<\/strong><strong>\u00a0<\/strong><strong><a href=\"https:\/\/twitter.com\/Senoticias\">Twitter<\/a>,<\/strong><strong>\u00a0<\/strong><strong><a href=\"https:\/\/www.facebook.com\/senoticias1\">Facebook\u00a0<\/a>e no<\/strong><strong>\u00a0<\/strong><strong><a href=\"https:\/\/www.instagram.com\/senoticias\/\">Instagram<\/a><\/strong><\/em><\/p>\n<p>&nbsp;<\/p>\n<\/div>\n<div dir=\"auto\" style=\"text-align: justify;\"><em>Reda\u00e7\u00e3o SE Not\u00edcias, com informa\u00e7\u00f5es da TDantas Comunica\u00e7\u00e3o<\/em><\/div>\n","protected":false},"excerpt":{"rendered":"<p>Nesta segunda-feira, 08, o presidente do Fundo Nacional de Desenvolvimento da Educa\u00e7\u00e3o (FNDE), Silvio de Souza Pinheiro, participou do II Encontro de Gestores P\u00fablicos de Sergipe deste ano. O evento, realizado pela Federa\u00e7\u00e3o dos Munic\u00edpios do Estado de Sergipe (Fames) em parceria com o l\u00edder do Governo no Congresso Nacional, Andr\u00e9 Moura, aconteceu no Hotel [&hellip;]<\/p>\n","protected":false},"author":2,"featured_media":102994,"comment_status":"closed","ping_status":"closed","sticky":false,"template":"","format":"standard","meta":{"footnotes":""},"categories":[6],"tags":[772,3469,3471,3470,114,223],"class_list":{"0":"post-102993","1":"post","2":"type-post","3":"status-publish","4":"format-standard","5":"has-post-thumbnail","7":"category-politica","8":"tag-andre-moura","9":"tag-cat","10":"tag-encontro","11":"tag-gestores-publicos","12":"tag-jackson-barreto","13":"tag-sergipe"},"_links":{"self":[{"href":"https:\/\/senoticias.com.br\/se\/wp-json\/wp\/v2\/posts\/102993"}],"collection":[{"href":"https:\/\/senoticias.com.br\/se\/wp-json\/wp\/v2\/posts"}],"about":[{"href":"https:\/\/senoticias.com.br\/se\/wp-json\/wp\/v2\/types\/post"}],"author":[{"embeddable":true,"href":"https:\/\/senoticias.com.br\/se\/wp-json\/wp\/v2\/users\/2"}],"replies":[{"embeddable":true,"href":"https:\/\/senoticias.com.br\/se\/wp-json\/wp\/v2\/comments?post=102993"}],"version-history":[{"count":0,"href":"https:\/\/senoticias.com.br\/se\/wp-json\/wp\/v2\/posts\/102993\/revisions"}],"wp:featuredmedia":[{"embeddable":true,"href":"https:\/\/senoticias.com.br\/se\/wp-json\/wp\/v2\/media\/102994"}],"wp:attachment":[{"href":"https:\/\/senoticias.com.br\/se\/wp-json\/wp\/v2\/media?parent=102993"}],"wp:term":[{"taxonomy":"category","embeddable":true,"href":"https:\/\/senoticias.com.br\/se\/wp-json\/wp\/v2\/categories?post=102993"},{"taxonomy":"post_tag","embeddable":true,"href":"https:\/\/senoticias.com.br\/se\/wp-json\/wp\/v2\/tags?post=102993"}],"curies":[{"name":"wp","href":"https:\/\/api.w.org\/{rel}","templated":true}]}}