{"id":102958,"date":"2017-05-08T09:15:39","date_gmt":"2017-05-08T12:15:39","guid":{"rendered":"http:\/\/senoticias.com.br\/se\/?p=102958"},"modified":"2017-05-08T09:15:39","modified_gmt":"2017-05-08T12:15:39","slug":"volkswagem-anuncia-recall-de-mais-de-54-mil-veiculos","status":"publish","type":"post","link":"https:\/\/senoticias.com.br\/se\/volkswagem-anuncia-recall-de-mais-de-54-mil-veiculos\/","title":{"rendered":"Volkswagem anuncia recall de mais de 54 mil ve\u00edculos"},"content":{"rendered":"<div id=\"attachment_102959\" style=\"width: 609px\" class=\"wp-caption aligncenter\"><img loading=\"lazy\" decoding=\"async\" aria-describedby=\"caption-attachment-102959\" class=\"size-full wp-image-102959\" src=\"http:\/\/senoticias.com.br\/se\/wp-content\/uploads\/2017\/05\/11202616180568-e1494245701820.jpg\" alt=\"Imagem ilustrativa. Fonte: Tecmundo\" width=\"599\" height=\"399\" \/><p id=\"caption-attachment-102959\" class=\"wp-caption-text\">Imagem ilustrativa. Fonte: Tecmundo<\/p><\/div>\n<p style=\"text-align: justify;\">A Volkswagen anunciou o recall de 54.170 ve\u00edculos, com data de fabrica\u00e7\u00e3o entre 1\u00ba de mar\u00e7o do ano passado e 12 de janeiro deste ano. Os autom\u00f3veis inclu\u00eddos t\u00eam possibilidade de inoper\u00e2ncia do alternador, que pode deixar de gerar energia para a bateria e levar o sistema el\u00e9trico do ve\u00edculo a parar. Recall \u00e9 o processo pelo qual fabricantes convocam seus clientes para substitui\u00e7\u00e3o ou devolu\u00e7\u00e3o de produtos quando se detecta algum defeito de fabrica\u00e7\u00e3o.<\/p>\n<p style=\"text-align: justify;\">\u201cEm situa\u00e7\u00f5es em que a carga da bateria n\u00e3o for suficiente para o funcionamento do ve\u00edculo, poder\u00e3o ocorrer panes el\u00e9tricas, e at\u00e9 o desligamento do motor, com risco de acidentes\u201d, alerta comunicado da montadora.<\/p>\n<p style=\"text-align: justify;\">O n\u00famero dos chassis dos ve\u00edculos afetados pode ser encontrado no site da empresa ou pelo telefone 0800 019 8866.<\/p>\n<p style=\"text-align: justify;\">Est\u00e3o inclu\u00eddos no recall os modelos up!, Novo Gol, NovoVoyage, Nova Saveiro, Fox, CrossFox, SpaceFox e Space Cross. A partir da pr\u00f3xima quarta-feira, 10, os propriet\u00e1rios dos carros afetados devem marcar inspe\u00e7\u00e3o em uma concession\u00e1ria Volkswagen e, se necess\u00e1rio, ser\u00e1 feita a substitui\u00e7\u00e3o do alternador.<\/p>\n<p style=\"text-align: justify;\"><strong>Procon<\/strong><\/p>\n<p style=\"text-align: justify;\">O Procon orienta os consumidores a exigir que a empresa apresente os esclarecimentos necess\u00e1rios, conforme determina o C\u00f3digo de Defesa do Consumidor, com informa\u00e7\u00f5es claras e precisas sobre os riscos para os usu\u00e1rios dos ve\u00edculos. A entidade de defesa do consumidor destaca que os consumidores dever\u00e3o obrigatoriamente receber um comprovante de que o servi\u00e7o de reparo foi efetuado. Esse documento dever\u00e1 ser conservado e repassado ao novo propriet\u00e1rio, em caso de venda.<\/p>\n<p style=\"text-align: justify;\">O ve\u00edculo que n\u00e3o for reparado em at\u00e9 12 meses ap\u00f3s o in\u00edcio da campanha de recall ter\u00e1 a informa\u00e7\u00e3o lan\u00e7ada no campo &#8220;observa\u00e7\u00f5es&#8221; do pr\u00f3ximo Certificado de Registro e Licenciamento de Ve\u00edculo (CRLV), emitido pela autoridade de tr\u00e2nsito.<\/p>\n<p style=\"text-align: justify;\">De acordo com o Procon, o consumidor que tiver passado\u00a0 por algum acidente causado pelo defeito apontado no recall poder\u00e1 pedir, por meio do Poder Judici\u00e1rio, repara\u00e7\u00e3o pelos danos morais e patrimoniais sofridos.<\/p>\n<p style=\"text-align: justify;\">\n<p style=\"text-align: justify;\"><img loading=\"lazy\" decoding=\"async\" class=\"aligncenter size-full wp-image-102798\" src=\"http:\/\/senoticias.com.br\/se\/wp-content\/uploads\/2017\/05\/Logo-fone-1-2-1-2-4.jpg\" alt=\"SENOTICIAS\" width=\"599\" height=\"78\" srcset=\"https:\/\/senoticias.com.br\/se\/wp-content\/uploads\/2017\/05\/Logo-fone-1-2-1-2-4.jpg 599w, https:\/\/senoticias.com.br\/se\/wp-content\/uploads\/2017\/05\/Logo-fone-1-2-1-2-4-300x39.jpg 300w\" sizes=\"(max-width: 599px) 100vw, 599px\" \/><\/p>\n<p style=\"text-align: justify;\"><strong>Acompanhe tamb\u00e9m o SE Not\u00edcias no<\/strong><span class=\"apple-converted-space\"><b>\u00a0<\/b><\/span><a href=\"https:\/\/twitter.com\/Senoticias\" target=\"_blank\"><b>Twitter<\/b><\/a><strong>,<\/strong><span class=\"apple-converted-space\"><b>\u00a0<\/b><\/span><a href=\"https:\/\/www.facebook.com\/senoticias1\" target=\"_blank\"><b>Facebook<\/b><span class=\"apple-converted-space\"><b>\u00a0<\/b><\/span><\/a><strong>e no<\/strong><span class=\"apple-converted-space\"><b>\u00a0<\/b><\/span><a href=\"https:\/\/www.instagram.com\/senoticias\/\" target=\"_blank\"><b>Instagram<\/b><\/a><strong>.<\/strong><\/p>\n<p style=\"text-align: justify;\">\n<p style=\"text-align: justify;\"><em>Fonte: Ag\u00eancia Brasil<\/em><\/p>\n","protected":false},"excerpt":{"rendered":"<p>A Volkswagen anunciou o recall de 54.170 ve\u00edculos, com data de fabrica\u00e7\u00e3o entre 1\u00ba de mar\u00e7o do ano passado e 12 de janeiro deste ano. Os autom\u00f3veis inclu\u00eddos t\u00eam possibilidade de inoper\u00e2ncia do alternador, que pode deixar de gerar energia para a bateria e levar o sistema el\u00e9trico do ve\u00edculo a parar. Recall \u00e9 o [&hellip;]<\/p>\n","protected":false},"author":2,"featured_media":0,"comment_status":"closed","ping_status":"closed","sticky":false,"template":"","format":"standard","meta":{"footnotes":""},"categories":[45],"tags":[3449,2940,3448],"class_list":{"0":"post-102958","1":"post","2":"type-post","3":"status-publish","4":"format-standard","6":"category-tecnologia","7":"tag-recall","8":"tag-veiculos","9":"tag-volkswagem"},"_links":{"self":[{"href":"https:\/\/senoticias.com.br\/se\/wp-json\/wp\/v2\/posts\/102958"}],"collection":[{"href":"https:\/\/senoticias.com.br\/se\/wp-json\/wp\/v2\/posts"}],"about":[{"href":"https:\/\/senoticias.com.br\/se\/wp-json\/wp\/v2\/types\/post"}],"author":[{"embeddable":true,"href":"https:\/\/senoticias.com.br\/se\/wp-json\/wp\/v2\/users\/2"}],"replies":[{"embeddable":true,"href":"https:\/\/senoticias.com.br\/se\/wp-json\/wp\/v2\/comments?post=102958"}],"version-history":[{"count":0,"href":"https:\/\/senoticias.com.br\/se\/wp-json\/wp\/v2\/posts\/102958\/revisions"}],"wp:attachment":[{"href":"https:\/\/senoticias.com.br\/se\/wp-json\/wp\/v2\/media?parent=102958"}],"wp:term":[{"taxonomy":"category","embeddable":true,"href":"https:\/\/senoticias.com.br\/se\/wp-json\/wp\/v2\/categories?post=102958"},{"taxonomy":"post_tag","embeddable":true,"href":"https:\/\/senoticias.com.br\/se\/wp-json\/wp\/v2\/tags?post=102958"}],"curies":[{"name":"wp","href":"https:\/\/api.w.org\/{rel}","templated":true}]}}