{"id":102957,"date":"2017-05-08T08:03:22","date_gmt":"2017-05-08T11:03:22","guid":{"rendered":"http:\/\/senoticias.com.br\/se\/?p=102957"},"modified":"2017-05-09T07:33:21","modified_gmt":"2017-05-09T10:33:21","slug":"homem-e-preso-com-4-kg-de-drogas-no-conjunto-marcos-freire-iii","status":"publish","type":"post","link":"https:\/\/senoticias.com.br\/se\/homem-e-preso-com-4-kg-de-drogas-no-conjunto-marcos-freire-iii\/","title":{"rendered":"Pol\u00edcia prende acusado de tr\u00e1fico de drogas no Conjunto Marcos Freire III"},"content":{"rendered":"<p style=\"text-align: justify;\">No \u00faltimo final de semana, policiais civis do Departamento de Narc\u00f3ticos (Denarc) e militares do Batalh\u00e3o de Pol\u00edcia de Radiopatrulha (BPRp) efetuaram a pris\u00e3o em flagrante de Diego Batista dos Santos, 30 anos, \u00a0acusado de cometer o crime de de tr\u00e1fico de drogas no conjunto Marcos Freire III, em Nossa Senhora do Socorro.<\/p>\n<p style=\"text-align: justify;\">A pris\u00e3o aconteceu ap\u00f3s investiga\u00e7\u00f5es desencadeadas por den\u00fancias feitas por populares via Disque Den\u00fancia 181, que levaram os policiais at\u00e9 a resid\u00eancia de Diego.<\/p>\n<div id=\"attachment_102966\" style=\"width: 609px\" class=\"wp-caption aligncenter\"><img loading=\"lazy\" decoding=\"async\" aria-describedby=\"caption-attachment-102966\" class=\"size-full wp-image-102966\" src=\"http:\/\/senoticias.com.br\/se\/wp-content\/uploads\/2017\/05\/SSP-SE-e1494253220669.jpeg\" alt=\"Diego Batista dos Santos foi preso em flagrante e est\u00e1 \u00e0 disposi\u00e7\u00e3o da justi\u00e7a\" width=\"599\" height=\"449\" \/><p id=\"caption-attachment-102966\" class=\"wp-caption-text\">Diego Batista dos Santos foi preso em flagrante e est\u00e1 \u00e0 disposi\u00e7\u00e3o da justi\u00e7a (foto: SSP\/SE)<\/p><\/div>\n<p style=\"text-align: justify;\">De acordo com informa\u00e7\u00f5es dos policiais, ao serem percebidos no local e chamarem por Diego na porta da casa, escutaram um barulho de telha quebrando, o que despertou a suspeita de que estava havendo uma poss\u00edvel oculta\u00e7\u00e3o da droga, situa\u00e7\u00e3o confirmada no momento em que a Pol\u00edcia entrou no local.<\/p>\n<p style=\"text-align: justify;\">No interior do domic\u00edlio, foi efetuada uma busca na qual foram encontrados pelos policiais duas balan\u00e7as de precis\u00e3o, j\u00e1 no telhado da casa, tr\u00eas tabletes de crack e um tablete de coca\u00edna, totalizando 4kg de entorpecentes. Um dos detalhes que chamou aten\u00e7\u00e3o da Pol\u00edcia foi a estampa da embalagem da droga apreendia , que tinha como adesivo de embalagem a foto de um ator representando Pablo Escobar.<\/p>\n<p style=\"text-align: justify;\">Ap\u00f3s o flagrante, Diego foi conduzido imediatamente ao Denarc, onde foi autuado em flagrante por tr\u00e1fico de drogas. Al\u00e9m disso, em consulta feitas no Departamento foi identificado que o homem j\u00e1 havia preso por roubo anteriormente.<\/p>\n<p style=\"text-align: justify;\"><img loading=\"lazy\" decoding=\"async\" class=\"aligncenter size-full wp-image-102798\" src=\"http:\/\/senoticias.com.br\/se\/wp-content\/uploads\/2017\/05\/Logo-fone-1-2-1-2-4.jpg\" alt=\"SENOTICIAS\" width=\"599\" height=\"78\" srcset=\"https:\/\/senoticias.com.br\/se\/wp-content\/uploads\/2017\/05\/Logo-fone-1-2-1-2-4.jpg 599w, https:\/\/senoticias.com.br\/se\/wp-content\/uploads\/2017\/05\/Logo-fone-1-2-1-2-4-300x39.jpg 300w\" sizes=\"(max-width: 599px) 100vw, 599px\" \/><\/p>\n<p style=\"text-align: justify;\"><strong>Acompanhe tamb\u00e9m o SE Not\u00edcias no<\/strong><span class=\"apple-converted-space\"><b>\u00a0<\/b><\/span><a href=\"https:\/\/twitter.com\/Senoticias\" target=\"_blank\"><b>Twitter<\/b><\/a><strong>,<\/strong><span class=\"apple-converted-space\"><b>\u00a0<\/b><\/span><a href=\"https:\/\/www.facebook.com\/senoticias1\" target=\"_blank\"><b>Facebook<\/b><span class=\"apple-converted-space\"><b>\u00a0<\/b><\/span><\/a><strong>e no<\/strong><span class=\"apple-converted-space\"><b>\u00a0<\/b><\/span><a href=\"https:\/\/www.instagram.com\/senoticias\/\" target=\"_blank\"><b>Instagram<\/b><\/a><\/p>\n<p style=\"text-align: justify;\">por ascom\/SSP\/SE<\/p>\n","protected":false},"excerpt":{"rendered":"<p>No \u00faltimo final de semana, policiais civis do Departamento de Narc\u00f3ticos (Denarc) e militares do Batalh\u00e3o de Pol\u00edcia de Radiopatrulha (BPRp) efetuaram a pris\u00e3o em flagrante de Diego Batista dos Santos, 30 anos, \u00a0acusado de cometer o crime de de tr\u00e1fico de drogas no conjunto Marcos Freire III, em Nossa Senhora do Socorro. A pris\u00e3o [&hellip;]<\/p>\n","protected":false},"author":2,"featured_media":102966,"comment_status":"closed","ping_status":"closed","sticky":false,"template":"","format":"standard","meta":{"footnotes":""},"categories":[15,7],"tags":[2497,3447,2866],"class_list":{"0":"post-102957","1":"post","2":"type-post","3":"status-publish","4":"format-standard","5":"has-post-thumbnail","7":"category-destaques","8":"category-policia","9":"tag-drogas","10":"tag-osvaldo-rezende","11":"tag-preso"},"_links":{"self":[{"href":"https:\/\/senoticias.com.br\/se\/wp-json\/wp\/v2\/posts\/102957"}],"collection":[{"href":"https:\/\/senoticias.com.br\/se\/wp-json\/wp\/v2\/posts"}],"about":[{"href":"https:\/\/senoticias.com.br\/se\/wp-json\/wp\/v2\/types\/post"}],"author":[{"embeddable":true,"href":"https:\/\/senoticias.com.br\/se\/wp-json\/wp\/v2\/users\/2"}],"replies":[{"embeddable":true,"href":"https:\/\/senoticias.com.br\/se\/wp-json\/wp\/v2\/comments?post=102957"}],"version-history":[{"count":0,"href":"https:\/\/senoticias.com.br\/se\/wp-json\/wp\/v2\/posts\/102957\/revisions"}],"wp:featuredmedia":[{"embeddable":true,"href":"https:\/\/senoticias.com.br\/se\/wp-json\/wp\/v2\/media\/102966"}],"wp:attachment":[{"href":"https:\/\/senoticias.com.br\/se\/wp-json\/wp\/v2\/media?parent=102957"}],"wp:term":[{"taxonomy":"category","embeddable":true,"href":"https:\/\/senoticias.com.br\/se\/wp-json\/wp\/v2\/categories?post=102957"},{"taxonomy":"post_tag","embeddable":true,"href":"https:\/\/senoticias.com.br\/se\/wp-json\/wp\/v2\/tags?post=102957"}],"curies":[{"name":"wp","href":"https:\/\/api.w.org\/{rel}","templated":true}]}}