{"id":102949,"date":"2017-05-07T18:28:12","date_gmt":"2017-05-07T21:28:12","guid":{"rendered":"http:\/\/senoticias.com.br\/se\/?p=102949"},"modified":"2017-05-07T18:35:51","modified_gmt":"2017-05-07T21:35:51","slug":"corinthians-1-x-1-ponte-preta-timao-e-campeao-paulista-na-arena-itaquera","status":"publish","type":"post","link":"https:\/\/senoticias.com.br\/se\/corinthians-1-x-1-ponte-preta-timao-e-campeao-paulista-na-arena-itaquera\/","title":{"rendered":"Corinthians 1 x 1 Ponte Preta &#8211; Tim\u00e3o \u00e9 campe\u00e3o Paulista na Arena Itaquera"},"content":{"rendered":"<p style=\"text-align: justify;\">O Corinthians \u00e9 a primeira for\u00e7a do Estado de S\u00e3o Paulo. Neste domingo, o antes contestado time dirigido por F\u00e1bio Carille contrariou de vez as an\u00e1lises de quem o via abaixo dos rivais Palmeiras, Santos e S\u00e3o Paulo em 2017. Empatou por 1 a 1 com a Ponte Preta, advers\u00e1ria que havia derrotado por 3 a 0 na semana passada, e sagrou-se campe\u00e3o paulista em sua cent\u00e9sima partida em Itaquera. Os gols foram do atacante paraguaio \u00c1ngel Romero e do zagueiro Marllon.<\/p>\n<div id=\"attachment_102950\" style=\"width: 609px\" class=\"wp-caption aligncenter\"><img loading=\"lazy\" decoding=\"async\" aria-describedby=\"caption-attachment-102950\" class=\"size-full wp-image-102950\" src=\"http:\/\/senoticias.com.br\/se\/wp-content\/uploads\/2017\/05\/Corinthians-SENOTICIAS-e1494192341681.jpg\" alt=\"Corinthians \u00e9 campe\u00e3o paulista de 2017\" width=\"599\" height=\"338\" \/><p id=\"caption-attachment-102950\" class=\"wp-caption-text\">Corinthians \u00e9 campe\u00e3o paulista de 2017 (Foto: ag\u00eancia Corinthians)<\/p><\/div>\n<p style=\"text-align: justify;\">A supremacia do Corinthians no torneio estadual tamb\u00e9m \u00e9 hist\u00f3rica. Com mais uma conquista, o clube do Parque S\u00e3o Jorge passou a contabilizar 28, bem \u00e0 frente de Palmeiras (22), Santos (22) e S\u00e3o Paulo (21). De quebra, arrecadou os R$ 5 milh\u00f5es do pr\u00eamio oferecido pela Federa\u00e7\u00e3o Paulista de Futebol (FPF) \u2013 a Ponte receber\u00e1 R$ 1,650 milh\u00e3o pelo vice-campeonato \u2013, importantes em \u00e9poca de crise financeira.<\/p>\n<p style=\"text-align: justify;\">O Corinthians s\u00f3 ter\u00e1 pouco tempo para comemorar. O campe\u00e3o paulista ser\u00e1 colocado \u00e0 prova em outras duas competi\u00e7\u00f5es ainda nesta semana. Ir\u00e1 a Santiago para enfrentar a Universidad de Chile na quarta-feira, pela Copa Sul-Americana \u2013 ganhou o jogo de ida por 2 a 0. E, no s\u00e1bado, atuar\u00e1 contra a Chapecoense outra vez em Itaquera, onde ganhou o seu primeiro t\u00edtulo, pela rodada inaugural do Campeonato Brasileiro.<\/p>\n<p style=\"text-align: justify;\">Do outro lado, a Ponte Preta, que perder\u00e1 alguns dos seus destaques ao t\u00e9rmino do Estadual, viu novamente adiado o seu sonho de enfim angariar o trof\u00e9u de um torneio expressivo para a sua esvaziada galeria. A derrota para o Corinthians de 2017 se soma \u00e0s quedas para o mesmo oponente nas finais estaduais de 1977 e 1979. No pr\u00f3ximo domingo, o time de Campinas buscar\u00e1 a reabilita\u00e7\u00e3o emocional contra o Sport, no Mois\u00e9s Lucarelli, pelo Brasileiro.<\/p>\n<p style=\"text-align: justify;\"><img loading=\"lazy\" decoding=\"async\" class=\"aligncenter size-full wp-image-102798\" src=\"http:\/\/senoticias.com.br\/se\/wp-content\/uploads\/2017\/05\/Logo-fone-1-2-1-2-4.jpg\" alt=\"SENOTICIAS\" width=\"599\" height=\"78\" srcset=\"https:\/\/senoticias.com.br\/se\/wp-content\/uploads\/2017\/05\/Logo-fone-1-2-1-2-4.jpg 599w, https:\/\/senoticias.com.br\/se\/wp-content\/uploads\/2017\/05\/Logo-fone-1-2-1-2-4-300x39.jpg 300w\" sizes=\"(max-width: 599px) 100vw, 599px\" \/><\/p>\n<p style=\"text-align: justify;\"><em><strong>Acompanhe tamb\u00e9m o SE Not\u00edcias no<\/strong><strong>\u00a0<\/strong><strong><a href=\"https:\/\/twitter.com\/Senoticias\">Twitter<\/a>,<\/strong><strong>\u00a0<\/strong><strong><a href=\"https:\/\/www.facebook.com\/senoticias1\">Facebook\u00a0<\/a>e no<\/strong><strong>\u00a0<\/strong><strong><a href=\"https:\/\/www.instagram.com\/senoticias\/\">Instagram<\/a><\/strong><\/em><\/p>\n<p style=\"text-align: justify;\"><strong><em>por Gazeta Esportiva<\/em><\/strong><\/p>\n","protected":false},"excerpt":{"rendered":"<p>O Corinthians \u00e9 a primeira for\u00e7a do Estado de S\u00e3o Paulo. Neste domingo, o antes contestado time dirigido por F\u00e1bio Carille contrariou de vez as an\u00e1lises de quem o via abaixo dos rivais Palmeiras, Santos e S\u00e3o Paulo em 2017. Empatou por 1 a 1 com a Ponte Preta, advers\u00e1ria que havia derrotado por 3 [&hellip;]<\/p>\n","protected":false},"author":2,"featured_media":102950,"comment_status":"closed","ping_status":"closed","sticky":false,"template":"","format":"standard","meta":{"footnotes":""},"categories":[26],"tags":[3438,3437,3439,3436],"class_list":{"0":"post-102949","1":"post","2":"type-post","3":"status-publish","4":"format-standard","5":"has-post-thumbnail","7":"category-esportes","8":"tag-campeao-paulista-2017","9":"tag-corinthians","10":"tag-ponte-preta","11":"tag-timao-e-campeao-paulista"},"_links":{"self":[{"href":"https:\/\/senoticias.com.br\/se\/wp-json\/wp\/v2\/posts\/102949"}],"collection":[{"href":"https:\/\/senoticias.com.br\/se\/wp-json\/wp\/v2\/posts"}],"about":[{"href":"https:\/\/senoticias.com.br\/se\/wp-json\/wp\/v2\/types\/post"}],"author":[{"embeddable":true,"href":"https:\/\/senoticias.com.br\/se\/wp-json\/wp\/v2\/users\/2"}],"replies":[{"embeddable":true,"href":"https:\/\/senoticias.com.br\/se\/wp-json\/wp\/v2\/comments?post=102949"}],"version-history":[{"count":0,"href":"https:\/\/senoticias.com.br\/se\/wp-json\/wp\/v2\/posts\/102949\/revisions"}],"wp:featuredmedia":[{"embeddable":true,"href":"https:\/\/senoticias.com.br\/se\/wp-json\/wp\/v2\/media\/102950"}],"wp:attachment":[{"href":"https:\/\/senoticias.com.br\/se\/wp-json\/wp\/v2\/media?parent=102949"}],"wp:term":[{"taxonomy":"category","embeddable":true,"href":"https:\/\/senoticias.com.br\/se\/wp-json\/wp\/v2\/categories?post=102949"},{"taxonomy":"post_tag","embeddable":true,"href":"https:\/\/senoticias.com.br\/se\/wp-json\/wp\/v2\/tags?post=102949"}],"curies":[{"name":"wp","href":"https:\/\/api.w.org\/{rel}","templated":true}]}}