{"id":102895,"date":"2017-05-05T08:28:53","date_gmt":"2017-05-05T11:28:53","guid":{"rendered":"http:\/\/senoticias.com.br\/se\/?p=102895"},"modified":"2017-05-06T21:23:04","modified_gmt":"2017-05-07T00:23:04","slug":"governo-inicia-campanha-contra-febre-aftosa","status":"publish","type":"post","link":"https:\/\/senoticias.com.br\/se\/governo-inicia-campanha-contra-febre-aftosa\/","title":{"rendered":"Governo de Sergipe inicia campanha contra febre aftosa"},"content":{"rendered":"<p style=\"text-align: justify;\">O governo do Estado, por meio da Empresa de Desenvolvimento Agropecu\u00e1rio de Sergipe (Emdagro), inicia a primeira etapa da campanha contra a Febre Aftosa. Dividida em duas etapas, maio e novembro, a campanha objetiva imunizar 1,220 milh\u00e3o de animais entre bovinos e bubalinos, independente da faixa et\u00e1ria do rebanho. A primeira etapa ocorre at\u00e9 o dia 31 deste m\u00eas.<\/p>\n<div id=\"attachment_102896\" style=\"width: 609px\" class=\"wp-caption aligncenter\"><img loading=\"lazy\" decoding=\"async\" aria-describedby=\"caption-attachment-102896\" class=\"size-full wp-image-102896\" src=\"http:\/\/senoticias.com.br\/se\/wp-content\/uploads\/2017\/05\/68fc3ae071a208fc5051c7d59eb0e3ab-e1493983697826.jpg\" alt=\"A Febre aftosa \u00e9 uma enfermidade altamente contagiosa que ataca todos os animais de casco fendido, principalmente bovinos, su\u00ednos, ovinos e caprinos \/ Foto: Divulga\u00e7\u00e3o ASN\" width=\"599\" height=\"597\" \/><p id=\"caption-attachment-102896\" class=\"wp-caption-text\">A Febre aftosa \u00e9 uma enfermidade altamente contagiosa que ataca todos os animais de casco fendido, principalmente bovinos, su\u00ednos, ovinos e caprinos \/ Foto: Divulga\u00e7\u00e3o ASN<\/p><\/div>\n<p style=\"text-align: justify;\">Com a medida, o estado de Sergipe entra em seu 22\u00ba ano sem o registro da doen\u00e7a. A expectativa, conforme a diretora de Defesa Vegetal da Empresa de Desenvolvimento Agropecu\u00e1rio de Sergipe (Emdagro), Salete Dezen, \u00e9 superar os 94% de vacina\u00e7\u00e3o registrado ano passado. \u201cNossa meta \u00e9 sempre atingir o 100% do rebanho. O Minist\u00e9rio P\u00fablico est\u00e1 em parceria conosco para garantir que nenhum bovino fique sem a devida imuniza\u00e7\u00e3o\u201d, informou.<\/p>\n<p>As vacinas se encontram dispon\u00edveis nas principais casas agropecu\u00e1rias do estado, as quais o pr\u00f3prio criador dever\u00e1 adquirir a um pre\u00e7o que varia entre R$ 1,30 a R$ 1,60 cada. Ap\u00f3s a aplica\u00e7\u00e3o, o pecuarista deve declarar a vacina\u00e7\u00e3o em algum escrit\u00f3rio da Emdagro.<\/p>\n<p style=\"text-align: justify;\"><img loading=\"lazy\" decoding=\"async\" class=\"aligncenter size-full wp-image-102798\" src=\"http:\/\/senoticias.com.br\/se\/wp-content\/uploads\/2017\/05\/Logo-fone-1-2-1-2-4.jpg\" alt=\"Logo-fone-1-2-1-2-4\" width=\"599\" height=\"78\" srcset=\"https:\/\/senoticias.com.br\/se\/wp-content\/uploads\/2017\/05\/Logo-fone-1-2-1-2-4.jpg 599w, https:\/\/senoticias.com.br\/se\/wp-content\/uploads\/2017\/05\/Logo-fone-1-2-1-2-4-300x39.jpg 300w\" sizes=\"(max-width: 599px) 100vw, 599px\" \/><\/p>\n<p><strong>Acompanhe tamb\u00e9m o SE Not\u00edcias no<\/strong><span class=\"apple-converted-space\"><b>\u00a0<\/b><\/span><a href=\"https:\/\/twitter.com\/Senoticias\" target=\"_blank\"><b>Twitter<\/b><\/a><strong>,<\/strong><span class=\"apple-converted-space\"><b>\u00a0<\/b><\/span><a href=\"https:\/\/www.facebook.com\/senoticias1\" target=\"_blank\"><b>Facebook<\/b><span class=\"apple-converted-space\"><b>\u00a0<\/b><\/span><\/a><strong>e no<\/strong><span class=\"apple-converted-space\"><b>\u00a0<\/b><\/span><a href=\"https:\/\/www.instagram.com\/senoticias\/\" target=\"_blank\"><b>Instagram<\/b><\/a><\/p>\n<p><em>Ag\u00eancia Sergipe de Not\u00edcias<\/em><\/p>\n","protected":false},"excerpt":{"rendered":"<p>O governo do Estado, por meio da Empresa de Desenvolvimento Agropecu\u00e1rio de Sergipe (Emdagro), inicia a primeira etapa da campanha contra a Febre Aftosa. Dividida em duas etapas, maio e novembro, a campanha objetiva imunizar 1,220 milh\u00e3o de animais entre bovinos e bubalinos, independente da faixa et\u00e1ria do rebanho. A primeira etapa ocorre at\u00e9 o [&hellip;]<\/p>\n","protected":false},"author":2,"featured_media":0,"comment_status":"closed","ping_status":"closed","sticky":false,"template":"","format":"standard","meta":{"footnotes":""},"categories":[38,6],"tags":[3407,3406,2002,448,2882],"class_list":{"0":"post-102895","1":"post","2":"type-post","3":"status-publish","4":"format-standard","6":"category-municipios","7":"category-politica","8":"tag-emdagro","9":"tag-febre-aftosa","10":"tag-governo","11":"tag-governo-de-sergipe","12":"tag-vacinacao"},"_links":{"self":[{"href":"https:\/\/senoticias.com.br\/se\/wp-json\/wp\/v2\/posts\/102895"}],"collection":[{"href":"https:\/\/senoticias.com.br\/se\/wp-json\/wp\/v2\/posts"}],"about":[{"href":"https:\/\/senoticias.com.br\/se\/wp-json\/wp\/v2\/types\/post"}],"author":[{"embeddable":true,"href":"https:\/\/senoticias.com.br\/se\/wp-json\/wp\/v2\/users\/2"}],"replies":[{"embeddable":true,"href":"https:\/\/senoticias.com.br\/se\/wp-json\/wp\/v2\/comments?post=102895"}],"version-history":[{"count":0,"href":"https:\/\/senoticias.com.br\/se\/wp-json\/wp\/v2\/posts\/102895\/revisions"}],"wp:attachment":[{"href":"https:\/\/senoticias.com.br\/se\/wp-json\/wp\/v2\/media?parent=102895"}],"wp:term":[{"taxonomy":"category","embeddable":true,"href":"https:\/\/senoticias.com.br\/se\/wp-json\/wp\/v2\/categories?post=102895"},{"taxonomy":"post_tag","embeddable":true,"href":"https:\/\/senoticias.com.br\/se\/wp-json\/wp\/v2\/tags?post=102895"}],"curies":[{"name":"wp","href":"https:\/\/api.w.org\/{rel}","templated":true}]}}