{"id":102893,"date":"2017-05-05T08:18:44","date_gmt":"2017-05-05T11:18:44","guid":{"rendered":"http:\/\/senoticias.com.br\/se\/?p=102893"},"modified":"2017-05-06T06:36:33","modified_gmt":"2017-05-06T09:36:33","slug":"tribunal-dispensa-lula-de-comparecer-a-depoimentos-de-87-testemunhas-de-defesa","status":"publish","type":"post","link":"https:\/\/senoticias.com.br\/se\/tribunal-dispensa-lula-de-comparecer-a-depoimentos-de-87-testemunhas-de-defesa\/","title":{"rendered":"Tribunal dispensa Lula de comparecer a depoimentos de 87 testemunhas de defesa"},"content":{"rendered":"<p style=\"text-align: justify;\">O ex-presidente Luiz In\u00e1cio Lula da Silva n\u00e3o precisar\u00e1 comparecer \u00e0s audi\u00eancias em que 87 testemunhas de defesa ser\u00e3o ouvidas pelo juiz federal S\u00e9rgio Moro na a\u00e7\u00e3o penal em que \u00e9 r\u00e9u no \u00e2mbito da Opera\u00e7\u00e3o Lava Jato. A decis\u00e3o foi tomada nesta quarta-feira (3) pelo Tribunal Regional Federal da 4\u00aa Regi\u00e3o, ap\u00f3s pedido feito pela defesa do ex-presidente.<\/p>\n<div id=\"attachment_102894\" style=\"width: 590px\" class=\"wp-caption aligncenter\"><img loading=\"lazy\" decoding=\"async\" aria-describedby=\"caption-attachment-102894\" class=\"size-full wp-image-102894\" src=\"http:\/\/senoticias.com.br\/se\/wp-content\/uploads\/2017\/05\/coletiva_lula.png\" alt=\"Lu\u00eds In\u00e1cio Lula da Silva. Foto: Ag\u00eancia Brasil\" width=\"580\" height=\"388\" srcset=\"https:\/\/senoticias.com.br\/se\/wp-content\/uploads\/2017\/05\/coletiva_lula.png 580w, https:\/\/senoticias.com.br\/se\/wp-content\/uploads\/2017\/05\/coletiva_lula-300x201.png 300w, https:\/\/senoticias.com.br\/se\/wp-content\/uploads\/2017\/05\/coletiva_lula-90x60.png 90w, https:\/\/senoticias.com.br\/se\/wp-content\/uploads\/2017\/05\/coletiva_lula-180x120.png 180w, https:\/\/senoticias.com.br\/se\/wp-content\/uploads\/2017\/05\/coletiva_lula-95x64.png 95w\" sizes=\"(max-width: 580px) 100vw, 580px\" \/><p id=\"caption-attachment-102894\" class=\"wp-caption-text\">Lu\u00eds In\u00e1cio Lula da Silva. Foto: Ag\u00eancia Brasil<\/p><\/div>\n<p style=\"text-align: justify;\">H\u00e1 duas semanas, S\u00e9rgio Moro havia determinado que Lula estivesse presente durante os depoimentos de todas as 87 pessoas, dentre elas os ex-diretores da Pol\u00edcia Federal Luiz Fernando Correa e Paulo Lacerda, al\u00e9m do ex-ministro da Controladoria-Geral da Uni\u00e3o Jorge Hage.<\/p>\n<p style=\"text-align: justify;\">De acordo com o juiz federal Nivaldo Brunoni, que aceitou o <em>habeas corpus<\/em> da defesa de Lula em substitui\u00e7\u00e3o ao desembargador Jo\u00e3o Pedro Gebran Neto, o acompanhamento pessoal do r\u00e9u em audi\u00eancias de testemunhas \u00e9 \u201cmera faculdade legal\u201d e pode ser feito pela pr\u00f3pria defesa, \u201csobretudo\u201d quando o r\u00e9u n\u00e3o reside \u201cno local da sede do ju\u00edzo onde tramita o processo.\u201d<\/p>\n<p style=\"text-align: justify;\">Ao aceitar a solicita\u00e7\u00e3o do advogado Cristiano Zanin Martins, Brunoni tamb\u00e9m lembrou que o juiz poderia recusar a realiza\u00e7\u00e3o de provas que se mostrarem irrelevantes ou protelat\u00f3rias. \u201cN\u00e3o haveria \u00f3bice \u00e0 limita\u00e7\u00e3o do n\u00famero de testemunhas pelo magistrado. N\u00e3o \u00e9 razo\u00e1vel exigir a presen\u00e7a do r\u00e9u em todas as audi\u00eancias de oitiva de testemunhas, podendo o ex-presidente ser representado pelos advogados\u201d, afirmou o juiz, na decis\u00e3o.<\/p>\n<p style=\"text-align: justify;\"><img loading=\"lazy\" decoding=\"async\" class=\"aligncenter size-full wp-image-102798\" src=\"http:\/\/senoticias.com.br\/se\/wp-content\/uploads\/2017\/05\/Logo-fone-1-2-1-2-4.jpg\" alt=\"Logo-fone-1-2-1-2-4\" width=\"599\" height=\"78\" srcset=\"https:\/\/senoticias.com.br\/se\/wp-content\/uploads\/2017\/05\/Logo-fone-1-2-1-2-4.jpg 599w, https:\/\/senoticias.com.br\/se\/wp-content\/uploads\/2017\/05\/Logo-fone-1-2-1-2-4-300x39.jpg 300w\" sizes=\"(max-width: 599px) 100vw, 599px\" \/><\/p>\n<p style=\"text-align: justify;\"><strong>Acompanhe tamb\u00e9m o SE Not\u00edcias no<\/strong><span class=\"apple-converted-space\"><b>\u00a0<\/b><\/span><a href=\"https:\/\/twitter.com\/Senoticias\" target=\"_blank\"><b>Twitter<\/b><\/a><strong>,<\/strong><span class=\"apple-converted-space\"><b>\u00a0<\/b><\/span><a href=\"https:\/\/www.facebook.com\/senoticias1\" target=\"_blank\"><b>Facebook<\/b><span class=\"apple-converted-space\"><b>\u00a0<\/b><\/span><\/a><strong>e no<\/strong><span class=\"apple-converted-space\"><b>\u00a0<\/b><\/span><a href=\"https:\/\/www.instagram.com\/senoticias\/\" target=\"_blank\"><b>Instagram<\/b><\/a><\/p>\n<p style=\"text-align: justify;\">Por Ag\u00eancia Brasil<\/p>\n","protected":false},"excerpt":{"rendered":"<p>O ex-presidente Luiz In\u00e1cio Lula da Silva n\u00e3o precisar\u00e1 comparecer \u00e0s audi\u00eancias em que 87 testemunhas de defesa ser\u00e3o ouvidas pelo juiz federal S\u00e9rgio Moro na a\u00e7\u00e3o penal em que \u00e9 r\u00e9u no \u00e2mbito da Opera\u00e7\u00e3o Lava Jato. A decis\u00e3o foi tomada nesta quarta-feira (3) pelo Tribunal Regional Federal da 4\u00aa Regi\u00e3o, ap\u00f3s pedido feito [&hellip;]<\/p>\n","protected":false},"author":2,"featured_media":0,"comment_status":"closed","ping_status":"closed","sticky":false,"template":"","format":"standard","meta":{"footnotes":""},"categories":[6],"tags":[3397,90,391],"class_list":{"0":"post-102893","1":"post","2":"type-post","3":"status-publish","4":"format-standard","6":"category-politica","7":"tag-lavajato","8":"tag-lula","9":"tag-moro"},"_links":{"self":[{"href":"https:\/\/senoticias.com.br\/se\/wp-json\/wp\/v2\/posts\/102893"}],"collection":[{"href":"https:\/\/senoticias.com.br\/se\/wp-json\/wp\/v2\/posts"}],"about":[{"href":"https:\/\/senoticias.com.br\/se\/wp-json\/wp\/v2\/types\/post"}],"author":[{"embeddable":true,"href":"https:\/\/senoticias.com.br\/se\/wp-json\/wp\/v2\/users\/2"}],"replies":[{"embeddable":true,"href":"https:\/\/senoticias.com.br\/se\/wp-json\/wp\/v2\/comments?post=102893"}],"version-history":[{"count":0,"href":"https:\/\/senoticias.com.br\/se\/wp-json\/wp\/v2\/posts\/102893\/revisions"}],"wp:attachment":[{"href":"https:\/\/senoticias.com.br\/se\/wp-json\/wp\/v2\/media?parent=102893"}],"wp:term":[{"taxonomy":"category","embeddable":true,"href":"https:\/\/senoticias.com.br\/se\/wp-json\/wp\/v2\/categories?post=102893"},{"taxonomy":"post_tag","embeddable":true,"href":"https:\/\/senoticias.com.br\/se\/wp-json\/wp\/v2\/tags?post=102893"}],"curies":[{"name":"wp","href":"https:\/\/api.w.org\/{rel}","templated":true}]}}