{"id":102882,"date":"2017-05-04T14:10:28","date_gmt":"2017-05-04T17:10:28","guid":{"rendered":"http:\/\/senoticias.com.br\/se\/?p=102882"},"modified":"2017-05-04T14:10:28","modified_gmt":"2017-05-04T17:10:28","slug":"tse-decide-manter-cassacao-do-governador-do-amazonas","status":"publish","type":"post","link":"https:\/\/senoticias.com.br\/se\/tse-decide-manter-cassacao-do-governador-do-amazonas\/","title":{"rendered":"TSE decide manter cassa\u00e7\u00e3o do governador do Amazonas"},"content":{"rendered":"<p style=\"text-align: justify;\"><em>Por Renan Ramalho, <a href=\"http:\/\/g1.globo.com\/am\/amazonas\/noticia\/tse-decide-manter-cassacao-do-governador-de-amazonas.ghtml\"><strong>G1<\/strong><\/a>, Bras\u00edlia<\/em><\/p>\n<p style=\"text-align: justify;\">\nTribunal Superior Eleitoral (TSE) decidiu nesta quinta-feira (4), por 5 votos a 2, manter a cassa\u00e7\u00e3o do governador de Amazonas, Jos\u00e9 Melo (PROS), e do vice, Henrique Oliveira (SD), por compra de votos nas elei\u00e7\u00f5es de 2014. A corte informou que vai comunicar o Tribunal Regional Eleitoral do Amazonas para que o governador deixe o mandato imediatamente. A defesa ainda pode entrar com recursos.<br \/>\nAl\u00e9m da cassa\u00e7\u00e3o do governador e do vice, o tribunal decidiu pela realiza\u00e7\u00e3o de elei\u00e7\u00f5es diretas no estado. A expectativa \u00e9 que isso ocorra num per\u00edodo entre 20 e 40 dias.<\/p>\n<div id=\"attachment_102883\" style=\"width: 609px\" class=\"wp-caption aligncenter\"><img loading=\"lazy\" decoding=\"async\" aria-describedby=\"caption-attachment-102883\" class=\"size-full wp-image-102883\" src=\"http:\/\/senoticias.com.br\/se\/wp-content\/uploads\/2017\/05\/Governador-do-Amazonas-senoticias-e1493917609859.jpg\" alt=\"Jos\u00e9 Melo (Foto: Reprodu\u00e7\u00e3o\/Rede Amaz\u00f4nica)\" width=\"599\" height=\"375\" \/><p id=\"caption-attachment-102883\" class=\"wp-caption-text\">Jos\u00e9 Melo (Foto: Reprodu\u00e7\u00e3o\/Rede Amaz\u00f4nica)<\/p><\/div>\n<p style=\"text-align: justify;\">De acordo com o TSE, quem assume a cadeira do governador at\u00e9 a realiza\u00e7\u00e3o das elei\u00e7\u00f5es \u00e9 o presidente da Assembleia Legislativa do Amazonas, David Almeida (PSD).<\/p>\n<p>A cassa\u00e7\u00e3o j\u00e1 havia sido determinada pelo Tribunal Regional Eleitoral do Amazonas. A decis\u00e3o do TSE foi tomada na an\u00e1lise de um recurso movido pela defesa do governador, que contestava a primeira inst\u00e2ncia.<\/p>\n<p style=\"text-align: justify;\">Logo ap\u00f3s a decis\u00e3o, Melo informou que n\u00e3o iria se pronunciar sobre a decis\u00e3o do TSE. Ele deve se reunir com os advogados para ent\u00e3o definir quais medidas ser\u00e3o adotadas.<\/p>\n<p style=\"text-align: justify;\">\u00c0s 13h30 (hor\u00e1rio de Manaus), a Secretaria de Comunica\u00e7\u00e3o do Amazonas (Secom) enviou nota \u00e0 imprensa sobre a decis\u00e3o. &#8220;Recebi com grande surpresa a decis\u00e3o do TSE, que considerei injusta, pois n\u00e3o pratiquei nenhum ato reprov\u00e1vel. Respeito a decis\u00e3o e vou aguardar a publica\u00e7\u00e3o do ac\u00f3rd\u00e3o&#8221;, declarou o governador Jos\u00e9 Melo por meio de assessoria de imprensa.<\/p>\n<p style=\"text-align: justify;\">Por telefone, Henrique Oliveira disse \u00e0 Rede Amaz\u00f4nica que recebe com surpresa a decis\u00e3o e que ela deve ser respeitada.<\/p>\n<p style=\"text-align: justify;\"><strong>Hist\u00f3rico<\/strong><\/p>\n<p style=\"text-align: justify;\">A a\u00e7\u00e3o de cassa\u00e7\u00e3o do governado e do vice foi proposta pela coliga\u00e7\u00e3o advers\u00e1ria &#8220;Renova\u00e7\u00e3o e Experi\u00eancia&#8221;, que tinha como candidato o atual senador Eduardo Braga (PMDB), derrotado no segundo turno.<\/p>\n<p style=\"text-align: justify;\">Mesmo ap\u00f3s cassados, em 2016, Melo e Oliveira permaneceram nos cargos por decis\u00e3o do pr\u00f3prio Tribunal Regional Eleitoral. Em mar\u00e7o, o TRE negou o recurso da Coliga\u00e7\u00e3o &#8220;Renova\u00e7\u00e3o e Experi\u00eancia&#8221; que pedia a posse imediata de Eduardo Braga como governador e de Rebecca Garcia como vice.<\/p>\n<p style=\"text-align: justify;\"><strong>O julgamento<\/strong><\/p>\n<p style=\"text-align: justify;\">No julgamento, votaram pela cassa\u00e7\u00e3o os ministros Lu\u00eds Roberto Barroso, Edson Fachin, Herman Benjamin, Admar Gonzaga e Rosa Weber. Pela absolvi\u00e7\u00e3o votaram o relator do caso, Napole\u00e3o Nunes Maia Filho e Luciana L\u00f3ssio.<\/p>\n<p>A maioria dos ministros entendeu que houve compra de votos por uma assessora de confian\u00e7a do governador, Nair Blair, flagrada dentro do comit\u00ea de campanha, com R$ 7.700, al\u00e9m de recibos e planilha que mostravam a destina\u00e7\u00e3o de dinheiro para eleitores.<\/p>\n<p style=\"text-align: justify;\">Na an\u00e1lise do caso, apesar de reconhecerem a compra de votos, Maia Filho e L\u00f3ssio entenderam que n\u00e3o ficou comprovada a anu\u00eancia e consentimento do governador com os atos. Tamb\u00e9m levaram em conta depoimentos de eleitores que negaram ter vendido votos.<\/p>\n<p style=\"text-align: justify;\">A maioria dos ministros, por\u00e9m, entendeu que, dada a proximidade de Blair com Melo, n\u00e3o havia como ignorar o conhecimento do governador.<\/p>\n<p style=\"text-align: justify;\">\u201cOs documentos mostram de forma suficiente a entrega de vantagens pessoais com a finalidade de obten\u00e7\u00e3o de voto dos eleitores. \u00c9 desnecess\u00e1rio que o ato tenha sido praticado diretamente pelo candidato\u201d, disse o ministro Lu\u00eds Roberto Barroso, que abriu a diverg\u00eancia na Corte Eleitoral ao votar pela cassa\u00e7\u00e3o de Melo.<\/p>\n<p style=\"text-align: justify;\">A acusa\u00e7\u00e3o tamb\u00e9m questionava a contrata\u00e7\u00e3o, pelo governo do Amazonas, de uma empresa de Bras\u00edlia para monitoramento de delega\u00e7\u00f5es que participaram da Copa do Mundo 2014 em Manaus. A firma pertencia a Nair Blair.<\/p>\n<p style=\"text-align: justify;\">O contrato foi celebrado sem licita\u00e7\u00e3o pelo custo de R$ 1 milh\u00e3o e h\u00e1 suspeita de que a empresa tenha prestado os servi\u00e7os. Irregularidades nesse acordo foram reveladas em reportagem do Fant\u00e1stico, da TV Globo.<\/p>\n<p style=\"text-align: justify;\">Apenas dois ministros, no entanto \u2013 Herman Benjamin e Admar Gonzaga \u2013, levaram o fato em conta para votar pela cassa\u00e7\u00e3o.<\/p>\n<p style=\"text-align: justify;\">No processo, a defesa de Melo alegou que n\u00e3o h\u00e1 provas da liga\u00e7\u00e3o de Melo com a compra de votos e negou qualquer liga\u00e7\u00e3o da Ag\u00eancia Nacional de Seguran\u00e7a e Defesa com a campanha do governador de 2014. Ao final da sess\u00e3o, os advogados se negaram a falar com a imprensa.<\/p>\n<p style=\"text-align: justify;\"><img loading=\"lazy\" decoding=\"async\" class=\"aligncenter size-full wp-image-102798\" src=\"http:\/\/senoticias.com.br\/se\/wp-content\/uploads\/2017\/05\/Logo-fone-1-2-1-2-4.jpg\" alt=\"Logo-fone-1-2-1-2-4\" width=\"599\" height=\"78\" srcset=\"https:\/\/senoticias.com.br\/se\/wp-content\/uploads\/2017\/05\/Logo-fone-1-2-1-2-4.jpg 599w, https:\/\/senoticias.com.br\/se\/wp-content\/uploads\/2017\/05\/Logo-fone-1-2-1-2-4-300x39.jpg 300w\" sizes=\"(max-width: 599px) 100vw, 599px\" \/><\/p>\n<p style=\"text-align: justify;\"><strong>Acompanhe tamb\u00e9m o SE Not\u00edcias no<\/strong><span class=\"apple-converted-space\"><b>\u00a0<\/b><\/span><a href=\"https:\/\/twitter.com\/Senoticias\" target=\"_blank\"><b>Twitter<\/b><\/a><strong>,<\/strong><span class=\"apple-converted-space\"><b>\u00a0<\/b><\/span><a href=\"https:\/\/www.facebook.com\/senoticias1\" target=\"_blank\"><b>Facebook<\/b><span class=\"apple-converted-space\"><b>\u00a0<\/b><\/span><\/a><strong>e no<\/strong><span class=\"apple-converted-space\"><b>\u00a0<\/b><\/span><a href=\"https:\/\/www.instagram.com\/senoticias\/\" target=\"_blank\"><b>Instagram<\/b><\/a><strong>.<\/strong><\/p>\n<p style=\"text-align: justify;\">\n","protected":false},"excerpt":{"rendered":"<p>Por Renan Ramalho, G1, Bras\u00edlia Tribunal Superior Eleitoral (TSE) decidiu nesta quinta-feira (4), por 5 votos a 2, manter a cassa\u00e7\u00e3o do governador de Amazonas, Jos\u00e9 Melo (PROS), e do vice, Henrique Oliveira (SD), por compra de votos nas elei\u00e7\u00f5es de 2014. A corte informou que vai comunicar o Tribunal Regional Eleitoral do Amazonas para [&hellip;]<\/p>\n","protected":false},"author":2,"featured_media":102883,"comment_status":"closed","ping_status":"closed","sticky":false,"template":"","format":"standard","meta":{"footnotes":""},"categories":[15],"tags":[3382,3381,3385,3383,3384,3386,3387,550,3388],"class_list":{"0":"post-102882","1":"post","2":"type-post","3":"status-publish","4":"format-standard","5":"has-post-thumbnail","7":"category-destaques","8":"tag-cassacao","9":"tag-governador-do-amazonas","10":"tag-henrique-oliveira","11":"tag-jose-melo","12":"tag-pros","13":"tag-sd","14":"tag-solidariedade","15":"tag-tse","16":"tag-vice-governador"},"_links":{"self":[{"href":"https:\/\/senoticias.com.br\/se\/wp-json\/wp\/v2\/posts\/102882"}],"collection":[{"href":"https:\/\/senoticias.com.br\/se\/wp-json\/wp\/v2\/posts"}],"about":[{"href":"https:\/\/senoticias.com.br\/se\/wp-json\/wp\/v2\/types\/post"}],"author":[{"embeddable":true,"href":"https:\/\/senoticias.com.br\/se\/wp-json\/wp\/v2\/users\/2"}],"replies":[{"embeddable":true,"href":"https:\/\/senoticias.com.br\/se\/wp-json\/wp\/v2\/comments?post=102882"}],"version-history":[{"count":0,"href":"https:\/\/senoticias.com.br\/se\/wp-json\/wp\/v2\/posts\/102882\/revisions"}],"wp:featuredmedia":[{"embeddable":true,"href":"https:\/\/senoticias.com.br\/se\/wp-json\/wp\/v2\/media\/102883"}],"wp:attachment":[{"href":"https:\/\/senoticias.com.br\/se\/wp-json\/wp\/v2\/media?parent=102882"}],"wp:term":[{"taxonomy":"category","embeddable":true,"href":"https:\/\/senoticias.com.br\/se\/wp-json\/wp\/v2\/categories?post=102882"},{"taxonomy":"post_tag","embeddable":true,"href":"https:\/\/senoticias.com.br\/se\/wp-json\/wp\/v2\/tags?post=102882"}],"curies":[{"name":"wp","href":"https:\/\/api.w.org\/{rel}","templated":true}]}}