{"id":102878,"date":"2017-05-04T12:28:34","date_gmt":"2017-05-04T15:28:34","guid":{"rendered":"http:\/\/senoticias.com.br\/se\/?p=102878"},"modified":"2017-05-04T12:31:53","modified_gmt":"2017-05-04T15:31:53","slug":"forro-siri-2017-ambulantes-ja-estao-cadastrados-e-receberao-capacitacao","status":"publish","type":"post","link":"https:\/\/senoticias.com.br\/se\/forro-siri-2017-ambulantes-ja-estao-cadastrados-e-receberao-capacitacao\/","title":{"rendered":"Forr\u00f3 Siri 2017: ambulantes j\u00e1 est\u00e3o cadastrados e receber\u00e3o capacita\u00e7\u00e3o"},"content":{"rendered":"<div id=\"attachment_102879\" style=\"width: 609px\" class=\"wp-caption aligncenter\"><img loading=\"lazy\" decoding=\"async\" aria-describedby=\"caption-attachment-102879\" class=\"size-full wp-image-102879\" src=\"http:\/\/senoticias.com.br\/se\/wp-content\/uploads\/2017\/05\/abertura_forro_siri_2013-e1493911626334.jpg\" alt=\"Imagem: G1\" width=\"599\" height=\"444\" \/><p id=\"caption-attachment-102879\" class=\"wp-caption-text\">Imagem: G1<\/p><\/div>\n<p style=\"text-align: justify;\">Para alguns divers\u00e3o, para outros muito trabalho. Durante todo o m\u00eas de abril a Prefeitura de Nossa Senhora do Socorro, atrav\u00e9s da Secretaria Municipal de Cultura (Semcult), realizou o cadastramento e recadastramento dos vendedores ambulantes que desejam comercializar seus produtos durante o Forr\u00f3 Siri.<\/p>\n<p style=\"text-align: justify;\">O cadastro foi realizado no Centro Cultural, localizado na sede do munic\u00edpio, e mais de 200 profissionais foram cadastrados e est\u00e3o aptos a trabalhador durante o maior S\u00e3o Pedro de Sergipe. O principal objetivo desse processo foi promover a gera\u00e7\u00e3o de renda extra para os ambulantes, durante as comemora\u00e7\u00f5es juninas, al\u00e9m de garantir mais comodidade aos forrozeiros durante os festejos.<\/p>\n<p style=\"text-align: justify;\">Com o cadastramento dos profissionais a venda em isopores, barracas de drinks, towners, bares e tendas de lanche, est\u00e1 garantida. Mas n\u00e3o basta apenas ter produtos e vendedores dispon\u00edveis, \u00e9 preciso atentar para os cuidados com a manipula\u00e7\u00e3o dos alimentos comercializados. Pensando nisso a Gest\u00e3o Municipal, atrav\u00e9s da Vigil\u00e2ncia Sanit\u00e1ria, ir\u00e1 oferecer um curso completo aos profissionais. A capacita\u00e7\u00e3o ser\u00e1 ministrada no pr\u00f3ximo dia 15 de maio, a partir das 08h, no Centro Cultural.<\/p>\n<p style=\"text-align: justify;\">Alguns dos ambulantes j\u00e1 come\u00e7aram montar os estoques das mercadorias que v\u00e3o ser comercializadas durante a realiza\u00e7\u00e3o do evento, a fim de garantir o pre\u00e7o mais acess\u00edvel e n\u00e3o correr o risco de faltar a produtos, devido \u00e0 grande procura que se acentua pr\u00f3ximo \u00e0 realiza\u00e7\u00e3o da festa. \u201cEstamos tendo esse cuidado, porque sabemos que perto do dia do evento a procura por esses itens cresce bastante. Garantir o menor pre\u00e7o \u00e9 importante tamb\u00e9m, porque garante a acessibilidade aos clientes a produtos mais baratos\u201d, explica a comerciante, Adriana Justino dos Santos.<\/p>\n<p style=\"text-align: justify;\"><img loading=\"lazy\" decoding=\"async\" class=\"aligncenter size-full wp-image-102798\" src=\"http:\/\/senoticias.com.br\/se\/wp-content\/uploads\/2017\/05\/Logo-fone-1-2-1-2-4.jpg\" alt=\"Logo-fone-1-2-1-2-4\" width=\"599\" height=\"78\" srcset=\"https:\/\/senoticias.com.br\/se\/wp-content\/uploads\/2017\/05\/Logo-fone-1-2-1-2-4.jpg 599w, https:\/\/senoticias.com.br\/se\/wp-content\/uploads\/2017\/05\/Logo-fone-1-2-1-2-4-300x39.jpg 300w\" sizes=\"(max-width: 599px) 100vw, 599px\" \/><\/p>\n<p><strong>Acompanhe tamb\u00e9m o SE Not\u00edcias no<\/strong><span class=\"apple-converted-space\"><b>\u00a0<\/b><\/span><a href=\"https:\/\/twitter.com\/Senoticias\" target=\"_blank\"><b>Twitter<\/b><\/a><strong>,<\/strong><span class=\"apple-converted-space\"><b>\u00a0<\/b><\/span><a href=\"https:\/\/www.facebook.com\/senoticias1\" target=\"_blank\"><b>Facebook<\/b><span class=\"apple-converted-space\"><b>\u00a0<\/b><\/span><\/a><strong>e no<\/strong><span class=\"apple-converted-space\"><b>\u00a0<\/b><\/span><a href=\"https:\/\/www.instagram.com\/senoticias\/\" target=\"_blank\"><b>Instagram<\/b><\/a><strong>.<\/strong><\/p>\n<p><em>Da ANSocorro<\/em><\/p>\n","protected":false},"excerpt":{"rendered":"<p>Para alguns divers\u00e3o, para outros muito trabalho. Durante todo o m\u00eas de abril a Prefeitura de Nossa Senhora do Socorro, atrav\u00e9s da Secretaria Municipal de Cultura (Semcult), realizou o cadastramento e recadastramento dos vendedores ambulantes que desejam comercializar seus produtos durante o Forr\u00f3 Siri. O cadastro foi realizado no Centro Cultural, localizado na sede do [&hellip;]<\/p>\n","protected":false},"author":2,"featured_media":0,"comment_status":"closed","ping_status":"closed","sticky":false,"template":"","format":"standard","meta":{"footnotes":""},"categories":[15,38],"tags":[3375,3377,3376,3374,2746],"class_list":{"0":"post-102878","1":"post","2":"type-post","3":"status-publish","4":"format-standard","6":"category-destaques","7":"category-municipios","8":"tag-3375","9":"tag-ambulantes","10":"tag-cadastro","11":"tag-forrosiri","12":"tag-socorro"},"_links":{"self":[{"href":"https:\/\/senoticias.com.br\/se\/wp-json\/wp\/v2\/posts\/102878"}],"collection":[{"href":"https:\/\/senoticias.com.br\/se\/wp-json\/wp\/v2\/posts"}],"about":[{"href":"https:\/\/senoticias.com.br\/se\/wp-json\/wp\/v2\/types\/post"}],"author":[{"embeddable":true,"href":"https:\/\/senoticias.com.br\/se\/wp-json\/wp\/v2\/users\/2"}],"replies":[{"embeddable":true,"href":"https:\/\/senoticias.com.br\/se\/wp-json\/wp\/v2\/comments?post=102878"}],"version-history":[{"count":0,"href":"https:\/\/senoticias.com.br\/se\/wp-json\/wp\/v2\/posts\/102878\/revisions"}],"wp:attachment":[{"href":"https:\/\/senoticias.com.br\/se\/wp-json\/wp\/v2\/media?parent=102878"}],"wp:term":[{"taxonomy":"category","embeddable":true,"href":"https:\/\/senoticias.com.br\/se\/wp-json\/wp\/v2\/categories?post=102878"},{"taxonomy":"post_tag","embeddable":true,"href":"https:\/\/senoticias.com.br\/se\/wp-json\/wp\/v2\/tags?post=102878"}],"curies":[{"name":"wp","href":"https:\/\/api.w.org\/{rel}","templated":true}]}}