{"id":102853,"date":"2017-05-03T22:26:26","date_gmt":"2017-05-04T01:26:26","guid":{"rendered":"http:\/\/senoticias.com.br\/se\/?p=102853"},"modified":"2017-05-03T22:36:03","modified_gmt":"2017-05-04T01:36:03","slug":"delegados-da-policia-civil-de-sergipe-decidem-paralisar-atividades-por-tres-dias","status":"publish","type":"post","link":"https:\/\/senoticias.com.br\/se\/delegados-da-policia-civil-de-sergipe-decidem-paralisar-atividades-por-tres-dias\/","title":{"rendered":"Delegados da Pol\u00edcia Civil de Sergipe decidem paralisar atividades por tr\u00eas dias"},"content":{"rendered":"<p style=\"text-align: justify;\">Em assembleia extraordin\u00e1ria realizada na manh\u00e3 desta quarta feira, 03, os delegados de Sergipe decidiram parar as atividades por tr\u00eas dias, come\u00e7ando amanh\u00e3, 04.<\/p>\n<div id=\"attachment_38817\" style=\"width: 610px\" class=\"wp-caption aligncenter\"><img loading=\"lazy\" decoding=\"async\" aria-describedby=\"caption-attachment-38817\" class=\"size-full wp-image-38817\" src=\"http:\/\/senoticias.com.br\/se\/wp-content\/uploads\/2012\/08\/Pol\u00edcia.jpg\" alt=\"Katarina Feitoza, Delegada Geral da Pol\u00edcia Civil, emite nota sobre a paralisa\u00e7\u00e3o dos delegados (  foto: arquivo \/Reinaldo Gasparoni \/ SSP\/SE)\" width=\"600\" height=\"400\" srcset=\"https:\/\/senoticias.com.br\/se\/wp-content\/uploads\/2012\/08\/Pol\u00edcia.jpg 600w, https:\/\/senoticias.com.br\/se\/wp-content\/uploads\/2012\/08\/Pol\u00edcia-300x200.jpg 300w, https:\/\/senoticias.com.br\/se\/wp-content\/uploads\/2012\/08\/Pol\u00edcia-342x227.jpg 342w\" sizes=\"(max-width: 600px) 100vw, 600px\" \/><p id=\"caption-attachment-38817\" class=\"wp-caption-text\">Katarina Feitoza, Delegada Geral da Pol\u00edcia Civil, emite nota sobre a paralisa\u00e7\u00e3o dos delegados ( foto: arquivo \/Reinaldo Gasparoni \/ SSP\/SE)<\/p><\/div>\n<p style=\"text-align: justify;\">Entre as reivindica\u00e7\u00f5es da categoria, est\u00e3o a regulamenta\u00e7\u00e3o da acumula\u00e7\u00e3o de delegacias, a corre\u00e7\u00e3o do reajuste da remunera\u00e7\u00e3o financeira por plant\u00e3o, a fixa\u00e7\u00e3o de nova jornada de trabalho, o pagamento em dia dos sal\u00e1rios e a equipara\u00e7\u00e3o salarial com procurador do Estado.<\/p>\n<p style=\"text-align: justify;\"><strong>Nota da\u00a0Delegada-Geral da Pol\u00edcia Civil<\/strong><\/p>\n<p style=\"text-align: justify;\">Em rela\u00e7\u00e3o \u00e0 paralisa\u00e7\u00e3o das atividades exercidas pelos delegados durante o per\u00edodo de 72h, decidida durante assembleia promovida pela Associa\u00e7\u00e3o dos Delegados de Pol\u00edcia de Sergipe (Adepol), a Pol\u00edcia Civil de Sergipe informa que o atendimento \u00e0 popula\u00e7\u00e3o nas delegacias ocorrer\u00e1 sem o preju\u00edzo dos servi\u00e7os.<\/p>\n<p style=\"text-align: justify;\">Na capital, os servi\u00e7os como registro de boletim de ocorr\u00eancia, emiss\u00e3o de guia de cad\u00e1ver e atendimento ao p\u00fablico ser\u00e3o realizados normalmente pelos policiais civis das Delegacias Metropolitanas, com preju\u00edzo apenas para o registro de flagrante. Nestes casos espec\u00edficos, as unidades policiais ser\u00e3o orientadas a encaminhar as ocorr\u00eancias para as Delegacias Plantonistas Norte e Sul, que funcionar\u00e3o em regime de 24h.<\/p>\n<p style=\"text-align: justify;\">As delegacias regionais de Est\u00e2ncia, Lagarto, Nossa Senhora da Gl\u00f3ria, Propri\u00e1 e Itabaiana tamb\u00e9m continuar\u00e3o funcionando normalmente nos servi\u00e7os prestados \u00e0 comunidade durante o hor\u00e1rio de expediente. Apenas no caso do registro de flagrantes ap\u00f3s \u00e0s 18h e no final de semana, as ocorr\u00eancias ser\u00e3o encaminhadas exclusivamente para a Delegacia Regional de Itabaiana, que funcionar\u00e1 em regime de plant\u00e3o.<\/p>\n<p style=\"text-align: justify;\"><img loading=\"lazy\" decoding=\"async\" class=\"aligncenter size-full wp-image-102798\" src=\"http:\/\/senoticias.com.br\/se\/wp-content\/uploads\/2017\/05\/Logo-fone-1-2-1-2-4.jpg\" alt=\"Logo-fone-1-2-1-2-4\" width=\"599\" height=\"78\" srcset=\"https:\/\/senoticias.com.br\/se\/wp-content\/uploads\/2017\/05\/Logo-fone-1-2-1-2-4.jpg 599w, https:\/\/senoticias.com.br\/se\/wp-content\/uploads\/2017\/05\/Logo-fone-1-2-1-2-4-300x39.jpg 300w\" sizes=\"(max-width: 599px) 100vw, 599px\" \/><\/p>\n<p style=\"text-align: justify;\"><em><strong>Acompanhe tamb\u00e9m o SE Not\u00edcias no<\/strong><strong>\u00a0<\/strong><strong><a href=\"https:\/\/twitter.com\/Senoticias\">Twitter<\/a>,<\/strong><strong>\u00a0<\/strong><strong><a href=\"https:\/\/www.facebook.com\/senoticias1\">Facebook\u00a0<\/a>e no<\/strong><strong>\u00a0<\/strong><strong><a href=\"https:\/\/www.instagram.com\/senoticias\/\">Instagram<\/a><\/strong><\/em><\/p>\n<p style=\"text-align: justify;\"><em>Reda\u00e7\u00e3o SE Not\u00edcias, com informa\u00e7\u00f5es da SSP\/SE<\/em><\/p>\n","protected":false},"excerpt":{"rendered":"<p>Em assembleia extraordin\u00e1ria realizada na manh\u00e3 desta quarta feira, 03, os delegados de Sergipe decidiram parar as atividades por tr\u00eas dias, come\u00e7ando amanh\u00e3, 04. Entre as reivindica\u00e7\u00f5es da categoria, est\u00e3o a regulamenta\u00e7\u00e3o da acumula\u00e7\u00e3o de delegacias, a corre\u00e7\u00e3o do reajuste da remunera\u00e7\u00e3o financeira por plant\u00e3o, a fixa\u00e7\u00e3o de nova jornada de trabalho, o pagamento em [&hellip;]<\/p>\n","protected":false},"author":2,"featured_media":38817,"comment_status":"closed","ping_status":"closed","sticky":false,"template":"","format":"standard","meta":{"footnotes":""},"categories":[15],"tags":[3353,1163,3354,2794,3352,1164,3210,1165],"class_list":{"0":"post-102853","1":"post","2":"type-post","3":"status-publish","4":"format-standard","5":"has-post-thumbnail","7":"category-destaques","8":"tag-72-horas","9":"tag-adepol","10":"tag-delegada-geral","11":"tag-delegados","12":"tag-delegados-da-policia-civil","13":"tag-delegados-sergipe","14":"tag-greve","15":"tag-paulo-marcio"},"_links":{"self":[{"href":"https:\/\/senoticias.com.br\/se\/wp-json\/wp\/v2\/posts\/102853"}],"collection":[{"href":"https:\/\/senoticias.com.br\/se\/wp-json\/wp\/v2\/posts"}],"about":[{"href":"https:\/\/senoticias.com.br\/se\/wp-json\/wp\/v2\/types\/post"}],"author":[{"embeddable":true,"href":"https:\/\/senoticias.com.br\/se\/wp-json\/wp\/v2\/users\/2"}],"replies":[{"embeddable":true,"href":"https:\/\/senoticias.com.br\/se\/wp-json\/wp\/v2\/comments?post=102853"}],"version-history":[{"count":0,"href":"https:\/\/senoticias.com.br\/se\/wp-json\/wp\/v2\/posts\/102853\/revisions"}],"wp:featuredmedia":[{"embeddable":true,"href":"https:\/\/senoticias.com.br\/se\/wp-json\/wp\/v2\/media\/38817"}],"wp:attachment":[{"href":"https:\/\/senoticias.com.br\/se\/wp-json\/wp\/v2\/media?parent=102853"}],"wp:term":[{"taxonomy":"category","embeddable":true,"href":"https:\/\/senoticias.com.br\/se\/wp-json\/wp\/v2\/categories?post=102853"},{"taxonomy":"post_tag","embeddable":true,"href":"https:\/\/senoticias.com.br\/se\/wp-json\/wp\/v2\/tags?post=102853"}],"curies":[{"name":"wp","href":"https:\/\/api.w.org\/{rel}","templated":true}]}}