{"id":102851,"date":"2017-05-03T22:02:48","date_gmt":"2017-05-04T01:02:48","guid":{"rendered":"http:\/\/senoticias.com.br\/se\/?p=102851"},"modified":"2017-05-03T22:02:48","modified_gmt":"2017-05-04T01:02:48","slug":"por-23-votos-a-14-deputados-aprovam-texto-principal-da-reforma-da-previdencia-em-comissao-especial","status":"publish","type":"post","link":"https:\/\/senoticias.com.br\/se\/por-23-votos-a-14-deputados-aprovam-texto-principal-da-reforma-da-previdencia-em-comissao-especial\/","title":{"rendered":"Por 23 votos a 14, deputados aprovam texto principal da reforma da Previd\u00eancia em comiss\u00e3o especial"},"content":{"rendered":"<p style=\"text-align: justify;\">Ap\u00f3s um dia inteiro de discuss\u00e3o, os deputados da comiss\u00e3o especial que discute a reforma da Previd\u00eancia na C\u00e2mara aprovaram o parecer do relator, Arthur Maia (PPS-BA). Sem absten\u00e7\u00f5es, o placar final ficou dentro da expectativa do governo: 23 votos favor\u00e1veis e 14 contr\u00e1rios.<\/p>\n<div id=\"attachment_102852\" style=\"width: 609px\" class=\"wp-caption aligncenter\"><img loading=\"lazy\" decoding=\"async\" aria-describedby=\"caption-attachment-102852\" class=\"size-full wp-image-102852\" src=\"http:\/\/senoticias.com.br\/se\/wp-content\/uploads\/2017\/05\/Reforma-da-Previd\u00eancia-SENOTICIAS-e1493859625537.jpg\" alt=\"Sem absten\u00e7\u00f5es, o placar final ficou dentro da expectativa do governo: 23 votos favor\u00e1veis e 14 contr\u00e1rios (foto: Correio Braziliense)\" width=\"599\" height=\"392\" \/><p id=\"caption-attachment-102852\" class=\"wp-caption-text\">Sem absten\u00e7\u00f5es, o placar final ficou dentro da expectativa do governo: 23 votos favor\u00e1veis e 14 contr\u00e1rios (foto: Correio Braziliense)<\/p><\/div>\n<p style=\"text-align: justify;\">Enquanto os deputados da base aliada comemoravam, os da oposi\u00e7\u00e3o respondiam com gritos de &#8220;traidores&#8221;. Do lado de fora da C\u00e2mara, agentes penitenci\u00e1rios protestam por terem sido retirados das regras de aposentadoria especial na tarde desta quarta-feira (3\/5), ap\u00f3s terem sido inclu\u00eddos pela manh\u00e3. &#8220;Tamb\u00e9m somos atividade de risco&#8221;, dizem os manifestantes.<\/p>\n<p style=\"text-align: justify;\">Agora, o texto segue para o plen\u00e1rio da C\u00e2mara. Nessa fase, precisar\u00e1 da aprova\u00e7\u00e3o de 308 dos 513 deputados em dois turnos de vota\u00e7\u00e3o. Em seguida, a proposta ser\u00e1 analisada no Senado, onde precisar\u00e1 passar pelo mesmo tr\u00e2mite.<\/p>\n<p style=\"text-align: justify;\"><img loading=\"lazy\" decoding=\"async\" class=\"aligncenter size-full wp-image-102798\" src=\"http:\/\/senoticias.com.br\/se\/wp-content\/uploads\/2017\/05\/Logo-fone-1-2-1-2-4.jpg\" alt=\"Logo-fone-1-2-1-2-4\" width=\"599\" height=\"78\" srcset=\"https:\/\/senoticias.com.br\/se\/wp-content\/uploads\/2017\/05\/Logo-fone-1-2-1-2-4.jpg 599w, https:\/\/senoticias.com.br\/se\/wp-content\/uploads\/2017\/05\/Logo-fone-1-2-1-2-4-300x39.jpg 300w\" sizes=\"(max-width: 599px) 100vw, 599px\" \/><\/p>\n<p style=\"text-align: justify;\"><em><strong>Acompanhe tamb\u00e9m o SE Not\u00edcias no<\/strong><strong>\u00a0<\/strong><strong><a href=\"https:\/\/twitter.com\/Senoticias\">Twitter<\/a>,<\/strong><strong>\u00a0<\/strong><strong><a href=\"https:\/\/www.facebook.com\/senoticias1\">Facebook\u00a0<\/a>e no<\/strong><strong>\u00a0<\/strong><strong><a href=\"https:\/\/www.instagram.com\/senoticias\/\">Instagram<\/a><\/strong><\/em><\/p>\n<p style=\"text-align: justify;\"><strong><em>Por Correio Braziliense<\/em><\/strong><\/p>\n","protected":false},"excerpt":{"rendered":"<p>Ap\u00f3s um dia inteiro de discuss\u00e3o, os deputados da comiss\u00e3o especial que discute a reforma da Previd\u00eancia na C\u00e2mara aprovaram o parecer do relator, Arthur Maia (PPS-BA). Sem absten\u00e7\u00f5es, o placar final ficou dentro da expectativa do governo: 23 votos favor\u00e1veis e 14 contr\u00e1rios. Enquanto os deputados da base aliada comemoravam, os da oposi\u00e7\u00e3o respondiam [&hellip;]<\/p>\n","protected":false},"author":2,"featured_media":102852,"comment_status":"closed","ping_status":"closed","sticky":false,"template":"","format":"standard","meta":{"footnotes":""},"categories":[6],"tags":[3349,3350,3348,3351],"class_list":{"0":"post-102851","1":"post","2":"type-post","3":"status-publish","4":"format-standard","5":"has-post-thumbnail","7":"category-politica","8":"tag-23-votos-a-14","9":"tag-deputados-aprovam","10":"tag-reforma-da-previdencia","11":"tag-texto-principal"},"_links":{"self":[{"href":"https:\/\/senoticias.com.br\/se\/wp-json\/wp\/v2\/posts\/102851"}],"collection":[{"href":"https:\/\/senoticias.com.br\/se\/wp-json\/wp\/v2\/posts"}],"about":[{"href":"https:\/\/senoticias.com.br\/se\/wp-json\/wp\/v2\/types\/post"}],"author":[{"embeddable":true,"href":"https:\/\/senoticias.com.br\/se\/wp-json\/wp\/v2\/users\/2"}],"replies":[{"embeddable":true,"href":"https:\/\/senoticias.com.br\/se\/wp-json\/wp\/v2\/comments?post=102851"}],"version-history":[{"count":0,"href":"https:\/\/senoticias.com.br\/se\/wp-json\/wp\/v2\/posts\/102851\/revisions"}],"wp:featuredmedia":[{"embeddable":true,"href":"https:\/\/senoticias.com.br\/se\/wp-json\/wp\/v2\/media\/102852"}],"wp:attachment":[{"href":"https:\/\/senoticias.com.br\/se\/wp-json\/wp\/v2\/media?parent=102851"}],"wp:term":[{"taxonomy":"category","embeddable":true,"href":"https:\/\/senoticias.com.br\/se\/wp-json\/wp\/v2\/categories?post=102851"},{"taxonomy":"post_tag","embeddable":true,"href":"https:\/\/senoticias.com.br\/se\/wp-json\/wp\/v2\/tags?post=102851"}],"curies":[{"name":"wp","href":"https:\/\/api.w.org\/{rel}","templated":true}]}}