{"id":102846,"date":"2017-05-03T18:59:01","date_gmt":"2017-05-03T21:59:01","guid":{"rendered":"http:\/\/senoticias.com.br\/se\/?p=102846"},"modified":"2017-05-03T19:27:40","modified_gmt":"2017-05-03T22:27:40","slug":"confira-a-programacao-de-aniversario-de-maruim","status":"publish","type":"post","link":"https:\/\/senoticias.com.br\/se\/confira-a-programacao-de-aniversario-de-maruim\/","title":{"rendered":"Confira a programa\u00e7\u00e3o de anivers\u00e1rio de Maruim"},"content":{"rendered":"<p style=\"text-align: justify;\">Situado na Regi\u00e3o da Grande Aracaju, o munic\u00edpio de Maruim celebra 163 anos de Emancipa\u00e7\u00e3o Pol\u00edtica nesta sexta-feira, 5. A Prefeitura, atrav\u00e9s da Secretaria Municipal de Cultura e Turismo, preparou uma programa\u00e7\u00e3o, que contempla os artistas maruinenses e, tamb\u00e9m, artistas da regi\u00e3o. As apresenta\u00e7\u00f5es acontecem na sexta-feira, 5, e no s\u00e1bado, 6, na Pra\u00e7a Bar\u00e3o de Maruim.<\/p>\n<div id=\"attachment_102847\" style=\"width: 609px\" class=\"wp-caption aligncenter\"><img loading=\"lazy\" decoding=\"async\" aria-describedby=\"caption-attachment-102847\" class=\"size-full wp-image-102847\" src=\"http:\/\/senoticias.com.br\/se\/wp-content\/uploads\/2017\/05\/Maruim-SENOTICIAS-e1493848346278.jpg\" alt=\"As apresenta\u00e7\u00f5es acontecem na sexta-feira, 5, e no s\u00e1bado, 6, na Pra\u00e7a Bar\u00e3o de Maruim\" width=\"599\" height=\"449\" \/><p id=\"caption-attachment-102847\" class=\"wp-caption-text\">As apresenta\u00e7\u00f5es acontecem na sexta-feira, 5, e no s\u00e1bado, 6, na Pra\u00e7a Bar\u00e3o de Maruim (foto: ascom\/Maruim)<\/p><\/div>\n<p style=\"text-align: justify;\">O munic\u00edpio de Maruim foi elevado \u00e0 categoria de cidade a partir da Lei Provincial n\u00ba 374, de 5 de maio de 1854, assinada pelo presidente da Prov\u00edncia de Sergipe, In\u00e1cio Joaquim Barbosa. Com a decis\u00e3o, a cidade de Maruim tornou-se independente da Vila de Santo Amaro das Brotas.<\/p>\n<p style=\"text-align: justify;\">De acordo com a historiadora L\u00facia Marques, o munic\u00edpio de Maruim era um importante centro da ind\u00fastria a\u00e7ucareira. Por ser a principal fonte de receita da prov\u00edncia, o munic\u00edpio abrigava v\u00e1rios consulados e vice-consulados, por exemplo, o consulado alem\u00e3o, que trouxe a fam\u00edlia Schramm, que contribuiu para o crescimento econ\u00f4mico do munic\u00edpio. Outro fato importante relacionado ao munic\u00edpio est\u00e1 associado ao Bar\u00e3o de Maruim, Jo\u00e3o Gomes de Mello, que chegou a presidir a Prov\u00edncia de Sergipe e ocupou o cargo de senador do imp\u00e9rio. Com prest\u00edgio na prov\u00edncia, Maruim foi um dos poucos locais visitados pelo imperador Dom Pedro II, em 1860.<\/p>\n<p style=\"text-align: justify;\">Segundo o secret\u00e1rio municipal de Cultura e Turismo, Gilton Rezende, a programa\u00e7\u00e3o deste ano prioriza as atra\u00e7\u00f5es culturais locais. \u201cNeste ano, priorizamos a participa\u00e7\u00e3o de artistas locais, dos quais destaco a centen\u00e1ria Euterpe Maruinense e o Batalh\u00e3o das Flores\u201d, comentou.<\/p>\n<p><strong>CONFIRA A PROGRAMA\u00c7\u00c3O<\/strong><\/p>\n<p><strong>Dia 5 de maio de 2017 \u2013 Sexta-feira<\/strong><\/p>\n<p><strong>Local: Pra\u00e7a Bar\u00e3o de Maruim (Pra\u00e7a da Matriz)<\/strong><\/p>\n<p>08h30 \u2013 Desfile escolar. Concentra\u00e7\u00e3o na Pra\u00e7a da Boa Hora<br \/>\n19h \u2013 Missa solene na Igreja Matriz<br \/>\n21h \u2013 Apresenta\u00e7\u00e3o da Banda Filarm\u00f4nica Euterpe Maruinense<br \/>\n21h30 \u2013 Grupo de dan\u00e7a Companhia 3D \u2013 Maruim\/SE<br \/>\n21h45 \u2013 Grupo de dan\u00e7a Entre N\u00f3s \u2013 Japaratuba\/SE<br \/>\n22h \u2013 Thiago Brasil &amp; Banda<br \/>\n23h30 \u2013 Nethynha Bardo<br \/>\n00h30 \u2013 Patr\u00edcia \u2013 Voz &amp; Viol\u00e3o<\/p>\n<p><strong>Dia 6 de maio de 2017 \u2013 S\u00e1bado<\/strong><\/p>\n<p>Local: Pra\u00e7a Bar\u00e3o de Maruim (Pra\u00e7a da Matriz)<\/p>\n<p>19h30 \u2013 Apresenta\u00e7\u00e3o do grupo folcl\u00f3rico Batalh\u00e3o das Flores \u2013 Maruim\/SE<br \/>\n20h \u2013 Grupo de Reisado \u2013 Riachuelo\/SE<br \/>\n20h30 \u2013 Companhia Gentileza de Artes Integradas (Cigari) \u2013 Aracaju\/SE<br \/>\n21h30 \u2013 Grupo de dan\u00e7a Gigantes do Brasil \u2013 Maruim\/SE<br \/>\n22h \u2013 Lu Xod\u00f3 e os Abusados \u2013 Aracaju\/SE<br \/>\n22h30 \u2013 Juninho Sampler<br \/>\n23h30 \u2013 Leketch\u00ea<br \/>\n00h30 \u2013 Banda Postura \u00cdntima<\/p>\n<p><em><strong>Acompanhe tamb\u00e9m o SE Not\u00edcias no<\/strong><strong>\u00a0<\/strong><strong><a href=\"https:\/\/twitter.com\/Senoticias\">Twitter<\/a>,<\/strong><strong>\u00a0<\/strong><strong><a href=\"https:\/\/www.facebook.com\/senoticias1\">Facebook\u00a0<\/a>e no<\/strong><strong>\u00a0<\/strong><strong><a href=\"https:\/\/www.instagram.com\/senoticias\/\">Instagram<\/a><\/strong><\/em><\/p>\n<p><em>Da Assessoria de Comunica\u00e7\u00e3o<\/em><\/p>\n","protected":false},"excerpt":{"rendered":"<p>Situado na Regi\u00e3o da Grande Aracaju, o munic\u00edpio de Maruim celebra 163 anos de Emancipa\u00e7\u00e3o Pol\u00edtica nesta sexta-feira, 5. A Prefeitura, atrav\u00e9s da Secretaria Municipal de Cultura e Turismo, preparou uma programa\u00e7\u00e3o, que contempla os artistas maruinenses e, tamb\u00e9m, artistas da regi\u00e3o. As apresenta\u00e7\u00f5es acontecem na sexta-feira, 5, e no s\u00e1bado, 6, na Pra\u00e7a Bar\u00e3o [&hellip;]<\/p>\n","protected":false},"author":2,"featured_media":102847,"comment_status":"closed","ping_status":"closed","sticky":false,"template":"","format":"standard","meta":{"footnotes":""},"categories":[15,38],"tags":[3342,3343,732],"class_list":{"0":"post-102846","1":"post","2":"type-post","3":"status-publish","4":"format-standard","5":"has-post-thumbnail","7":"category-destaques","8":"category-municipios","9":"tag-aniversario-de-maruim","10":"tag-emancipacao-politica","11":"tag-prefeitura-de-maruim"},"_links":{"self":[{"href":"https:\/\/senoticias.com.br\/se\/wp-json\/wp\/v2\/posts\/102846"}],"collection":[{"href":"https:\/\/senoticias.com.br\/se\/wp-json\/wp\/v2\/posts"}],"about":[{"href":"https:\/\/senoticias.com.br\/se\/wp-json\/wp\/v2\/types\/post"}],"author":[{"embeddable":true,"href":"https:\/\/senoticias.com.br\/se\/wp-json\/wp\/v2\/users\/2"}],"replies":[{"embeddable":true,"href":"https:\/\/senoticias.com.br\/se\/wp-json\/wp\/v2\/comments?post=102846"}],"version-history":[{"count":0,"href":"https:\/\/senoticias.com.br\/se\/wp-json\/wp\/v2\/posts\/102846\/revisions"}],"wp:featuredmedia":[{"embeddable":true,"href":"https:\/\/senoticias.com.br\/se\/wp-json\/wp\/v2\/media\/102847"}],"wp:attachment":[{"href":"https:\/\/senoticias.com.br\/se\/wp-json\/wp\/v2\/media?parent=102846"}],"wp:term":[{"taxonomy":"category","embeddable":true,"href":"https:\/\/senoticias.com.br\/se\/wp-json\/wp\/v2\/categories?post=102846"},{"taxonomy":"post_tag","embeddable":true,"href":"https:\/\/senoticias.com.br\/se\/wp-json\/wp\/v2\/tags?post=102846"}],"curies":[{"name":"wp","href":"https:\/\/api.w.org\/{rel}","templated":true}]}}