{"id":102715,"date":"2017-04-27T17:07:57","date_gmt":"2017-04-27T20:07:57","guid":{"rendered":"http:\/\/senoticias.com.br\/se\/?p=102715"},"modified":"2017-04-28T09:48:51","modified_gmt":"2017-04-28T12:48:51","slug":"atos-paralisacoes-e-greves-contra-as-reformas-trabalhistas-estao-marcadas-para-essa-sexta-em-aracaju","status":"publish","type":"post","link":"https:\/\/senoticias.com.br\/se\/atos-paralisacoes-e-greves-contra-as-reformas-trabalhistas-estao-marcadas-para-essa-sexta-em-aracaju\/","title":{"rendered":"Atos, paralisa\u00e7\u00f5es e greves contra as reformas trabalhistas est\u00e3o marcadas para essa sexta em Aracaju"},"content":{"rendered":"<p style=\"text-align: justify;\">N\u00e3o saia de casa nesta sexta-feira, dia 28! Este \u00e9 o apelo que a For\u00e7a Sindical, e as demais centrais, est\u00e3o fazendo \u00e0 popula\u00e7\u00e3o nesta data em que est\u00e3o programados atos, paralisa\u00e7\u00f5es e greves, em v\u00e1rias cidades do Pa\u00eds, para protestar contra as propostas de reformas trabalhista e da Previd\u00eancia. Em S\u00e3o Paulo v\u00e3o parar \u00f4nibus, metr\u00f4 e trens, al\u00e9m de in\u00fameras categorias, como metal\u00fargicos, qu\u00edmicos e trabalhadores da constru\u00e7\u00e3o civil.<\/p>\n<div id=\"attachment_102733\" style=\"width: 609px\" class=\"wp-caption aligncenter\"><img loading=\"lazy\" decoding=\"async\" aria-describedby=\"caption-attachment-102733\" class=\"size-full wp-image-102733\" src=\"http:\/\/senoticias.com.br\/se\/wp-content\/uploads\/2017\/04\/MANIFESTACAO-EM-SERGIPE-SENOTICIAS-e1493380280413.jpg\" alt=\"Trecho do Conjunto Marcos Freire II, em Nossa Senhora do Socorro (SE). (Foto: F\u00e1bio Machado)\" width=\"599\" height=\"375\" \/><p id=\"caption-attachment-102733\" class=\"wp-caption-text\">Trecho do Conjunto Marcos Freire II, em Nossa Senhora do Socorro (SE). (Foto: F\u00e1bio Machado)<\/p><\/div>\n<p style=\"text-align: justify;\">Em Sergipe, cada Central Sindical far\u00e1 sua manifesta\u00e7\u00e3o. A For\u00e7a Sindical organiza concentra\u00e7\u00e3o e caminhada contra as reformas trabalhista e previd\u00eanci\u00e1ria, prevista para in\u00edcio \u00e0s 7h e t\u00e9rmino \u00e0s 11h. Eles sair\u00e3o da Avenida Bar\u00e3o de Maruim at\u00e9 a Pra\u00e7a Fausto Cardoso, passando pelas Avenidas Ivo do Prado, Rio Branco e Pra\u00e7a General Valad\u00e3o. Segundo a SMTT, os agentes estar\u00e3o no local para amenizar os preju\u00edzos ao tr\u00e2nsito.<\/p>\n<p style=\"text-align: justify;\">Os \u00f3rg\u00e3os p\u00fablicos municipais e estaduais funcionar\u00e3o normalmente. O prefeito Edvaldo Nogueira e o governador Jackson Barreto mantiveram os expedientes.<\/p>\n<p style=\"text-align: justify;\">Circula nas redes sociais um boato de que os \u00f4nibus do transporte p\u00fablico coletivo n\u00e3o sa\u00edr\u00e3o das garagens, mas a SMTT, o Setransp, a Pol\u00edcia Militar, a Guarda Municipal e outras institui\u00e7\u00f5es j\u00e1 informaram que est\u00e3o trabalhando para que o direito de se locomover pela cidade seja garantido.<br \/>\nO pr\u00f3prio sindicato que representa os motoristas e cobradores de \u00f4nibus j\u00e1 divulgou que a categoria n\u00e3o vai aderir \u00e0 greve.<\/p>\n<p style=\"text-align: justify;\"><img loading=\"lazy\" decoding=\"async\" class=\"aligncenter size-full wp-image-102461\" src=\"http:\/\/senoticias.com.br\/se\/wp-content\/uploads\/2017\/04\/Logo-fone-1-2-1-2-4-6-1.jpg\" alt=\"Logo-fone-1-2-1-2-4-6\" width=\"599\" height=\"78\" srcset=\"https:\/\/senoticias.com.br\/se\/wp-content\/uploads\/2017\/04\/Logo-fone-1-2-1-2-4-6-1.jpg 599w, https:\/\/senoticias.com.br\/se\/wp-content\/uploads\/2017\/04\/Logo-fone-1-2-1-2-4-6-1-300x39.jpg 300w\" sizes=\"(max-width: 599px) 100vw, 599px\" \/><\/p>\n<p style=\"text-align: justify;\"><em><strong>Acompanhe tamb\u00e9m o SE Not\u00edcias no<\/strong><strong>\u00a0<\/strong><strong><a href=\"https:\/\/twitter.com\/Senoticias\">Twitter<\/a>,<\/strong><strong>\u00a0<\/strong><strong><a href=\"https:\/\/www.facebook.com\/senoticias1\">Facebook\u00a0<\/a>e no<\/strong><strong>\u00a0<\/strong><strong><a href=\"https:\/\/www.instagram.com\/senoticias\/\">Instagram<\/a><\/strong><\/em><\/p>\n<p style=\"text-align: justify;\">Da reda\u00e7\u00e3o do Se Not\u00edcias<\/p>\n","protected":false},"excerpt":{"rendered":"<p>N\u00e3o saia de casa nesta sexta-feira, dia 28! Este \u00e9 o apelo que a For\u00e7a Sindical, e as demais centrais, est\u00e3o fazendo \u00e0 popula\u00e7\u00e3o nesta data em que est\u00e3o programados atos, paralisa\u00e7\u00f5es e greves, em v\u00e1rias cidades do Pa\u00eds, para protestar contra as propostas de reformas trabalhista e da Previd\u00eancia. Em S\u00e3o Paulo v\u00e3o parar [&hellip;]<\/p>\n","protected":false},"author":2,"featured_media":102733,"comment_status":"closed","ping_status":"closed","sticky":false,"template":"","format":"standard","meta":{"footnotes":""},"categories":[6],"tags":[339,3223,3214,3222,3221,223],"class_list":{"0":"post-102715","1":"post","2":"type-post","3":"status-publish","4":"format-standard","5":"has-post-thumbnail","7":"category-politica","8":"tag-aracaju","9":"tag-atos","10":"tag-grevegeral","11":"tag-paralisacao","12":"tag-reformas","13":"tag-sergipe"},"_links":{"self":[{"href":"https:\/\/senoticias.com.br\/se\/wp-json\/wp\/v2\/posts\/102715"}],"collection":[{"href":"https:\/\/senoticias.com.br\/se\/wp-json\/wp\/v2\/posts"}],"about":[{"href":"https:\/\/senoticias.com.br\/se\/wp-json\/wp\/v2\/types\/post"}],"author":[{"embeddable":true,"href":"https:\/\/senoticias.com.br\/se\/wp-json\/wp\/v2\/users\/2"}],"replies":[{"embeddable":true,"href":"https:\/\/senoticias.com.br\/se\/wp-json\/wp\/v2\/comments?post=102715"}],"version-history":[{"count":0,"href":"https:\/\/senoticias.com.br\/se\/wp-json\/wp\/v2\/posts\/102715\/revisions"}],"wp:featuredmedia":[{"embeddable":true,"href":"https:\/\/senoticias.com.br\/se\/wp-json\/wp\/v2\/media\/102733"}],"wp:attachment":[{"href":"https:\/\/senoticias.com.br\/se\/wp-json\/wp\/v2\/media?parent=102715"}],"wp:term":[{"taxonomy":"category","embeddable":true,"href":"https:\/\/senoticias.com.br\/se\/wp-json\/wp\/v2\/categories?post=102715"},{"taxonomy":"post_tag","embeddable":true,"href":"https:\/\/senoticias.com.br\/se\/wp-json\/wp\/v2\/tags?post=102715"}],"curies":[{"name":"wp","href":"https:\/\/api.w.org\/{rel}","templated":true}]}}