{"id":102682,"date":"2017-04-26T19:26:37","date_gmt":"2017-04-26T22:26:37","guid":{"rendered":"http:\/\/senoticias.com.br\/se\/?p=102682"},"modified":"2017-04-27T17:16:14","modified_gmt":"2017-04-27T20:16:14","slug":"governo-de-sergipe-inicia-pagamento-de-servidores-neste-sabado-dia-29","status":"publish","type":"post","link":"https:\/\/senoticias.com.br\/se\/governo-de-sergipe-inicia-pagamento-de-servidores-neste-sabado-dia-29\/","title":{"rendered":"Governo de Sergipe inicia pagamento de servidores neste s\u00e1bado, dia 29"},"content":{"rendered":"<p style=\"text-align: justify;\">O Governo do Estado inicia o pagamento de servidores estaduais neste s\u00e1bado, dia 29. Receber\u00e3o nessa data todos os servidores da Secretaria de Educa\u00e7\u00e3o, Sergipeprevid\u00eancia, Ipesa\u00fade, Segrase e aposentados e pensionistas do Funprev.<\/p>\n<div id=\"attachment_84934\" style=\"width: 609px\" class=\"wp-caption aligncenter\"><img loading=\"lazy\" decoding=\"async\" aria-describedby=\"caption-attachment-84934\" class=\"size-full wp-image-84934\" src=\"http:\/\/senoticias.com.br\/se\/wp-content\/uploads\/2015\/10\/dinheiro_calculadora-e1475264323506.png\" alt=\" Receber\u00e3o nessa data todos os servidores da Secretaria de Educa\u00e7\u00e3o, Sergipeprevid\u00eancia, Ipesa\u00fade, Segrase e aposentados e pensionistas do Funprev. \" width=\"599\" height=\"399\" \/><p id=\"caption-attachment-84934\" class=\"wp-caption-text\">Receber\u00e3o no s\u00e1bado todos os servidores da Secretaria de Educa\u00e7\u00e3o, Sergipeprevid\u00eancia, Ipesa\u00fade, Segrase e aposentados e pensionistas do Funprev.<\/p><\/div>\n<p style=\"text-align: justify;\">O calend\u00e1rio dos demais servidores ser\u00e1 divulgado posteriormente.<\/p>\n<p style=\"text-align: justify;\"><img loading=\"lazy\" decoding=\"async\" class=\"aligncenter size-full wp-image-102461\" src=\"http:\/\/senoticias.com.br\/se\/wp-content\/uploads\/2017\/04\/Logo-fone-1-2-1-2-4-6-1.jpg\" alt=\"Logo-fone-1-2-1-2-4-6\" width=\"599\" height=\"78\" srcset=\"https:\/\/senoticias.com.br\/se\/wp-content\/uploads\/2017\/04\/Logo-fone-1-2-1-2-4-6-1.jpg 599w, https:\/\/senoticias.com.br\/se\/wp-content\/uploads\/2017\/04\/Logo-fone-1-2-1-2-4-6-1-300x39.jpg 300w\" sizes=\"(max-width: 599px) 100vw, 599px\" \/><\/p>\n<p style=\"text-align: justify;\"><em><strong>Acompanhe tamb\u00e9m o SE Not\u00edcias no<\/strong><strong>\u00a0<\/strong><strong><a href=\"https:\/\/twitter.com\/Senoticias\">Twitter<\/a>,<\/strong><strong>\u00a0<\/strong><strong><a href=\"https:\/\/www.facebook.com\/senoticias1\">Facebook\u00a0<\/a>e no<\/strong><strong>\u00a0<\/strong><strong><a href=\"https:\/\/www.instagram.com\/senoticias\/\">Instagram<\/a><\/strong><\/em><\/p>\n","protected":false},"excerpt":{"rendered":"<p>O Governo do Estado inicia o pagamento de servidores estaduais neste s\u00e1bado, dia 29. Receber\u00e3o nessa data todos os servidores da Secretaria de Educa\u00e7\u00e3o, Sergipeprevid\u00eancia, Ipesa\u00fade, Segrase e aposentados e pensionistas do Funprev. O calend\u00e1rio dos demais servidores ser\u00e1 divulgado posteriormente. Acompanhe tamb\u00e9m o SE Not\u00edcias no\u00a0Twitter,\u00a0Facebook\u00a0e no\u00a0Instagram<\/p>\n","protected":false},"author":2,"featured_media":0,"comment_status":"closed","ping_status":"closed","sticky":false,"template":"","format":"standard","meta":{"footnotes":""},"categories":[15,6],"tags":[3180,448,3197],"class_list":{"0":"post-102682","1":"post","2":"type-post","3":"status-publish","4":"format-standard","6":"category-destaques","7":"category-politica","8":"tag-dinheiro","9":"tag-governo-de-sergipe","10":"tag-pagamento-de-servidores"},"_links":{"self":[{"href":"https:\/\/senoticias.com.br\/se\/wp-json\/wp\/v2\/posts\/102682"}],"collection":[{"href":"https:\/\/senoticias.com.br\/se\/wp-json\/wp\/v2\/posts"}],"about":[{"href":"https:\/\/senoticias.com.br\/se\/wp-json\/wp\/v2\/types\/post"}],"author":[{"embeddable":true,"href":"https:\/\/senoticias.com.br\/se\/wp-json\/wp\/v2\/users\/2"}],"replies":[{"embeddable":true,"href":"https:\/\/senoticias.com.br\/se\/wp-json\/wp\/v2\/comments?post=102682"}],"version-history":[{"count":0,"href":"https:\/\/senoticias.com.br\/se\/wp-json\/wp\/v2\/posts\/102682\/revisions"}],"wp:attachment":[{"href":"https:\/\/senoticias.com.br\/se\/wp-json\/wp\/v2\/media?parent=102682"}],"wp:term":[{"taxonomy":"category","embeddable":true,"href":"https:\/\/senoticias.com.br\/se\/wp-json\/wp\/v2\/categories?post=102682"},{"taxonomy":"post_tag","embeddable":true,"href":"https:\/\/senoticias.com.br\/se\/wp-json\/wp\/v2\/tags?post=102682"}],"curies":[{"name":"wp","href":"https:\/\/api.w.org\/{rel}","templated":true}]}}