{"id":102655,"date":"2017-04-26T08:55:11","date_gmt":"2017-04-26T11:55:11","guid":{"rendered":"http:\/\/senoticias.com.br\/se\/?p=102655"},"modified":"2017-04-26T08:55:42","modified_gmt":"2017-04-26T11:55:42","slug":"policia-civil-apresenta-envolvidos-em-crimes-de-trafico-de-drogas-e-roubos-em-itabaiana","status":"publish","type":"post","link":"https:\/\/senoticias.com.br\/se\/policia-civil-apresenta-envolvidos-em-crimes-de-trafico-de-drogas-e-roubos-em-itabaiana\/","title":{"rendered":"Pol\u00edcia Civil apresenta envolvidos em crimes de tr\u00e1fico de drogas e roubos em Itabaiana"},"content":{"rendered":"<p style=\"text-align: justify;\">Seis pessoas presas, al\u00e9m da apreens\u00e3o de duas armas de fogo, tr\u00eas ciclomotores e 54 papelotes de maconha. Esse \u00e9 o resultado final da opera\u00e7\u00e3o \u201cIrm\u00e3os Metralha\u201d, deflagrada pela Pol\u00edcia Civil, por meio da Delegacia Regional de Itabaiana, nas primeiras horas da manh\u00e3 dessa ter\u00e7a-feira, 25, visando dar cumprimento a mandados de pris\u00e3o, de interna\u00e7\u00e3o provis\u00f3ria e de busca e apreens\u00e3o relacionados a crimes de roubo e tr\u00e1fico de drogas no munic\u00edpio serrano.<\/p>\n<div id=\"attachment_102656\" style=\"width: 609px\" class=\"wp-caption aligncenter\"><img loading=\"lazy\" decoding=\"async\" aria-describedby=\"caption-attachment-102656\" class=\"size-full wp-image-102656\" src=\"http:\/\/senoticias.com.br\/se\/wp-content\/uploads\/2017\/04\/suspeitos-em-Itabaiana-senoticias-e1493207598206.jpeg\" alt=\"Opera\u00e7\u00e3o Irm\u00e3os Metralha resulta na apreens\u00e3o de drogas, armas de fogo e pris\u00e3o de seis pessoas\" width=\"599\" height=\"449\" \/><p id=\"caption-attachment-102656\" class=\"wp-caption-text\">Opera\u00e7\u00e3o Irm\u00e3os Metralha resulta na apreens\u00e3o de drogas, armas de fogo e pris\u00e3o de seis pessoas em Itabaiana (foto: SSP\/SE)<\/p><\/div>\n<p style=\"text-align: justify;\">Segundo o delegado F\u00e1bio Santana, a opera\u00e7\u00e3o foi deflagrada ap\u00f3s tr\u00eas meses de levantamentos e buscas de provas que constatassem a atua\u00e7\u00e3o da associa\u00e7\u00e3o criminosa respons\u00e1vel pela pr\u00e1tica de v\u00e1rios assaltos e tr\u00e1fico de drogas na cidade, e se concentrou no bairro Torre, principal ponto de atua\u00e7\u00e3o do grupo. O nome Irm\u00e3os Metralha se deve ao fato de quatro das pessoas investigadas e alvos da opera\u00e7\u00e3o serem irm\u00e3os.<\/p>\n<p style=\"text-align: justify;\">No total, foram cumpridos dois mandados de pris\u00e3o, dois mandados de interna\u00e7\u00e3o provis\u00f3ria e oito mandados de busca e apreens\u00e3o. Foram presos: os irm\u00e3os Deivid Alves da Silva, vulgo \u201cDeivinho\u201d, 18 anos e Marcos Alves da Silva, mais conhecido como \u201cDidinho\u201d, 30 anos; Ivan Bispo Souza, 19 anos; e Leonardo dos Santos, vulgo \u201cL\u00e9o\u201d, 18 anos. Al\u00e9m deles, dois adolescentes irm\u00e3os de Deivid e Marcos Alex, de 14 e 17 anos, foram apreendidos.<\/p>\n<p style=\"text-align: justify;\">Entre os crimes praticados pelo grupo, o mais recente ocorreu na madrugada do \u00faltimo dia 14, quando os criminosos teriam assaltado motorista e passageiros de um micro\u00f4nibus da Coopertalse. A a\u00e7\u00e3o foi registrada pelas c\u00e2meras de monitoramento do micro\u00f4nibus.<\/p>\n<p style=\"text-align: justify;\">Ainda de acordo com o delegado F\u00e1bio Santana, os integrantes da associa\u00e7\u00e3o criminosa presos na opera\u00e7\u00e3o de ontem j\u00e1 t\u00eam passagem pela pol\u00edcia. \u201cO Marcos responde por crimes de tentativa de homic\u00eddio e viol\u00eancia dom\u00e9stica; o Ivan estava em liberdade condicional pelo crime de roubo; o L\u00e9o e os dois adolescentes j\u00e1 responderam pelo cometimento de atos infracionais. Ou seja, quase todos os integrantes estavam envolvidos em diversos crimes, e com o grande \u00eaxito da opera\u00e7\u00e3o conseguimos efetuar a pris\u00e3o dos criminosos e, consequentemente, a atua\u00e7\u00e3o do grupo\u201d, ressaltou.<\/p>\n<p style=\"text-align: justify;\">Ao final da opera\u00e7\u00e3o, o delegado F\u00e1bio Santana destacou o trabalho e empenho de toda equipe da Regional de Itabaiana visando assegurar uma melhor seguran\u00e7a \u00e0 popula\u00e7\u00e3o itabaianense, \u201cdeixando claro que as investiga\u00e7\u00f5es continuam de forma intensificada, para podermos desarticular essas pr\u00e1ticas criminosas\u201d.<\/p>\n<p style=\"text-align: justify;\"><strong>Trabalho Integrado<\/strong><\/p>\n<p style=\"text-align: justify;\">Um total de 35 policiais civis participaram da opera\u00e7\u00e3o. O efetivo foi composto por agentes da Delegacia Regional de Itabaiana, Delegacia Geral, Coordenadoria de Pol\u00edcia Civil do Interior (Copci), Departamento de Narc\u00f3ticos (Denarc), al\u00e9m das delegacias de Macambira e Malhador. Al\u00e9m disso, a opera\u00e7\u00e3o contou tamb\u00e9m com o apoio de policiais militares do 3\u00ba Batalh\u00e3o (3\u00baBPM).<\/p>\n<p style=\"text-align: justify;\"><img loading=\"lazy\" decoding=\"async\" class=\"aligncenter size-full wp-image-102461\" src=\"http:\/\/senoticias.com.br\/se\/wp-content\/uploads\/2017\/04\/Logo-fone-1-2-1-2-4-6-1.jpg\" alt=\"Logo-fone-1-2-1-2-4-6\" width=\"599\" height=\"78\" srcset=\"https:\/\/senoticias.com.br\/se\/wp-content\/uploads\/2017\/04\/Logo-fone-1-2-1-2-4-6-1.jpg 599w, https:\/\/senoticias.com.br\/se\/wp-content\/uploads\/2017\/04\/Logo-fone-1-2-1-2-4-6-1-300x39.jpg 300w\" sizes=\"(max-width: 599px) 100vw, 599px\" \/><\/p>\n<p style=\"text-align: justify;\"><em><strong>Acompanhe tamb\u00e9m o SE Not\u00edcias no<\/strong><strong>\u00a0<\/strong><strong><a href=\"https:\/\/twitter.com\/Senoticias\">Twitter<\/a>,<\/strong><strong>\u00a0<\/strong><strong><a href=\"https:\/\/www.facebook.com\/senoticias1\">Facebook\u00a0<\/a>e no<\/strong><strong>\u00a0<\/strong><strong><a href=\"https:\/\/www.instagram.com\/senoticias\/\">Instagram<\/a><\/strong><\/em><\/p>\n<p style=\"text-align: justify;\"><em>Informa\u00e7\u00f5es da SSP\/SE<\/em><\/p>\n","protected":false},"excerpt":{"rendered":"<p>Seis pessoas presas, al\u00e9m da apreens\u00e3o de duas armas de fogo, tr\u00eas ciclomotores e 54 papelotes de maconha. Esse \u00e9 o resultado final da opera\u00e7\u00e3o \u201cIrm\u00e3os Metralha\u201d, deflagrada pela Pol\u00edcia Civil, por meio da Delegacia Regional de Itabaiana, nas primeiras horas da manh\u00e3 dessa ter\u00e7a-feira, 25, visando dar cumprimento a mandados de pris\u00e3o, de interna\u00e7\u00e3o [&hellip;]<\/p>\n","protected":false},"author":2,"featured_media":102656,"comment_status":"closed","ping_status":"closed","sticky":false,"template":"","format":"standard","meta":{"footnotes":""},"categories":[15],"tags":[236,78,594,3175],"class_list":{"0":"post-102655","1":"post","2":"type-post","3":"status-publish","4":"format-standard","5":"has-post-thumbnail","7":"category-destaques","8":"tag-itabaiana","9":"tag-policia-civil","10":"tag-roubos","11":"tag-trafico-de-drogas"},"_links":{"self":[{"href":"https:\/\/senoticias.com.br\/se\/wp-json\/wp\/v2\/posts\/102655"}],"collection":[{"href":"https:\/\/senoticias.com.br\/se\/wp-json\/wp\/v2\/posts"}],"about":[{"href":"https:\/\/senoticias.com.br\/se\/wp-json\/wp\/v2\/types\/post"}],"author":[{"embeddable":true,"href":"https:\/\/senoticias.com.br\/se\/wp-json\/wp\/v2\/users\/2"}],"replies":[{"embeddable":true,"href":"https:\/\/senoticias.com.br\/se\/wp-json\/wp\/v2\/comments?post=102655"}],"version-history":[{"count":0,"href":"https:\/\/senoticias.com.br\/se\/wp-json\/wp\/v2\/posts\/102655\/revisions"}],"wp:featuredmedia":[{"embeddable":true,"href":"https:\/\/senoticias.com.br\/se\/wp-json\/wp\/v2\/media\/102656"}],"wp:attachment":[{"href":"https:\/\/senoticias.com.br\/se\/wp-json\/wp\/v2\/media?parent=102655"}],"wp:term":[{"taxonomy":"category","embeddable":true,"href":"https:\/\/senoticias.com.br\/se\/wp-json\/wp\/v2\/categories?post=102655"},{"taxonomy":"post_tag","embeddable":true,"href":"https:\/\/senoticias.com.br\/se\/wp-json\/wp\/v2\/tags?post=102655"}],"curies":[{"name":"wp","href":"https:\/\/api.w.org\/{rel}","templated":true}]}}