{"id":102624,"date":"2017-04-25T08:57:40","date_gmt":"2017-04-25T11:57:40","guid":{"rendered":"http:\/\/senoticias.com.br\/se\/?p=102624"},"modified":"2017-04-25T08:59:00","modified_gmt":"2017-04-25T11:59:00","slug":"governo-do-estado-promove-data-historica-para-a-policia-militar","status":"publish","type":"post","link":"https:\/\/senoticias.com.br\/se\/governo-do-estado-promove-data-historica-para-a-policia-militar\/","title":{"rendered":"Governo do Estado promove 44 oficiais e 1.223 pra\u00e7as da Pol\u00edcia Militar"},"content":{"rendered":"<p style=\"text-align: justify;\">O Governo do Estado realizou na noite desta segunda-feira, 24, no gin\u00e1sio Const\u00e2ncio Vieira, um evento hist\u00f3rico para a Policia Militar (PMSE). Pela primeira vez, 1.267 agentes, entre pra\u00e7as e oficiais, puderam subir de patente atrav\u00e9s da Progress\u00e3o por Tempo de Servi\u00e7o (PTS), institu\u00edda recentemente atrav\u00e9s da legisla\u00e7\u00e3o sancionada pelo governador Jackson Barreto e aprovada pela Assembleia Legislativa (Alese).<\/p>\n<div id=\"attachment_102625\" style=\"width: 609px\" class=\"wp-caption aligncenter\"><img loading=\"lazy\" decoding=\"async\" aria-describedby=\"caption-attachment-102625\" class=\"size-full wp-image-102625\" src=\"http:\/\/senoticias.com.br\/se\/wp-content\/uploads\/2017\/04\/promocao-de-pms-senoticias-e1493121307507.jpg\" alt=\"Pela primeira vez no Brasil, centenas de policiais militares foram promovidos por tempo de servi\u00e7o, o que s\u00f3 foi poss\u00edvel gra\u00e7as a uma Lei sancionada pelo governador Jackson Barreto\" width=\"599\" height=\"381\" \/><p id=\"caption-attachment-102625\" class=\"wp-caption-text\">Pela primeira vez no Brasil, centenas de policiais militares foram promovidos por tempo de servi\u00e7o, o que s\u00f3 foi poss\u00edvel gra\u00e7as a uma Lei sancionada pelo governador Jackson Barreto (foto: Andr\u00e9 Moreira\/ASN)<\/p><\/div>\n<p style=\"text-align: justify;\">De acordo com o governador Jackson Barreto, esse \u00e9 um momento \u00edmpar para a PMSE. \u201cDepois de 182 anos, a corpora\u00e7\u00e3o recebe esse belo presente, que \u00e9 a PTS. \u00c9 uma vit\u00f3ria da Pol\u00edcia Militar, da sociedade sergipana e das fam\u00edlias dos militares. Hoje evidenciamos um recorde de promo\u00e7\u00f5es na hist\u00f3ria de Sergipe e, guardada as devidas propor\u00e7\u00f5es, em nosso pa\u00eds. Isso significa respeito e reconhecimento ao papel exemplar da pol\u00edcia em todo nosso estado&#8221;, declarou.<\/p>\n<p style=\"text-align: justify;\">O secret\u00e1rio de Estado da Seguran\u00e7a P\u00fablica, Jo\u00e3o Eloy, disse que o trabalho dos agentes deve continuar a ser evidenciado e reconhecido pelo Estado. \u201cO evento de hoje \u00e9 um reconhecimento do governo ao bel\u00edssimo trabalho que a PMSE vem desenvolvendo em Sergipe. Nada mais justo que proporcionar essa promo\u00e7\u00e3o a centenas de agentes de uma s\u00f3 vez. Isso, com certeza, vai ficar na hist\u00f3ria, pois, para um policial, n\u00e3o h\u00e1 nada melhor que ter seus esfor\u00e7os reconhecidos dentro da institui\u00e7\u00e3o\u201d, avaliou.<\/p>\n<p style=\"text-align: justify;\">Para o comandante geral da PMSE, Marcony Cabral, a a\u00e7\u00e3o desta noite foi a concretiza\u00e7\u00e3o de um sonho. \u201cNunca mais haver\u00e1 a possibilidade de um militar n\u00e3o ter uma expectativa de promo\u00e7\u00e3o na carreira. Isso era um anseio que o governador tornou realidade, promovendo uma a\u00e7\u00e3o de magnitude nunca antes vista na PMSE. Essas quase 1.300 promo\u00e7\u00f5es significam que t\u00ednhamos muitos atrasos na progress\u00e3o das carreiras dos PMs e, de uma s\u00f3 vez, o governo ajustou essas demandas. \u00c9 como se o governador estivesse nos agradecendo pelo trabalho desempenhado diariamente nas ruas de Sergipe\u201d, afirmou.<\/p>\n<p style=\"text-align: justify;\">Ainda segundo o governador, mesmo com todos as dificuldades, era dever do Estado garantir que esses profissionais fossem contemplados. \u201cA gente sabe que essas promo\u00e7\u00f5es v\u00e3o aumentar a folha [de pagamento], mas n\u00e3o pod\u00edamos deixar de promov\u00ea-las. O Estado deve muito \u00e0 nossa Pol\u00edcia Militar, e esse esfor\u00e7o vale a pena, porque a corpora\u00e7\u00e3o merece muito pelo respeito que ela representa para o povo sergipano. Como garantir seguran\u00e7a em um momento de tanta dificuldade, de tanta viol\u00eancia, se n\u00e3o tivermos ao nosso lado uma pol\u00edcia satisfeita, com parte dos seus sonhos realizados? Dificuldades sempre ir\u00e3o existir, mas cabe a n\u00f3s nunca parar de trabalhar para que consigamos dar a volta por cima\u201d, revelou.<\/p>\n<p style=\"text-align: justify;\">O prefeito de Aracaju, Edvaldo Nogueira, reconheceu esse esfor\u00e7o e afirmou que a gest\u00e3o estadual demonstra, com esse evento, profundo respeito pelos homens e mulheres que fazem parte da PMSE. \u201cEsse \u00e9 um grande gesto, uma posi\u00e7\u00e3o que revela compromisso do governador com a Pol\u00edcia Militar e, acima de tudo, faz justi\u00e7a com a corpora\u00e7\u00e3o, garantindo mais qualidade de vida para esses profissionais. Isso \u00e9 um exemplo, inclusive, para o Brasil, pois essa \u00e9 a primeira pol\u00edcia a usar o crit\u00e9rio de progress\u00e3o temporal, o que deve incentivar muito \u00e0 PMSE a trabalhar cada vez melhor em benef\u00edcio da nossa popula\u00e7\u00e3o\u201d, observou.<\/p>\n<p style=\"text-align: justify;\">O evento marcou a promo\u00e7\u00e3o de 44 oficiais e 1.223 pra\u00e7as da PMSE. Vale frisar que, do montante promovido nesta solenidade, apenas 20 oficiais n\u00e3o est\u00e3o ascendendo por meio da PTS, sendo elevados por for\u00e7a do sistema tradicional de promo\u00e7\u00e3o.<\/p>\n<p><strong>Valoriza\u00e7\u00e3o<\/strong><\/p>\n<p style=\"text-align: justify;\">A agora cabo Kelly Gard\u00eania Gomes de Souza, afirma que a conquista configura um grande ajuste na carreira de centenas de profissionais. \u201cDepois de todos os atrasos e problemas que encontramos pelo caminho, \u00e9 gratificante sermos reconhecidos pelo trabalho que realizamos. A a\u00e7\u00e3o do Governo foi bastante valorosa a todos os policiais militares, pois ela foi muito importante para essa conquista\u201d.<\/p>\n<p style=\"text-align: justify;\">Realidade que o companheiro de patente Tiago Menezes Rodrigues compartilha e reafirma. \u201cO dia de hoje \u00e9 uma realiza\u00e7\u00e3o, j\u00e1 que a gente estava esperando isso h\u00e1 muito tempo. Ser promovido a cabo depois de 11 anos de servi\u00e7o \u00e9 uma emo\u00e7\u00e3o forte. O Governo fez justi\u00e7a ao contemplar o anseio da corpora\u00e7\u00e3o, e isso nos deu muita motiva\u00e7\u00e3o. A diferen\u00e7a ser\u00e1 vista nas ruas\u201d, garantiu.<\/p>\n<p style=\"text-align: justify;\">Promovido a primeiro sargento, Sidney de Fran\u00e7a Santos comemorou ao lado da fam\u00edlia. \u201cPara n\u00f3s, esse dia \u00e9 motivo de alegria, para festejar, pois ele foi muito aguardado. As promo\u00e7\u00f5es estavam paralisadas e, s\u00f3 a partir desse projeto, tivemos a oportunidade de ascender nas gradua\u00e7\u00f5es atrav\u00e9s do tempo de servi\u00e7o. Agradecemos primeiramente a Deus e depois ao governador do Estado pela sensibilidade em compreender a necessidade que os policiais t\u00eam de ascender na carreira profissional. Isso nos d\u00e1 motiva\u00e7\u00e3o, pois cada um rende melhor sendo reconhecido. Todos os envolvidos est\u00e3o de parab\u00e9ns\u201d, agradeceu.<\/p>\n<p style=\"text-align: justify;\">O oficial Emerson Nascimento Souza, que passou de capit\u00e3o a major, tamb\u00e9m compartilhou dessa emo\u00e7\u00e3o. \u201c\u00c9 uma alegria imensa para mim e para meus familiares, pois essa \u00e9 uma promo\u00e7\u00e3o bastante esperada. Tenho que agradecer a todos que contribu\u00edram para esse dia, que jamais esquecerei, chegasse. O Governo do Estado teve uma import\u00e2ncia muito grande nesse processo, pois foi o esfor\u00e7o do comandante geral, do governador e da SSP que conclu\u00edram esse trabalho, depois de muito tempo e esfor\u00e7o aplicados por todas as partes\u201d, reconheceu.<\/p>\n<p style=\"text-align: justify;\">Para o cabo Ednaldo Prata G\u00f3is todos merecem o reconhecimento da corpora\u00e7\u00e3o. \u201cA PMSE est\u00e1 de parab\u00e9ns e o governo tamb\u00e9m, pois ambos tiveram participa\u00e7\u00f5es muito importante na constru\u00e7\u00e3o desse intenso debate. N\u00e3o tenho d\u00favidas que o governo foi essencial para esse dia, a sensibilidade do governador Jackson Barreto fez com que Sergipe fosse pioneiro com um projeto t\u00e3o grandioso. Portanto hoje \u00e9 um dia de alegria para todos n\u00f3s, para a pol\u00edcia, paro o governo e para a sociedade sergipana, que ter\u00e1 policiais mais empenhados em promover a seguran\u00e7a, que \u00e9 o que mais importa\u201d, afirmou.<\/p>\n<p><strong>Melhorias<\/strong><\/p>\n<p style=\"text-align: justify;\">Em dezembro de 2016, Jackson tamb\u00e9m sancionou a Lei de Subs\u00eddios aos Militares da Pol\u00edcia Militar e do Corpo de Bombeiros. A a\u00e7\u00e3o foi poss\u00edvel, pois em 29 de setembro, o governador assinou Mensagens e Projetos de Lei sobre progress\u00e3o autom\u00e1tica na carreira e subs\u00eddios, a fim de consolidar direitos adquiridos pelos agentes.<\/p>\n<p style=\"text-align: justify;\">A Gratifica\u00e7\u00e3o de Atividade em Eventos (Grae) foi transformada em Retribui\u00e7\u00e3o Financeira Transit\u00f3ria pelo Exerc\u00edcio de Atividade Extraordin\u00e1ria (Retae) em 2017, permitindo que cabos e soldados recebam valor duas vezes e meia maior que o anterior. Passa a haver aux\u00edlio uniforme anual no valor de R$ 1.700, que beneficiar\u00e1 todos os oficiais e pra\u00e7as da PMSE\/BMSE. Com as medidas, o policial militar passar a ter subs\u00eddio como forma de remunera\u00e7\u00e3o, desaparecendo a possibilidade de perdas na sua aposentadoria de algum recurso.<\/p>\n<p style=\"text-align: justify;\"><strong>Presen\u00e7as<\/strong><\/p>\n<p style=\"text-align: justify;\">Tamb\u00e9m estiveram presentes durante a solenidade os secret\u00e1rios de Estado da Comunica\u00e7\u00e3o Social, Sales Neto; de Governo, Benedito Figueiredo; da Justi\u00e7a e da Defesa ao Consumidor, Cristiano Barreto; da Mulher, Inclus\u00e3o, Assist\u00eancia Social, do Trabalho e Direitos Humanos, Jos\u00e9 Sobral; o vice-presidente da Alese, Garibalde Mendon\u00e7a, e os deputados estaduais capit\u00e3o Samuel e Ven\u00e2ncio Fonseca; o prefeito de Moita Bonita, Marcos Costa; o presidente da C\u00e2mara de Vereadores de Aracaju, Joselito Vitale e o superintendente do escrit\u00f3rio de Sergipe em Bras\u00edlia, Heleno Silva.<\/p>\n<p style=\"text-align: justify;\"><img loading=\"lazy\" decoding=\"async\" class=\"aligncenter size-full wp-image-102461\" src=\"http:\/\/senoticias.com.br\/se\/wp-content\/uploads\/2017\/04\/Logo-fone-1-2-1-2-4-6-1.jpg\" alt=\"Logo-fone-1-2-1-2-4-6\" width=\"599\" height=\"78\" srcset=\"https:\/\/senoticias.com.br\/se\/wp-content\/uploads\/2017\/04\/Logo-fone-1-2-1-2-4-6-1.jpg 599w, https:\/\/senoticias.com.br\/se\/wp-content\/uploads\/2017\/04\/Logo-fone-1-2-1-2-4-6-1-300x39.jpg 300w\" sizes=\"(max-width: 599px) 100vw, 599px\" \/><\/p>\n<p style=\"text-align: justify;\"><em><strong>Acompanhe tamb\u00e9m o SE Not\u00edcias no<\/strong><strong>\u00a0<\/strong><strong><a href=\"https:\/\/twitter.com\/Senoticias\">Twitter<\/a>,<\/strong><strong>\u00a0<\/strong><strong><a href=\"https:\/\/www.facebook.com\/senoticias1\">Facebook\u00a0<\/a>e no<\/strong><strong>\u00a0<\/strong><strong><a href=\"https:\/\/www.instagram.com\/senoticias\/\">Instagram<\/a><\/strong><\/em><\/p>\n<p style=\"text-align: justify;\"><em>Ag\u00eancia Sergipe de Not\u00edcias<\/em><\/p>\n","protected":false},"excerpt":{"rendered":"<p>O Governo do Estado realizou na noite desta segunda-feira, 24, no gin\u00e1sio Const\u00e2ncio Vieira, um evento hist\u00f3rico para a Policia Militar (PMSE). Pela primeira vez, 1.267 agentes, entre pra\u00e7as e oficiais, puderam subir de patente atrav\u00e9s da Progress\u00e3o por Tempo de Servi\u00e7o (PTS), institu\u00edda recentemente atrav\u00e9s da legisla\u00e7\u00e3o sancionada pelo governador Jackson Barreto e aprovada [&hellip;]<\/p>\n","protected":false},"author":2,"featured_media":102625,"comment_status":"closed","ping_status":"closed","sticky":false,"template":"","format":"standard","meta":{"footnotes":""},"categories":[15,7],"tags":[2002,86,3076,3138,3137],"class_list":{"0":"post-102624","1":"post","2":"type-post","3":"status-publish","4":"format-standard","5":"has-post-thumbnail","7":"category-destaques","8":"category-policia","9":"tag-governo","10":"tag-policia-militar","11":"tag-pracas","12":"tag-promocao-de-militares","13":"tag-promove"},"_links":{"self":[{"href":"https:\/\/senoticias.com.br\/se\/wp-json\/wp\/v2\/posts\/102624"}],"collection":[{"href":"https:\/\/senoticias.com.br\/se\/wp-json\/wp\/v2\/posts"}],"about":[{"href":"https:\/\/senoticias.com.br\/se\/wp-json\/wp\/v2\/types\/post"}],"author":[{"embeddable":true,"href":"https:\/\/senoticias.com.br\/se\/wp-json\/wp\/v2\/users\/2"}],"replies":[{"embeddable":true,"href":"https:\/\/senoticias.com.br\/se\/wp-json\/wp\/v2\/comments?post=102624"}],"version-history":[{"count":0,"href":"https:\/\/senoticias.com.br\/se\/wp-json\/wp\/v2\/posts\/102624\/revisions"}],"wp:featuredmedia":[{"embeddable":true,"href":"https:\/\/senoticias.com.br\/se\/wp-json\/wp\/v2\/media\/102625"}],"wp:attachment":[{"href":"https:\/\/senoticias.com.br\/se\/wp-json\/wp\/v2\/media?parent=102624"}],"wp:term":[{"taxonomy":"category","embeddable":true,"href":"https:\/\/senoticias.com.br\/se\/wp-json\/wp\/v2\/categories?post=102624"},{"taxonomy":"post_tag","embeddable":true,"href":"https:\/\/senoticias.com.br\/se\/wp-json\/wp\/v2\/tags?post=102624"}],"curies":[{"name":"wp","href":"https:\/\/api.w.org\/{rel}","templated":true}]}}