{"id":102594,"date":"2017-04-24T13:47:02","date_gmt":"2017-04-24T16:47:02","guid":{"rendered":"http:\/\/senoticias.com.br\/se\/?p=102594"},"modified":"2017-04-24T13:47:32","modified_gmt":"2017-04-24T16:47:32","slug":"festa-de-arromba-traz-renato-e-seus-blue-caps-a-aracaju","status":"publish","type":"post","link":"https:\/\/senoticias.com.br\/se\/festa-de-arromba-traz-renato-e-seus-blue-caps-a-aracaju\/","title":{"rendered":"Festa de Arromba traz Renato e Seus Blue Caps a Aracaju"},"content":{"rendered":"<p style=\"text-align: justify;\">Uma noite para dan\u00e7ar e se divertir. Assim ser\u00e1 a Festa de Arromba, que acontecer\u00e1 no dia 29 de abril, no Espa\u00e7o EMES, com a presen\u00e7a de Renato e Seus Blue Caps, The Fevers e Zezo. Estrelas do rock na d\u00e9cada de 70, 80 e 90, os famosos grupos v\u00e3o apresentar um repert\u00f3rio com os principais sucessos de suas carreiras.<\/p>\n<div id=\"attachment_102595\" style=\"width: 609px\" class=\"wp-caption aligncenter\"><img loading=\"lazy\" decoding=\"async\" aria-describedby=\"caption-attachment-102595\" class=\"size-full wp-image-102595\" src=\"http:\/\/senoticias.com.br\/se\/wp-content\/uploads\/2017\/04\/FESTA-DE-AROMBA-SENOTICIAS-e1493052338970.jpg\" alt=\"Festa de Arromba traz Renato e Seus Blue Caps a Aracaju (Foto: divulga\u00e7\u00e3o)\" width=\"599\" height=\"398\" \/><p id=\"caption-attachment-102595\" class=\"wp-caption-text\">Festa de Arromba traz Renato e Seus Blue Caps a Aracaju (Foto: divulga\u00e7\u00e3o)<\/p><\/div>\n<p style=\"text-align: justify;\">O evento, promovido pela Augustus Produ\u00e7\u00f5es, ter\u00e1 in\u00edcio \u00e0s 21 horas com abertura dos port\u00f5es. As mesas t\u00eam setores e pre\u00e7os diferenciados. Adquira a sua na Central do Ticket, no RioMar Shopping. Informa\u00e7\u00f5es 3219-2069. Imperd\u00edvel!<\/p>\n<p style=\"text-align: justify;\"><strong>Acompanhe tamb\u00e9m o SE Not\u00edcias no<\/strong><span class=\"apple-converted-space\"><b>\u00a0<\/b><\/span><a href=\"https:\/\/twitter.com\/Senoticias\" target=\"_blank\"><b>Twitter<\/b><\/a><strong>,<\/strong><span class=\"apple-converted-space\"><b>\u00a0<\/b><\/span><a href=\"https:\/\/www.facebook.com\/senoticias1\" target=\"_blank\"><b>Facebook<\/b><span class=\"apple-converted-space\"><b>\u00a0<\/b><\/span><\/a><strong>e no<\/strong><span class=\"apple-converted-space\"><b>\u00a0<\/b><\/span><b><a href=\"https:\/\/www.instagram.com\/senoticias\/\" target=\"_blank\">Instagram<\/a><\/b><\/p>\n<p style=\"text-align: justify;\"><img loading=\"lazy\" decoding=\"async\" class=\"aligncenter size-full wp-image-102461\" src=\"http:\/\/senoticias.com.br\/se\/wp-content\/uploads\/2017\/04\/Logo-fone-1-2-1-2-4-6-1.jpg\" alt=\"Logo-fone-1-2-1-2-4-6\" width=\"599\" height=\"78\" srcset=\"https:\/\/senoticias.com.br\/se\/wp-content\/uploads\/2017\/04\/Logo-fone-1-2-1-2-4-6-1.jpg 599w, https:\/\/senoticias.com.br\/se\/wp-content\/uploads\/2017\/04\/Logo-fone-1-2-1-2-4-6-1-300x39.jpg 300w\" sizes=\"(max-width: 599px) 100vw, 599px\" \/><\/p>\n<p style=\"text-align: justify;\"><strong><em>Da Assessoria de Imprensa<\/em><\/strong><\/p>\n","protected":false},"excerpt":{"rendered":"<p>Uma noite para dan\u00e7ar e se divertir. Assim ser\u00e1 a Festa de Arromba, que acontecer\u00e1 no dia 29 de abril, no Espa\u00e7o EMES, com a presen\u00e7a de Renato e Seus Blue Caps, The Fevers e Zezo. Estrelas do rock na d\u00e9cada de 70, 80 e 90, os famosos grupos v\u00e3o apresentar um repert\u00f3rio com os [&hellip;]<\/p>\n","protected":false},"author":2,"featured_media":102595,"comment_status":"closed","ping_status":"closed","sticky":false,"template":"","format":"standard","meta":{"footnotes":""},"categories":[21],"tags":[3101,3102],"class_list":{"0":"post-102594","1":"post","2":"type-post","3":"status-publish","4":"format-standard","5":"has-post-thumbnail","7":"category-entretenimento","8":"tag-festa-de-arromba","9":"tag-renato-e-seus-blue-caps"},"_links":{"self":[{"href":"https:\/\/senoticias.com.br\/se\/wp-json\/wp\/v2\/posts\/102594"}],"collection":[{"href":"https:\/\/senoticias.com.br\/se\/wp-json\/wp\/v2\/posts"}],"about":[{"href":"https:\/\/senoticias.com.br\/se\/wp-json\/wp\/v2\/types\/post"}],"author":[{"embeddable":true,"href":"https:\/\/senoticias.com.br\/se\/wp-json\/wp\/v2\/users\/2"}],"replies":[{"embeddable":true,"href":"https:\/\/senoticias.com.br\/se\/wp-json\/wp\/v2\/comments?post=102594"}],"version-history":[{"count":0,"href":"https:\/\/senoticias.com.br\/se\/wp-json\/wp\/v2\/posts\/102594\/revisions"}],"wp:featuredmedia":[{"embeddable":true,"href":"https:\/\/senoticias.com.br\/se\/wp-json\/wp\/v2\/media\/102595"}],"wp:attachment":[{"href":"https:\/\/senoticias.com.br\/se\/wp-json\/wp\/v2\/media?parent=102594"}],"wp:term":[{"taxonomy":"category","embeddable":true,"href":"https:\/\/senoticias.com.br\/se\/wp-json\/wp\/v2\/categories?post=102594"},{"taxonomy":"post_tag","embeddable":true,"href":"https:\/\/senoticias.com.br\/se\/wp-json\/wp\/v2\/tags?post=102594"}],"curies":[{"name":"wp","href":"https:\/\/api.w.org\/{rel}","templated":true}]}}