{"id":102592,"date":"2017-04-24T13:31:10","date_gmt":"2017-04-24T16:31:10","guid":{"rendered":"http:\/\/senoticias.com.br\/se\/?p=102592"},"modified":"2017-04-24T13:31:10","modified_gmt":"2017-04-24T16:31:10","slug":"feriado-sem-mortes-nas-rodovias-federais-de-sergipe","status":"publish","type":"post","link":"https:\/\/senoticias.com.br\/se\/feriado-sem-mortes-nas-rodovias-federais-de-sergipe\/","title":{"rendered":"Feriado sem mortes nas rodovias federais de Sergipe"},"content":{"rendered":"<p align=\"justify\"><span style=\"font-family: Arial, sans-serif;\"><b> <\/b>A PRF realizou nesse final de semana prolongado a &#8221;Opera\u00e7\u00e3o Tiradentes&#8221; nas rodovias federais em todo o pa\u00eds. Iniciada \u00e0 0h da \u00faltima quinta-feira, 20, e finalizada \u00e0 meia-noite de ontem, 23, a opera\u00e7\u00e3o n\u00e3o registrou acidentes fatais nas rodovias federais de Sergipe. Desde o Carnaval, a PRF n\u00e3o registra acidentes fatais em opera\u00e7\u00f5es no estado.<\/span><\/p>\n<div id=\"attachment_69859\" style=\"width: 605px\" class=\"wp-caption aligncenter\"><img loading=\"lazy\" decoding=\"async\" aria-describedby=\"caption-attachment-69859\" class=\"size-full wp-image-69859\" src=\"http:\/\/senoticias.com.br\/se\/wp-content\/uploads\/2014\/09\/prf-se.jpg\" alt=\"Desde o Carnaval a PRF n\u00e3o registra acidentes fatais em opera\u00e7\u00f5es.(Foto: PRF\/SE)\" width=\"595\" height=\"446\" srcset=\"https:\/\/senoticias.com.br\/se\/wp-content\/uploads\/2014\/09\/prf-se.jpg 595w, https:\/\/senoticias.com.br\/se\/wp-content\/uploads\/2014\/09\/prf-se-300x224.jpg 300w, https:\/\/senoticias.com.br\/se\/wp-content\/uploads\/2014\/09\/prf-se-342x256.jpg 342w, https:\/\/senoticias.com.br\/se\/wp-content\/uploads\/2014\/09\/prf-se-60x45.jpg 60w, https:\/\/senoticias.com.br\/se\/wp-content\/uploads\/2014\/09\/prf-se-150x113.jpg 150w, https:\/\/senoticias.com.br\/se\/wp-content\/uploads\/2014\/09\/prf-se-269x201.jpg 269w\" sizes=\"(max-width: 595px) 100vw, 595px\" \/><p id=\"caption-attachment-69859\" class=\"wp-caption-text\">Desde o Carnaval a PRF n\u00e3o registra acidentes com mortes\u00a0em rodovias sergipanas.(Foto: PRF\/SE)<\/p><\/div>\n<p style=\"text-align: justify;\" align=\"justify\"><span style=\"font-family: Arial, sans-serif;\">Durante a &#8221;Opera\u00e7\u00e3o Tiradentes&#8221; foram atendidos 12 acidentes (sendo tr\u00eas deles graves) e 10 pessoas ficaram feridas (sendo tr\u00eas em estado grave). N\u00fameros menores que os registrados na semana passada, durante a &#8221;Opera\u00e7\u00e3o Semana Santa&#8221;, em que ocorreram 16 acidentes e 14 pessoas ficaram feridas.<\/span><\/p>\n<p style=\"text-align: justify;\" align=\"justify\">Nesse per\u00edodo, as a\u00e7\u00f5es de fiscaliza\u00e7\u00e3o e policiamento ostensivo foram intensificadas, com o objetivo de reduzir o n\u00famero de acidentes e crimes nas rodovias federais. Mesmo com o esfor\u00e7o de fiscaliza\u00e7\u00e3o e de campanhas educativas, ainda s\u00e3o observadas com frequ\u00eancia pr\u00e1ticas imprudentes no tr\u00e2nsito. Em fiscaliza\u00e7\u00e3o para coibir condutores trafegando com excesso de velocidade, foram flagrados 296 motoristas conduzindo em velocidade acima da permitida na rodovia e outros 24 foram autuados por ultrapassagens em locais proibidos. H\u00e1 ainda os condutores que insistem na pr\u00e1tica de conduzirem ve\u00edculos ap\u00f3s o consumo de bebidas alco\u00f3licas. Nos 686 testes de alcoolemia realizados, oito condutores embriagados foram flagrados pelos agentes federais. Ao todo foram registradas 372 infra\u00e7\u00f5es de tr\u00e2nsito nas rodovias federais de Sergipe durante os quatro dias de opera\u00e7\u00e3o.<\/p>\n<p style=\"text-align: justify;\" align=\"justify\"><span style=\"font-family: Arial, sans-serif;\"><br \/>\nCom o intuito de diminuir essas infra\u00e7\u00f5es, a PRF investe na conscientiza\u00e7\u00e3o dos condutores atrav\u00e9s de a\u00e7\u00f5es de educa\u00e7\u00e3o para o tr\u00e2nsito. Em Sergipe, as a\u00e7\u00f5es educativas com o objetivo de sensibilizar motoristas e passageiros de seus pap\u00e9is na constru\u00e7\u00e3o de um tr\u00e2nsito mais seguro, alcan\u00e7aram 603 pessoas, entre palestras e abordagens educativas, al\u00e9m do projeto Cinema Rodovi\u00e1rio.<\/span><\/p>\n<p style=\"text-align: left;\" align=\"center\"><span style=\"font-family: Arial, sans-serif;\"><b>Superintend\u00eancia Regional em Sergipe<br \/>\n<\/b><\/span><span style=\"font-family: Arial, sans-serif;\"><b>Assessoria de Comunica\u00e7\u00e3o Social<\/b><\/span><\/p>\n<p style=\"text-align: justify;\" align=\"justify\">\n<p style=\"text-align: justify;\" align=\"justify\"><img loading=\"lazy\" decoding=\"async\" class=\"aligncenter size-full wp-image-102461\" src=\"http:\/\/senoticias.com.br\/se\/wp-content\/uploads\/2017\/04\/Logo-fone-1-2-1-2-4-6-1.jpg\" alt=\"Logo-fone-1-2-1-2-4-6\" width=\"599\" height=\"78\" srcset=\"https:\/\/senoticias.com.br\/se\/wp-content\/uploads\/2017\/04\/Logo-fone-1-2-1-2-4-6-1.jpg 599w, https:\/\/senoticias.com.br\/se\/wp-content\/uploads\/2017\/04\/Logo-fone-1-2-1-2-4-6-1-300x39.jpg 300w\" sizes=\"(max-width: 599px) 100vw, 599px\" \/><\/p>\n<p style=\"text-align: justify;\" align=\"justify\">\n<p style=\"text-align: justify;\" align=\"justify\"><strong>Acompanhe tamb\u00e9m o SE Not\u00edcias no<\/strong><span class=\"apple-converted-space\"><b>\u00a0<\/b><\/span><a href=\"https:\/\/twitter.com\/Senoticias\" target=\"_blank\"><b>Twitter<\/b><\/a><strong>,<\/strong><span class=\"apple-converted-space\"><b>\u00a0<\/b><\/span><a href=\"https:\/\/www.facebook.com\/senoticias1\" target=\"_blank\"><b>Facebook<\/b><span class=\"apple-converted-space\"><b>\u00a0<\/b><\/span><\/a><strong>e no<\/strong><span class=\"apple-converted-space\"><b>\u00a0<\/b><\/span><b><a href=\"https:\/\/www.instagram.com\/senoticias\/\" target=\"_blank\">Instagram<\/a><\/b><\/p>\n","protected":false},"excerpt":{"rendered":"<p>A PRF realizou nesse final de semana prolongado a &#8221;Opera\u00e7\u00e3o Tiradentes&#8221; nas rodovias federais em todo o pa\u00eds. Iniciada \u00e0 0h da \u00faltima quinta-feira, 20, e finalizada \u00e0 meia-noite de ontem, 23, a opera\u00e7\u00e3o n\u00e3o registrou acidentes fatais nas rodovias federais de Sergipe. Desde o Carnaval, a PRF n\u00e3o registra acidentes fatais em opera\u00e7\u00f5es no [&hellip;]<\/p>\n","protected":false},"author":2,"featured_media":69859,"comment_status":"closed","ping_status":"closed","sticky":false,"template":"","format":"standard","meta":{"footnotes":""},"categories":[15,7],"tags":[3099,77,3100],"class_list":{"0":"post-102592","1":"post","2":"type-post","3":"status-publish","4":"format-standard","5":"has-post-thumbnail","7":"category-destaques","8":"category-policia","9":"tag-feriado-de-tiradentes","10":"tag-prf","11":"tag-rodovias-federais-de-sergipe"},"_links":{"self":[{"href":"https:\/\/senoticias.com.br\/se\/wp-json\/wp\/v2\/posts\/102592"}],"collection":[{"href":"https:\/\/senoticias.com.br\/se\/wp-json\/wp\/v2\/posts"}],"about":[{"href":"https:\/\/senoticias.com.br\/se\/wp-json\/wp\/v2\/types\/post"}],"author":[{"embeddable":true,"href":"https:\/\/senoticias.com.br\/se\/wp-json\/wp\/v2\/users\/2"}],"replies":[{"embeddable":true,"href":"https:\/\/senoticias.com.br\/se\/wp-json\/wp\/v2\/comments?post=102592"}],"version-history":[{"count":0,"href":"https:\/\/senoticias.com.br\/se\/wp-json\/wp\/v2\/posts\/102592\/revisions"}],"wp:featuredmedia":[{"embeddable":true,"href":"https:\/\/senoticias.com.br\/se\/wp-json\/wp\/v2\/media\/69859"}],"wp:attachment":[{"href":"https:\/\/senoticias.com.br\/se\/wp-json\/wp\/v2\/media?parent=102592"}],"wp:term":[{"taxonomy":"category","embeddable":true,"href":"https:\/\/senoticias.com.br\/se\/wp-json\/wp\/v2\/categories?post=102592"},{"taxonomy":"post_tag","embeddable":true,"href":"https:\/\/senoticias.com.br\/se\/wp-json\/wp\/v2\/tags?post=102592"}],"curies":[{"name":"wp","href":"https:\/\/api.w.org\/{rel}","templated":true}]}}