{"id":102589,"date":"2017-04-24T09:07:06","date_gmt":"2017-04-24T12:07:06","guid":{"rendered":"http:\/\/senoticias.com.br\/se\/?p=102589"},"modified":"2017-04-24T13:34:01","modified_gmt":"2017-04-24T16:34:01","slug":"quem-nao-votou-nas-ultimas-eleicoes-deve-regularizar-situacao-ate-2-de-maio","status":"publish","type":"post","link":"https:\/\/senoticias.com.br\/se\/quem-nao-votou-nas-ultimas-eleicoes-deve-regularizar-situacao-ate-2-de-maio\/","title":{"rendered":"Quem n\u00e3o votou nas \u00faltimas elei\u00e7\u00f5es deve regularizar situa\u00e7\u00e3o at\u00e9 2 de maio"},"content":{"rendered":"<div id=\"attachment_102590\" style=\"width: 510px\" class=\"wp-caption aligncenter\"><img loading=\"lazy\" decoding=\"async\" aria-describedby=\"caption-attachment-102590\" class=\"size-full wp-image-102590\" src=\"http:\/\/senoticias.com.br\/se\/wp-content\/uploads\/2017\/04\/Foto18-Titulo-Eleitoral-e1493035586482.jpg\" alt=\"Imagem ilustrativa\" width=\"500\" height=\"333\" \/><p id=\"caption-attachment-102590\" class=\"wp-caption-text\">Imagem meramente \u00a0ilustrativa<\/p><\/div>\n<p style=\"text-align: justify;\">At\u00e9 o dia 2 de maio, o eleitor que n\u00e3o votou e n\u00e3o justificou a aus\u00eancia nas tr\u00eas \u00faltimas elei\u00e7\u00f5es ou n\u00e3o pagou as multas correspondentes deve regularizar sua situa\u00e7\u00e3o perante a Justi\u00e7a Eleitoral. Ap\u00f3s esse prazo, essas pessoas correm o risco de ter o t\u00edtulo cancelado, lembrando que a legisla\u00e7\u00e3o considera cada turno de vota\u00e7\u00e3o um pleito diferente para efeito de cancelamento.<\/p>\n<p style=\"text-align: justify;\">Segundo o Tribunal Superior Eleitoral (TSE), em todo o pa\u00eds, mais de 1,8 milh\u00e3o de eleitores est\u00e3o com seus t\u00edtulos irregulares por aus\u00eancia nas tr\u00eas \u00faltimas elei\u00e7\u00f5es. Em S\u00e3o Paulo (SP), esse n\u00famero chega a 118.837 eleitores; no Rio de Janeiro (RJ) o total \u00e9 de 119.734; em Belo Horizonte (MG) s\u00e3o 26.570; em Salvador (BA) esse n\u00famero \u00e9 de 31.263; e em Porto Alegre (RS), 18.782.<\/p>\n<p style=\"text-align: justify;\">O cancelamento autom\u00e1tico dos t\u00edtulos de eleitores ocorrer\u00e1 entre 17 a 19 de maio de 2017.<\/p>\n<p style=\"text-align: justify;\">Os eleitores com voto facultativo (analfabetos, eleitores de 16 a 18 anos incompletos e maiores de 70 anos) ou com defici\u00eancia previamente informada \u00e0 Justi\u00e7a Eleitoral n\u00e3o necessitam comparecer ao cart\u00f3rio para regularizar a sua situa\u00e7\u00e3o.<\/p>\n<p style=\"text-align: justify;\">Para fazer a regulariza\u00e7\u00e3o, no cart\u00f3rio eleitoral, o eleitor dever\u00e1 apresentar documento oficial com foto, comprovante de resid\u00eancia e, se possuir, t\u00edtulo eleitoral e os comprovantes de vota\u00e7\u00e3o, de justificativa ou de quita\u00e7\u00e3o de multa.<\/p>\n<p style=\"text-align: justify;\">O cidad\u00e3o pode consultar sua situa\u00e7\u00e3o perante a Justi\u00e7a Eleitoral nos cart\u00f3rios eleitorais, no <a href=\"http:\/\/www.tse.jus.br\/\" target=\"_blank\"><em>site\u00a0<\/em>do TSE<\/a> ou no <em>site <\/em>do Tribunal Regional Eleitoral (TRE) do estado. Pode ainda ir ao cart\u00f3rio eleitoral e solicitar essa informa\u00e7\u00e3o.<\/p>\n<p style=\"text-align: justify;\"><img loading=\"lazy\" decoding=\"async\" class=\"aligncenter size-full wp-image-102461\" src=\"http:\/\/senoticias.com.br\/se\/wp-content\/uploads\/2017\/04\/Logo-fone-1-2-1-2-4-6-1.jpg\" alt=\"Logo-fone-1-2-1-2-4-6\" width=\"599\" height=\"78\" srcset=\"https:\/\/senoticias.com.br\/se\/wp-content\/uploads\/2017\/04\/Logo-fone-1-2-1-2-4-6-1.jpg 599w, https:\/\/senoticias.com.br\/se\/wp-content\/uploads\/2017\/04\/Logo-fone-1-2-1-2-4-6-1-300x39.jpg 300w\" sizes=\"(max-width: 599px) 100vw, 599px\" \/><\/p>\n<p><strong>Acompanhe tamb\u00e9m o SE Not\u00edcias no<\/strong><span class=\"apple-converted-space\"><b>\u00a0<\/b><\/span><a href=\"https:\/\/twitter.com\/Senoticias\" target=\"_blank\"><b>Twitter<\/b><\/a><strong>,<\/strong><span class=\"apple-converted-space\"><b>\u00a0<\/b><\/span><a href=\"https:\/\/www.facebook.com\/senoticias1\" target=\"_blank\"><b>Facebook<\/b><span class=\"apple-converted-space\"><b>\u00a0<\/b><\/span><\/a><strong>e no<\/strong><span class=\"apple-converted-space\"><b>\u00a0<\/b><\/span><a href=\"https:\/\/www.instagram.com\/senoticias\/\" target=\"_blank\"><b>Instagram<\/b><\/a><\/p>\n<p><em>Fonte:\u00a0Ag\u00eancia Brasil<\/em><\/p>\n<p>&nbsp;<\/p>\n","protected":false},"excerpt":{"rendered":"<p>At\u00e9 o dia 2 de maio, o eleitor que n\u00e3o votou e n\u00e3o justificou a aus\u00eancia nas tr\u00eas \u00faltimas elei\u00e7\u00f5es ou n\u00e3o pagou as multas correspondentes deve regularizar sua situa\u00e7\u00e3o perante a Justi\u00e7a Eleitoral. Ap\u00f3s esse prazo, essas pessoas correm o risco de ter o t\u00edtulo cancelado, lembrando que a legisla\u00e7\u00e3o considera cada turno de [&hellip;]<\/p>\n","protected":false},"author":2,"featured_media":0,"comment_status":"closed","ping_status":"closed","sticky":false,"template":"","format":"standard","meta":{"footnotes":""},"categories":[6],"tags":[3097,3096,3098,550],"class_list":{"0":"post-102589","1":"post","2":"type-post","3":"status-publish","4":"format-standard","6":"category-politica","7":"tag-cartorio","8":"tag-eleitores","9":"tag-justicaeleitoral","10":"tag-tse"},"_links":{"self":[{"href":"https:\/\/senoticias.com.br\/se\/wp-json\/wp\/v2\/posts\/102589"}],"collection":[{"href":"https:\/\/senoticias.com.br\/se\/wp-json\/wp\/v2\/posts"}],"about":[{"href":"https:\/\/senoticias.com.br\/se\/wp-json\/wp\/v2\/types\/post"}],"author":[{"embeddable":true,"href":"https:\/\/senoticias.com.br\/se\/wp-json\/wp\/v2\/users\/2"}],"replies":[{"embeddable":true,"href":"https:\/\/senoticias.com.br\/se\/wp-json\/wp\/v2\/comments?post=102589"}],"version-history":[{"count":0,"href":"https:\/\/senoticias.com.br\/se\/wp-json\/wp\/v2\/posts\/102589\/revisions"}],"wp:attachment":[{"href":"https:\/\/senoticias.com.br\/se\/wp-json\/wp\/v2\/media?parent=102589"}],"wp:term":[{"taxonomy":"category","embeddable":true,"href":"https:\/\/senoticias.com.br\/se\/wp-json\/wp\/v2\/categories?post=102589"},{"taxonomy":"post_tag","embeddable":true,"href":"https:\/\/senoticias.com.br\/se\/wp-json\/wp\/v2\/tags?post=102589"}],"curies":[{"name":"wp","href":"https:\/\/api.w.org\/{rel}","templated":true}]}}