{"id":102581,"date":"2017-04-24T08:09:31","date_gmt":"2017-04-24T11:09:31","guid":{"rendered":"http:\/\/senoticias.com.br\/se\/?p=102581"},"modified":"2017-04-24T08:09:31","modified_gmt":"2017-04-24T11:09:31","slug":"iml-registra-sete-vitimas-de-acidentes-de-transito-no-feriadao-em-sergipe","status":"publish","type":"post","link":"https:\/\/senoticias.com.br\/se\/iml-registra-sete-vitimas-de-acidentes-de-transito-no-feriadao-em-sergipe\/","title":{"rendered":"IML registra sete v\u00edtimas de acidentes de tr\u00e2nsito no feriad\u00e3o em Sergipe"},"content":{"rendered":"<p style=\"text-align: justify;\">O Instituto M\u00e9dico Legal (IML) registrou 18 corpos no plant\u00e3o de sexta-feira (21) at\u00e9 a madrugada desta segunda-feira (24) em Sergipe. Nesse per\u00edodo, sete pessoas morreram em acidentes de tr\u00e2nsito em Itabaianinha, Lagarto, Canind\u00e9 de S\u00e3o Francisco, Monte Alegre de Sergipe, Cumbe e Aracaju.<\/p>\n<p style=\"text-align: justify;\">Disparos de arma de fogo vitimaram outras sete pessoas. Os crimes aconteceram em Aquidab\u00e3, Campo do Brito, Itabaiana, Est\u00e2ncia e Ribeir\u00f3polis.<img loading=\"lazy\" decoding=\"async\" class=\"aligncenter size-full wp-image-102582\" src=\"http:\/\/senoticias.com.br\/se\/wp-content\/uploads\/2017\/04\/acidente-com-motos-senoticias-e1493032026599.jpg\" alt=\"Acidente Rota do Sert\u00e3o  SEnoticias\" width=\"599\" height=\"630\" \/><\/p>\n<p>Um idoso de 79 anos n\u00e3o resistiu aos ferimentos provocados por uma queda da pr\u00f3pria altura no Conjunto Albano Franco, no munic\u00edpio de Nossa Senhora do Socorro. Um corpo do sexo masculino, ainda sem identifica\u00e7\u00e3o, foi resgatado ap\u00f3s afogamento em Propri\u00e1.<\/p>\n<p style=\"text-align: justify;\">A equipe do IML recolheu um corpo em avan\u00e7ado estado de decomposi\u00e7\u00e3o em uma casa regi\u00e3o do Padre Pedro, no Bairro Santa Maria em Aracaju. Um homem de 50 anos tamb\u00e9m morreu de causa n\u00e3o identificada. As circunst\u00e2ncias dessas mortes ser\u00e3o analisadas atrav\u00e9s de exames complementares.<\/p>\n<p style=\"text-align: justify;\"><img loading=\"lazy\" decoding=\"async\" class=\"aligncenter size-full wp-image-102461\" src=\"http:\/\/senoticias.com.br\/se\/wp-content\/uploads\/2017\/04\/Logo-fone-1-2-1-2-4-6-1.jpg\" alt=\"Logo-fone-1-2-1-2-4-6\" width=\"599\" height=\"78\" srcset=\"https:\/\/senoticias.com.br\/se\/wp-content\/uploads\/2017\/04\/Logo-fone-1-2-1-2-4-6-1.jpg 599w, https:\/\/senoticias.com.br\/se\/wp-content\/uploads\/2017\/04\/Logo-fone-1-2-1-2-4-6-1-300x39.jpg 300w\" sizes=\"(max-width: 599px) 100vw, 599px\" \/><\/p>\n<p style=\"text-align: justify;\"><strong>Siga o SE Not\u00edcias pelo <a href=\"https:\/\/twitter.com\/Senoticias\" target=\"_blank\">Twitter<\/a> e curta pelo <a href=\"https:\/\/www.facebook.com\/PortalSENoticias\" target=\"_blank\">Facebook<\/a><\/strong><\/p>\n<p style=\"text-align: justify;\"><em>Por <a href=\"http:\/\/g1.globo.com\/se\/sergipe\/noticia\/iml-registra-sete-vitimas-de-acidentes-de-transito-no-feriadao-em-sergipe.ghtml\"><strong>G1<\/strong> <\/a>SE<\/em><\/p>\n<p style=\"text-align: justify;\">\n","protected":false},"excerpt":{"rendered":"<p>O Instituto M\u00e9dico Legal (IML) registrou 18 corpos no plant\u00e3o de sexta-feira (21) at\u00e9 a madrugada desta segunda-feira (24) em Sergipe. Nesse per\u00edodo, sete pessoas morreram em acidentes de tr\u00e2nsito em Itabaianinha, Lagarto, Canind\u00e9 de S\u00e3o Francisco, Monte Alegre de Sergipe, Cumbe e Aracaju. Disparos de arma de fogo vitimaram outras sete pessoas. Os crimes [&hellip;]<\/p>\n","protected":false},"author":2,"featured_media":102582,"comment_status":"closed","ping_status":"closed","sticky":false,"template":"","format":"standard","meta":{"footnotes":""},"categories":[15],"tags":[2159,3094,2577,3092,3093],"class_list":{"0":"post-102581","1":"post","2":"type-post","3":"status-publish","4":"format-standard","5":"has-post-thumbnail","7":"category-destaques","8":"tag-44-no-atendimento-as-vitimas-de-acidentes-com-motoneta","9":"tag-feriadao","10":"tag-iml","11":"tag-rota-do-sertao","12":"tag-vitimas"},"_links":{"self":[{"href":"https:\/\/senoticias.com.br\/se\/wp-json\/wp\/v2\/posts\/102581"}],"collection":[{"href":"https:\/\/senoticias.com.br\/se\/wp-json\/wp\/v2\/posts"}],"about":[{"href":"https:\/\/senoticias.com.br\/se\/wp-json\/wp\/v2\/types\/post"}],"author":[{"embeddable":true,"href":"https:\/\/senoticias.com.br\/se\/wp-json\/wp\/v2\/users\/2"}],"replies":[{"embeddable":true,"href":"https:\/\/senoticias.com.br\/se\/wp-json\/wp\/v2\/comments?post=102581"}],"version-history":[{"count":0,"href":"https:\/\/senoticias.com.br\/se\/wp-json\/wp\/v2\/posts\/102581\/revisions"}],"wp:featuredmedia":[{"embeddable":true,"href":"https:\/\/senoticias.com.br\/se\/wp-json\/wp\/v2\/media\/102582"}],"wp:attachment":[{"href":"https:\/\/senoticias.com.br\/se\/wp-json\/wp\/v2\/media?parent=102581"}],"wp:term":[{"taxonomy":"category","embeddable":true,"href":"https:\/\/senoticias.com.br\/se\/wp-json\/wp\/v2\/categories?post=102581"},{"taxonomy":"post_tag","embeddable":true,"href":"https:\/\/senoticias.com.br\/se\/wp-json\/wp\/v2\/tags?post=102581"}],"curies":[{"name":"wp","href":"https:\/\/api.w.org\/{rel}","templated":true}]}}