{"id":102574,"date":"2017-04-23T17:52:30","date_gmt":"2017-04-23T20:52:30","guid":{"rendered":"http:\/\/senoticias.com.br\/se\/?p=102574"},"modified":"2017-04-24T13:35:05","modified_gmt":"2017-04-24T16:35:05","slug":"cantor-jerry-adriani-morre-aos-70-anos-no-rio","status":"publish","type":"post","link":"https:\/\/senoticias.com.br\/se\/cantor-jerry-adriani-morre-aos-70-anos-no-rio\/","title":{"rendered":"Cantor Jerry Adriani morre aos 70 anos no Rio"},"content":{"rendered":"<div class=\"mc-column content-text active-extra-styles active-capital-letter\" data-block-type=\"unstyled\" data-block-weight=\"35\">\n<p class=\"content-text__container theme-color-primary-first-letter\" style=\"text-align: justify;\" data-track-category=\"Link no Texto\" data-track-links=\"\">O cantor Jerry Adriani, \u00eddolo da Jovem Guarda, morreu \u00e0s 15h30 deste domingo (23), aos 70 anos, no Rio. Ele enfrentava um c\u00e2ncer e estava internado no Hospital Vit\u00f3ria, na Barra da Tijuca, Zona Oeste.<\/p>\n<\/div>\n<div class=\"mc-column content-text active-extra-styles \" data-block-type=\"unstyled\" data-block-weight=\"34\">\n<p class=\"content-text__container \" style=\"text-align: justify;\" data-track-category=\"Link no Texto\" data-track-links=\"\">A fam\u00edlia confirmou a morte do artista ao <strong>G1<\/strong>, mas ainda n\u00e3o deu informa\u00e7\u00f5es sobre hor\u00e1rio e local do vel\u00f3rio e do enterro. Recentemente, Jerry Adrini havia sofrido uma trombose em uma das pernas.<\/p>\n<div id=\"attachment_102575\" style=\"width: 609px\" class=\"wp-caption aligncenter\"><img loading=\"lazy\" decoding=\"async\" aria-describedby=\"caption-attachment-102575\" class=\"size-full wp-image-102575\" src=\"http:\/\/senoticias.com.br\/se\/wp-content\/uploads\/2017\/04\/Jerry-Adriany-senoticias-e1492980616644.jpg\" alt=\"Jerry Adriani em foto de 29\/10\/2012 (Foto: Divulga\u00e7\u00e3o)\" width=\"599\" height=\"400\" \/><p id=\"caption-attachment-102575\" class=\"wp-caption-text\">Jerry Adriani em foto de 29\/10\/2012 (Foto: Divulga\u00e7\u00e3o)<\/p><\/div>\n<div class=\"mc-column content-text active-extra-styles \" data-block-type=\"unstyled\" data-block-weight=\"22\">\n<p class=\"content-text__container \" style=\"text-align: justify;\" data-track-category=\"Link no Texto\" data-track-links=\"\">\u00cdcone da Jovem Guarda, Jair Alves de Souza nasceu em 29 do janeiro de 1947, no bairro do Br\u00e1s, em S\u00e3o Paulo.<\/p>\n<\/div>\n<div class=\"mc-column content-text active-extra-styles \" style=\"text-align: justify;\" data-block-type=\"unstyled\" data-block-weight=\"33\">\n<p class=\"content-text__container \" data-track-category=\"Link no Texto\" data-track-links=\"\">Adotou o nome art\u00edstico de Jerry Adriani quando come\u00e7ou sua carreira como cantor, em 1964. O primeiro disco foi &#8220;Italian\u00edssimo&#8221;, quando cantava m\u00fasicas em italiano, algo que seguiu fazendo em toda a carreira.<\/p>\n<\/div>\n<div class=\"mc-column content-text active-extra-styles \" data-block-type=\"unstyled\" data-block-weight=\"17\">\n<p class=\"content-text__container \" style=\"text-align: justify;\" data-track-category=\"Link no Texto\" data-track-links=\"\">Em 1965, o cantor passou a gravar em portugu\u00eas, com m\u00fasicas reunidas no disco &#8220;Um grande amor&#8221;.<\/p>\n<p style=\"text-align: justify;\"><strong>Carreira na TV e no cinema<\/strong><\/p>\n<p style=\"text-align: justify;\">Tamb\u00e9m na d\u00e9cada de 1960, Jerry virou apresentador do programa \u201cExcelsior a Go Go\u201d, da TV Excelsior. O programa coapresentado por Luiz Aguiar era um musical com apresenta\u00e7\u00f5es de artistas como Os Vips, Os Incr\u00edveis e Cidinha Santos.<\/p>\n<div class=\"mc-column content-text active-extra-styles \" style=\"text-align: justify;\" data-block-type=\"unstyled\" data-block-weight=\"36\">\n<p class=\"content-text__container \" data-track-category=\"Link no Texto\" data-track-links=\"\">Outro programa musical que ele comandou foi &#8220;A grande parada&#8221;, no ar pela TV Tupi em 1967 e 1968. Ele era um dos apresentadores ao lado de Neyde Aparecida, Z\u00e9lia Hoffmann, Betty Faria e Marilia Pera.<\/p>\n<\/div>\n<div class=\"mc-column content-text active-extra-styles \" data-block-type=\"unstyled\" data-block-weight=\"42\">\n<p class=\"content-text__container \" style=\"text-align: justify;\" data-track-category=\"Link no Texto\" data-track-links=\"\">Al\u00e9m da TV, Jerry se aventurou pelo cinema. Ele cantou e atuou em \u201cEssa gatinha a minha\u201d (com Peri Ribeiro e Anik Malvil); \u201cJerry, A grande parada\u201d; e \u201cJerry em busca do tesouro\u201d (com Neyde Aparecida e os Pequenos Cantores da Guanabara).<\/p>\n<\/div>\n<p class=\"content-text__container \" style=\"text-align: justify;\" data-track-category=\"Link no Texto\" data-track-links=\"\"><img loading=\"lazy\" decoding=\"async\" class=\"aligncenter size-full wp-image-102461\" src=\"http:\/\/senoticias.com.br\/se\/wp-content\/uploads\/2017\/04\/Logo-fone-1-2-1-2-4-6-1.jpg\" alt=\"Logo-fone-1-2-1-2-4-6\" width=\"599\" height=\"78\" srcset=\"https:\/\/senoticias.com.br\/se\/wp-content\/uploads\/2017\/04\/Logo-fone-1-2-1-2-4-6-1.jpg 599w, https:\/\/senoticias.com.br\/se\/wp-content\/uploads\/2017\/04\/Logo-fone-1-2-1-2-4-6-1-300x39.jpg 300w\" sizes=\"(max-width: 599px) 100vw, 599px\" \/><\/p>\n<p class=\"content-text__container \" style=\"text-align: justify;\" data-track-category=\"Link no Texto\" data-track-links=\"\"><strong>Acompanhe tamb\u00e9m o SE Not\u00edcias no<\/strong><span class=\"apple-converted-space\"><b>\u00a0<\/b><\/span><a href=\"https:\/\/twitter.com\/Senoticias\" target=\"_blank\"><b>Twitter<\/b><\/a><strong>,<\/strong><span class=\"apple-converted-space\"><b>\u00a0<\/b><\/span><a href=\"https:\/\/www.facebook.com\/senoticias1\" target=\"_blank\"><b>Facebook<\/b><span class=\"apple-converted-space\"><b>\u00a0<\/b><\/span><\/a><strong>e no<\/strong><span class=\"apple-converted-space\"><b>\u00a0<\/b><\/span><a href=\"https:\/\/www.instagram.com\/senoticias\/\" target=\"_blank\"><b>Instagram<\/b><\/a><strong>.<\/strong><\/p>\n<div class=\"mc-column content-text active-extra-styles \" data-block-type=\"unstyled\" data-block-weight=\"42\">\n<p class=\"content-text__container \" style=\"text-align: justify;\" data-track-category=\"Link no Texto\" data-track-links=\"\"><em>Informa\u00e7\u00f5es do <a href=\"http:\/\/g1.globo.com\/rio-de-janeiro\/musica\/noticia\/jerry-adriani-morre-aos-70-anos-no-rio.ghtml\"><strong>G1\u00a0<\/strong><\/a><\/em><\/p>\n<\/div>\n<\/div>\n<\/div>\n","protected":false},"excerpt":{"rendered":"<p>O cantor Jerry Adriani, \u00eddolo da Jovem Guarda, morreu \u00e0s 15h30 deste domingo (23), aos 70 anos, no Rio. Ele enfrentava um c\u00e2ncer e estava internado no Hospital Vit\u00f3ria, na Barra da Tijuca, Zona Oeste. A fam\u00edlia confirmou a morte do artista ao G1, mas ainda n\u00e3o deu informa\u00e7\u00f5es sobre hor\u00e1rio e local do vel\u00f3rio [&hellip;]<\/p>\n","protected":false},"author":2,"featured_media":102575,"comment_status":"closed","ping_status":"closed","sticky":false,"template":"","format":"standard","meta":{"footnotes":""},"categories":[15,2961],"tags":[3089,3088,2848],"class_list":{"0":"post-102574","1":"post","2":"type-post","3":"status-publish","4":"format-standard","5":"has-post-thumbnail","7":"category-destaques","8":"category-nacional","9":"tag-cantor","10":"tag-jerry-adriani","11":"tag-morre"},"_links":{"self":[{"href":"https:\/\/senoticias.com.br\/se\/wp-json\/wp\/v2\/posts\/102574"}],"collection":[{"href":"https:\/\/senoticias.com.br\/se\/wp-json\/wp\/v2\/posts"}],"about":[{"href":"https:\/\/senoticias.com.br\/se\/wp-json\/wp\/v2\/types\/post"}],"author":[{"embeddable":true,"href":"https:\/\/senoticias.com.br\/se\/wp-json\/wp\/v2\/users\/2"}],"replies":[{"embeddable":true,"href":"https:\/\/senoticias.com.br\/se\/wp-json\/wp\/v2\/comments?post=102574"}],"version-history":[{"count":0,"href":"https:\/\/senoticias.com.br\/se\/wp-json\/wp\/v2\/posts\/102574\/revisions"}],"wp:featuredmedia":[{"embeddable":true,"href":"https:\/\/senoticias.com.br\/se\/wp-json\/wp\/v2\/media\/102575"}],"wp:attachment":[{"href":"https:\/\/senoticias.com.br\/se\/wp-json\/wp\/v2\/media?parent=102574"}],"wp:term":[{"taxonomy":"category","embeddable":true,"href":"https:\/\/senoticias.com.br\/se\/wp-json\/wp\/v2\/categories?post=102574"},{"taxonomy":"post_tag","embeddable":true,"href":"https:\/\/senoticias.com.br\/se\/wp-json\/wp\/v2\/tags?post=102574"}],"curies":[{"name":"wp","href":"https:\/\/api.w.org\/{rel}","templated":true}]}}