{"id":102572,"date":"2017-04-23T17:28:36","date_gmt":"2017-04-23T20:28:36","guid":{"rendered":"http:\/\/senoticias.com.br\/se\/?p=102572"},"modified":"2017-04-24T10:05:40","modified_gmt":"2017-04-24T13:05:40","slug":"palco-de-luan-santana-desaba-e-deixa-feridos-em-rodeio-de-catanduva","status":"publish","type":"post","link":"https:\/\/senoticias.com.br\/se\/palco-de-luan-santana-desaba-e-deixa-feridos-em-rodeio-de-catanduva\/","title":{"rendered":"Palco de Luan Santana desaba e deixa feridos em rodeio de Catanduva"},"content":{"rendered":"<div class=\"mc-column content-text active-extra-styles active-capital-letter\" data-block-type=\"unstyled\" data-block-weight=\"56\">\n<p class=\"content-text__container theme-color-primary-first-letter\" style=\"text-align: justify;\" data-track-category=\"Link no Texto\" data-track-links=\"\">Parte do palco do rodeio de Catanduva (SP) cedeu, na madrugada deste domingo, 23, e feriu seis f\u00e3s do cantor Luan Santana minutos antes da apresenta\u00e7\u00e3o come\u00e7ar. Segundo informa\u00e7\u00f5es do Corpo de Bombeiros, as v\u00edtimas estavam em uma \u00e1rea reservada do palco, no canto direito, quando o acidente aconteceu, por volta de 1h da manh\u00e3.<\/p>\n<div id=\"attachment_102573\" style=\"width: 609px\" class=\"wp-caption aligncenter\"><img loading=\"lazy\" decoding=\"async\" aria-describedby=\"caption-attachment-102573\" class=\"size-full wp-image-102573\" src=\"http:\/\/senoticias.com.br\/se\/wp-content\/uploads\/2017\/04\/palco-de-Luan-Santana-cede-SENOTICIAS-e1492979186962.jpeg\" alt=\"F\u00e3 \u00e9 levado para hospital ap\u00f3s palco ceder (Foto: T\u00e9l Patan\u00e9\/Catanduva Show)\" width=\"599\" height=\"375\" \/><p id=\"caption-attachment-102573\" class=\"wp-caption-text\">F\u00e3 \u00e9 levado para hospital ap\u00f3s palco ceder. (Foto: T\u00e9l Patan\u00e9\/Catanduva Show)<\/p><\/div>\n<\/div>\n<div class=\"mc-column content-text active-extra-styles \" data-block-type=\"unstyled\" data-block-weight=\"76\">\n<p class=\"content-text__container \" style=\"text-align: justify;\" data-track-category=\"Link no Texto\" data-track-links=\"\">Segundo Cl\u00e1udio Romanholi, organizador do evento, as fortes chuvas que atingiram a cidade no dia do show podem ter contribu\u00eddo para parte do palco ceder. \u201cN\u00f3s temos todas as autoriza\u00e7\u00f5es para a realiza\u00e7\u00e3o do show. Quase que 100% a causa foi porque tivemos uma chuva muito forte, as hastes acabaram cedendo no solo molhado e veio a desabar\u201d, afirmou em entrevista ao <strong>G1 <\/strong>na manh\u00e3 deste domingo.<\/p>\n<\/div>\n<div class=\"mc-column content-text active-extra-styles \" data-block-type=\"unstyled\" data-block-weight=\"26\">\n<p class=\"content-text__container \" data-track-category=\"Link no Texto\" data-track-links=\"\">Segundo informa\u00e7\u00f5es do Corpo de Bombeiros, a parte do palco que cedeu era um minicamarote, onde 20 f\u00e3s iriam acompanhar o show de cima do palco.<\/p>\n<div class=\"mc-column content-text active-extra-styles \" data-block-type=\"unstyled\" data-block-weight=\"43\">\n<p class=\"content-text__container \" style=\"text-align: justify;\" data-track-category=\"Link no Texto\" data-track-links=\"\">De acordo com o capit\u00e3o, o show tinha autoriza\u00e7\u00e3o e vistoria aprovada do Corpo de Bombeiros e o palco tinha um laudo t\u00e9cnico do engenheiro respons\u00e1vel. O capit\u00e3o afirma que ser\u00e1 feita uma per\u00edcia no local para identificar o que provocou a queda.<\/p>\n<\/div>\n<div class=\"mc-column content-text active-extra-styles \" style=\"text-align: justify;\" data-block-type=\"unstyled\" data-block-weight=\"34\">\n<p class=\"content-text__container \" data-track-category=\"Link no Texto\" data-track-links=\"\">Equipes dos Bombeiros, Samu e ambul\u00e2ncias do evento socorreram as v\u00edtimas, que tiveram ferimentos leves e foram levadas a unidades de sa\u00fade da regi\u00e3o. A apresenta\u00e7\u00e3o de Luan Santana atrasou cerca de uma hora.<\/p>\n<\/div>\n<div class=\"mc-column content-text active-extra-styles \" data-block-type=\"unstyled\" data-block-weight=\"48\">\n<p class=\"content-text__container \" style=\"text-align: justify;\" data-track-category=\"Link no Texto\" data-track-links=\"\">Ainda de acordo com os Bombeiros, a \u00e1rea foi isolada e um engenheiro da prefeitura autorizou que o show fosse realizado na parte da frente do palco e no espa\u00e7o ampliado, mais perto do p\u00fablico. O trabalho da per\u00edcia deve apontar o que causou a queda da estrutura.<\/p>\n<div class=\"mc-column content-text active-extra-styles \" style=\"text-align: justify;\" data-block-type=\"unstyled\" data-block-weight=\"8\">\n<p class=\"content-text__container \" data-track-category=\"Link no Texto\" data-track-links=\"\"><strong>Confira a nota da organiza\u00e7\u00e3o sobre o acidente<\/strong><\/p>\n<\/div>\n<div class=\"mc-column content-text active-extra-styles \" data-block-type=\"unstyled\" data-block-weight=\"29\">\n<p class=\"content-text__container \" style=\"text-align: justify;\" data-track-category=\"Link no Texto\" data-track-links=\"\"><em>O Clube de Rodeio \u201cOs Bravos\u201d, por meio de sua comiss\u00e3o organizadora, esclarece o ocorrido na madrugada de hoje (domingo) com o palco que receberia o cantor Luan Santana.<\/em><\/p>\n<\/div>\n<div class=\"mc-column content-text active-extra-styles \" data-block-type=\"unstyled\" data-block-weight=\"80\">\n<p class=\"content-text__container \" style=\"text-align: justify;\" data-track-category=\"Link no Texto\" data-track-links=\"\"><em>De acordo com apura\u00e7\u00f5es preliminares do Corpo de Bombeiros e peritos, uma parte pequena anexa ao palco cedeu, provocando o deslocamento de algumas t\u00e1buas. Havia cerca de 10 pessoas no local. Seis delas, que tiveram ferimentos leves, foram prontamente atendidas pela equipe m\u00e9dica que estava acompanhando a festa e encaminhadas para a UPA e HPA. Todas j\u00e1 est\u00e3o em casa e passam bem, e receber\u00e3o todo o apoio necess\u00e1rio do Clube de Rodeio e da produ\u00e7\u00e3o do cantor Luan Santana.<\/em><\/p>\n<\/div>\n<div class=\"mc-column content-text active-extra-styles \" style=\"text-align: justify;\" data-block-type=\"unstyled\" data-block-weight=\"75\">\n<p class=\"content-text__container \" data-track-category=\"Link no Texto\" data-track-links=\"\"><em>Por conta da situa\u00e7\u00e3o e da preocupa\u00e7\u00e3o da organiza\u00e7\u00e3o com o fato, o show teve um atraso de uma hora e, com o incidente, o som do palco principal foi prejudicado, dificultando a comunica\u00e7\u00e3o com o p\u00fablico presente na festa. Assim que o som foi restabelecido, o p\u00fablico foi informado de que o show aconteceria. E, assim que houve a libera\u00e7\u00e3o do uso do palco pelos peritos, o cantor Luan Santana deu in\u00edcio ao show.<\/em><\/p>\n<\/div>\n<div class=\"mc-column content-text active-extra-styles \" data-block-type=\"unstyled\" data-block-weight=\"38\">\n<p class=\"content-text__container \" style=\"text-align: justify;\" data-track-category=\"Link no Texto\" data-track-links=\"\"><em>Ainda n\u00e3o se sabe com exatid\u00e3o o que aconteceu, os peritos est\u00e3o trabalhando no caso para averiguar as causas. O Clube de Rodeio \u201cOs Bravos\u201d lamenta o ocorrido e se coloca \u00e0 disposi\u00e7\u00e3o para mais informa\u00e7\u00f5es e esclarecimentos.<\/em><\/p>\n<p class=\"content-text__container \" data-track-category=\"Link no Texto\" data-track-links=\"\"><img loading=\"lazy\" decoding=\"async\" class=\"aligncenter size-full wp-image-102461\" src=\"http:\/\/senoticias.com.br\/se\/wp-content\/uploads\/2017\/04\/Logo-fone-1-2-1-2-4-6-1.jpg\" alt=\"Logo-fone-1-2-1-2-4-6\" width=\"599\" height=\"78\" srcset=\"https:\/\/senoticias.com.br\/se\/wp-content\/uploads\/2017\/04\/Logo-fone-1-2-1-2-4-6-1.jpg 599w, https:\/\/senoticias.com.br\/se\/wp-content\/uploads\/2017\/04\/Logo-fone-1-2-1-2-4-6-1-300x39.jpg 300w\" sizes=\"(max-width: 599px) 100vw, 599px\" \/><\/p>\n<p class=\"content-text__container \" data-track-category=\"Link no Texto\" data-track-links=\"\"><strong>Acompanhe tamb\u00e9m o SE Not\u00edcias no<\/strong><span class=\"apple-converted-space\"><b>\u00a0<\/b><\/span><a href=\"https:\/\/twitter.com\/Senoticias\" target=\"_blank\"><b>Twitter<\/b><\/a><strong>,<\/strong><span class=\"apple-converted-space\"><b>\u00a0<\/b><\/span><a href=\"https:\/\/www.facebook.com\/senoticias1\" target=\"_blank\"><b>Facebook<\/b><span class=\"apple-converted-space\"><b>\u00a0<\/b><\/span><\/a><strong>e no<\/strong><span class=\"apple-converted-space\"><b>\u00a0<\/b><\/span><a href=\"https:\/\/www.instagram.com\/senoticias\/\" target=\"_blank\"><b>Instagram<\/b><\/a><\/p>\n<p class=\"content-text__container \" data-track-category=\"Link no Texto\" data-track-links=\"\">Por <a href=\"http:\/\/g1.globo.com\/sao-paulo\/sao-jose-do-rio-preto-aracatuba\/noticia\/palco-de-luan-santana-desaba-e-fere-seis-pessoas-em-catanduva.ghtml\"><strong>G1<\/strong><\/a> RIo Preto e Ara\u00e7atuba<\/p>\n<\/div>\n<\/div>\n<\/div>\n<div class=\"mc-column content-text active-extra-styles\" data-block-type=\"raw\" data-block-weight=\"34\"><\/div>\n","protected":false},"excerpt":{"rendered":"<p>Parte do palco do rodeio de Catanduva (SP) cedeu, na madrugada deste domingo, 23, e feriu seis f\u00e3s do cantor Luan Santana minutos antes da apresenta\u00e7\u00e3o come\u00e7ar. Segundo informa\u00e7\u00f5es do Corpo de Bombeiros, as v\u00edtimas estavam em uma \u00e1rea reservada do palco, no canto direito, quando o acidente aconteceu, por volta de 1h da manh\u00e3. [&hellip;]<\/p>\n","protected":false},"author":2,"featured_media":102573,"comment_status":"closed","ping_status":"closed","sticky":false,"template":"","format":"standard","meta":{"footnotes":""},"categories":[8],"tags":[3086,3087,797,3084,3085],"class_list":{"0":"post-102572","1":"post","2":"type-post","3":"status-publish","4":"format-standard","5":"has-post-thumbnail","7":"category-esporte-e-cultura","8":"tag-catanduva","9":"tag-desaba","10":"tag-luan-santana","11":"tag-palco-de-luan-santana","12":"tag-rodeio"},"_links":{"self":[{"href":"https:\/\/senoticias.com.br\/se\/wp-json\/wp\/v2\/posts\/102572"}],"collection":[{"href":"https:\/\/senoticias.com.br\/se\/wp-json\/wp\/v2\/posts"}],"about":[{"href":"https:\/\/senoticias.com.br\/se\/wp-json\/wp\/v2\/types\/post"}],"author":[{"embeddable":true,"href":"https:\/\/senoticias.com.br\/se\/wp-json\/wp\/v2\/users\/2"}],"replies":[{"embeddable":true,"href":"https:\/\/senoticias.com.br\/se\/wp-json\/wp\/v2\/comments?post=102572"}],"version-history":[{"count":0,"href":"https:\/\/senoticias.com.br\/se\/wp-json\/wp\/v2\/posts\/102572\/revisions"}],"wp:featuredmedia":[{"embeddable":true,"href":"https:\/\/senoticias.com.br\/se\/wp-json\/wp\/v2\/media\/102573"}],"wp:attachment":[{"href":"https:\/\/senoticias.com.br\/se\/wp-json\/wp\/v2\/media?parent=102572"}],"wp:term":[{"taxonomy":"category","embeddable":true,"href":"https:\/\/senoticias.com.br\/se\/wp-json\/wp\/v2\/categories?post=102572"},{"taxonomy":"post_tag","embeddable":true,"href":"https:\/\/senoticias.com.br\/se\/wp-json\/wp\/v2\/tags?post=102572"}],"curies":[{"name":"wp","href":"https:\/\/api.w.org\/{rel}","templated":true}]}}