{"id":102565,"date":"2017-04-23T14:36:59","date_gmt":"2017-04-23T17:36:59","guid":{"rendered":"http:\/\/senoticias.com.br\/se\/?p=102565"},"modified":"2017-04-23T14:55:41","modified_gmt":"2017-04-23T17:55:41","slug":"onibus-abandonado-em-sao-cristovao-serve-como-ponto-de-crimes-dununcia-juiz","status":"publish","type":"post","link":"https:\/\/senoticias.com.br\/se\/onibus-abandonado-em-sao-cristovao-serve-como-ponto-de-crimes-dununcia-juiz\/","title":{"rendered":"\u00d4nibus abandonado em S\u00e3o Crist\u00f3v\u00e3o serve de \u2018abrigo\u2019 para criminosos, denuncia juiz"},"content":{"rendered":"<p style=\"text-align: justify;\">Os problemas em rela\u00e7\u00e3o a carros, em S\u00e3o Crist\u00f3v\u00e3o, n\u00e3o se limitam ao tr\u00e2nsito. O abandono de autom\u00f3veis em vias p\u00fablicas ainda \u00e9 uma realidade. Al\u00e9m de prejudicar o tr\u00e1fego de ve\u00edculos e de pedestres, os carros tornam-se sucatas e serve para a pr\u00e1tica de crimes.<\/p>\n<p style=\"text-align: justify;\">O juiz da Comarca de S\u00e3o Crist\u00f3v\u00e3o Dr. Manoel da Costa Neto, por meio das redes sociais, fez um alerta referente a um \u00f4nibus que est\u00e1 abandonado h\u00e1 mais de dois anos. Segundo ele, um \u00f4nibus estacionado pr\u00f3ximo \u00e0 entrada do Conjunto Eduardo Gomes est\u00e1 servindo de motel e para a realiza\u00e7\u00e3o dos chamados &#8216;pancad\u00f5es&#8217;, durante a noite e finais de semana. Ele tamb\u00e9m tem informa\u00e7\u00f5es sobre o consumo de bebidas alco\u00f3licas por menores de idade. A publica\u00e7\u00e3o diz:<\/p>\n<p style=\"text-align: justify;\">&#8220;Esse \u00f4nibus est\u00e1 estacionado h\u00e1 dois anos na entrada do Eduardo Gomes, Jardim Loreto. Acontecem pancad\u00f5es com som automotivo em frente aos dois postos de combust\u00edvel. O \u00f4nibus serve de motel e consumo de bebidas alco\u00f3licas por menores&#8221;.<\/p>\n<p style=\"text-align: justify;\">A reportagem do Portal SE Not\u00edcias, que tamb\u00e9m foi informada pelo juiz, entrou em contato com a Superintend\u00eancia Municipal de Transportes e Tr\u00e2nsito (SMTT) de S\u00e3o Crist\u00f3v\u00e3o e o superintendente Jos\u00e9 Luiz esteve no local com os agentes de tr\u00e2nsito e, a princ\u00edpio, informou que o ve\u00edculo n\u00e3o est\u00e1 cometendo nenhuma infra\u00e7\u00e3o de tr\u00e2nsito, por isso n\u00e3o pode ser removido. Mas, por causar sensa\u00e7\u00e3o de inseguran\u00e7a aos moradores, o propriet\u00e1rio ser\u00e1 orientado a retir\u00e1-lo do local. Caso a orienta\u00e7\u00e3o seja descumprida, a SMTT de S\u00e3o Crist\u00f3v\u00e3o adotar\u00e1 as medidas cab\u00edveis.<\/p>\n<div id=\"attachment_102567\" style=\"width: 609px\" class=\"wp-caption aligncenter\"><img loading=\"lazy\" decoding=\"async\" aria-describedby=\"caption-attachment-102567\" class=\"size-full wp-image-102567\" src=\"http:\/\/senoticias.com.br\/se\/wp-content\/uploads\/2017\/04\/WhatsApp-Image-2017-04-23-at-14.12.41-e1492968429383.jpeg\" alt=\"Segundo a den\u00fancia do Dr Manoel da Costa neto, o \u00f4nibus passou a servir como ponto de uso de drogas, esconderijo de meliantes e a pr\u00e1tica de prostitui\u00e7\u00e3o (foto divulga\u00e7\u00e3o\/Manoel Costa Neto)\" width=\"599\" height=\"359\" \/><p id=\"caption-attachment-102567\" class=\"wp-caption-text\">Segundo a den\u00fancia do juiz Dr Manoel da Costa Neto, o \u00f4nibus passou a servir como ponto de uso de drogas, esconderijo de meliantes e para a pr\u00e1tica de prostitui\u00e7\u00e3o (foto: Leitor SE Not\u00edcias)<\/p><\/div>\n<p>&nbsp;<\/p>\n<div id=\"attachment_102569\" style=\"width: 609px\" class=\"wp-caption aligncenter\"><img loading=\"lazy\" decoding=\"async\" aria-describedby=\"caption-attachment-102569\" class=\"size-full wp-image-102569\" src=\"http:\/\/senoticias.com.br\/se\/wp-content\/uploads\/2017\/04\/WhatsApp-Image-2017-04-23-at-14.12.40-1-e1492968947897.jpeg\" alt=\"Ao Portal SE Not\u00edcias, o superintendente da Autarquia Municipal Transportes e Tr\u00e2nsito (SMTT), capit\u00e3o Jos\u00e9 Luiz, informou que uma equipe foi ao local para avaliar a situa\u00e7\u00e3o e a princ\u00edpio o ve\u00edculo n\u00e3o est\u00e1 cometendo nenhuma infra\u00e7\u00e3o de tr\u00e2nsito, mas vai solicitar que o propriet\u00e1rio fa\u00e7a a remo\u00e7\u00e3o para um local mais adequado (foto: leitor SE Not\u00edcias)\" width=\"599\" height=\"359\" \/><p id=\"caption-attachment-102569\" class=\"wp-caption-text\">Ao Portal SE Not\u00edcias, o superintendente da Autarquia Municipal Transportes e Tr\u00e2nsito (SMTT), capit\u00e3o Jos\u00e9 Luiz, informou que uma equipe foi ao local para avaliar a situa\u00e7\u00e3o e a princ\u00edpio o ve\u00edculo n\u00e3o est\u00e1 cometendo nenhuma infra\u00e7\u00e3o de tr\u00e2nsito, mas vai solicitar que o propriet\u00e1rio fa\u00e7a a remo\u00e7\u00e3o para um local mais adequado (foto: leitor SE Not\u00edcias)<\/p><\/div>\n<p>&nbsp;<\/p>\n<p style=\"text-align: justify;\"><img loading=\"lazy\" decoding=\"async\" class=\"aligncenter size-full wp-image-102461\" src=\"http:\/\/senoticias.com.br\/se\/wp-content\/uploads\/2017\/04\/Logo-fone-1-2-1-2-4-6-1.jpg\" alt=\"Logo-fone-1-2-1-2-4-6\" width=\"599\" height=\"78\" srcset=\"https:\/\/senoticias.com.br\/se\/wp-content\/uploads\/2017\/04\/Logo-fone-1-2-1-2-4-6-1.jpg 599w, https:\/\/senoticias.com.br\/se\/wp-content\/uploads\/2017\/04\/Logo-fone-1-2-1-2-4-6-1-300x39.jpg 300w\" sizes=\"(max-width: 599px) 100vw, 599px\" \/><\/p>\n<p style=\"text-align: justify;\"><strong>Acompanhe tamb\u00e9m o SE Not\u00edcias no<\/strong><span class=\"apple-converted-space\"><b>\u00a0<\/b><\/span><a href=\"https:\/\/twitter.com\/Senoticias\" target=\"_blank\"><b>Twitter<\/b><\/a><strong>,<\/strong><span class=\"apple-converted-space\"><b>\u00a0<\/b><\/span><a href=\"https:\/\/www.facebook.com\/senoticias1\" target=\"_blank\"><b>Facebook<\/b><span class=\"apple-converted-space\"><b>\u00a0<\/b><\/span><\/a><strong>e no<\/strong><span class=\"apple-converted-space\"><b>\u00a0<\/b><\/span><b><a href=\"https:\/\/www.instagram.com\/senoticias\/\" target=\"_blank\">Instagram<\/a><\/b><\/p>\n<p style=\"text-align: justify;\"><em>Reda\u00e7\u00e3o SE Not\u00edcias<\/em><\/p>\n","protected":false},"excerpt":{"rendered":"<p>Os problemas em rela\u00e7\u00e3o a carros, em S\u00e3o Crist\u00f3v\u00e3o, n\u00e3o se limitam ao tr\u00e2nsito. O abandono de autom\u00f3veis em vias p\u00fablicas ainda \u00e9 uma realidade. Al\u00e9m de prejudicar o tr\u00e1fego de ve\u00edculos e de pedestres, os carros tornam-se sucatas e serve para a pr\u00e1tica de crimes. O juiz da Comarca de S\u00e3o Crist\u00f3v\u00e3o Dr. Manoel [&hellip;]<\/p>\n","protected":false},"author":2,"featured_media":102569,"comment_status":"closed","ping_status":"closed","sticky":false,"template":"","format":"standard","meta":{"footnotes":""},"categories":[15,38],"tags":[3083,3082,2875,335],"class_list":{"0":"post-102565","1":"post","2":"type-post","3":"status-publish","4":"format-standard","5":"has-post-thumbnail","7":"category-destaques","8":"category-municipios","9":"tag-abandonado","10":"tag-crimes","11":"tag-onibus","12":"tag-sao-cristovao"},"_links":{"self":[{"href":"https:\/\/senoticias.com.br\/se\/wp-json\/wp\/v2\/posts\/102565"}],"collection":[{"href":"https:\/\/senoticias.com.br\/se\/wp-json\/wp\/v2\/posts"}],"about":[{"href":"https:\/\/senoticias.com.br\/se\/wp-json\/wp\/v2\/types\/post"}],"author":[{"embeddable":true,"href":"https:\/\/senoticias.com.br\/se\/wp-json\/wp\/v2\/users\/2"}],"replies":[{"embeddable":true,"href":"https:\/\/senoticias.com.br\/se\/wp-json\/wp\/v2\/comments?post=102565"}],"version-history":[{"count":0,"href":"https:\/\/senoticias.com.br\/se\/wp-json\/wp\/v2\/posts\/102565\/revisions"}],"wp:featuredmedia":[{"embeddable":true,"href":"https:\/\/senoticias.com.br\/se\/wp-json\/wp\/v2\/media\/102569"}],"wp:attachment":[{"href":"https:\/\/senoticias.com.br\/se\/wp-json\/wp\/v2\/media?parent=102565"}],"wp:term":[{"taxonomy":"category","embeddable":true,"href":"https:\/\/senoticias.com.br\/se\/wp-json\/wp\/v2\/categories?post=102565"},{"taxonomy":"post_tag","embeddable":true,"href":"https:\/\/senoticias.com.br\/se\/wp-json\/wp\/v2\/tags?post=102565"}],"curies":[{"name":"wp","href":"https:\/\/api.w.org\/{rel}","templated":true}]}}