{"id":102524,"date":"2017-04-20T19:55:01","date_gmt":"2017-04-20T22:55:01","guid":{"rendered":"http:\/\/senoticias.com.br\/se\/?p=102524"},"modified":"2017-04-20T19:55:01","modified_gmt":"2017-04-20T22:55:01","slug":"carlos-britto-faz-palestra-no-tce-sobre-etica-na-gestao-publica","status":"publish","type":"post","link":"https:\/\/senoticias.com.br\/se\/carlos-britto-faz-palestra-no-tce-sobre-etica-na-gestao-publica\/","title":{"rendered":"Carlos Britto faz palestra no TCE sobre \u00e9tica na gest\u00e3o p\u00fablica"},"content":{"rendered":"<p style=\"text-align: justify;\">O Tribunal de Contas de Sergipe criou um f\u00f3rum de discuss\u00f5es sobre a honestidade na gest\u00e3o p\u00fablica e o combate \u00e0 corrup\u00e7\u00e3o. O evento \u00e9 intitulado \u201cPor um Brasil \u00e9tico: o dinheiro p\u00fablico \u00e9 da sua conta\u201d. Palestras com nomes nacionais importantes nessas \u00e1reas acontecer\u00e3o at\u00e9 o final do ano.<\/p>\n<div id=\"attachment_102525\" style=\"width: 609px\" class=\"wp-caption aligncenter\"><img loading=\"lazy\" decoding=\"async\" aria-describedby=\"caption-attachment-102525\" class=\"size-full wp-image-102525\" src=\"http:\/\/senoticias.com.br\/se\/wp-content\/uploads\/2017\/04\/Carlos-Brito-SENOTICIAS-e1492728698372.jpg\" alt=\"Carlos Britto faz palestra nesta ter\u00e7a-feira (foto: Dida Sampaio\/Estad\u00e3o)\" width=\"599\" height=\"336\" \/><p id=\"caption-attachment-102525\" class=\"wp-caption-text\">Carlos Britto faz palestra nesta ter\u00e7a-feira (foto: Dida Sampaio\/Estad\u00e3o)<\/p><\/div>\n<p style=\"text-align: justify;\">Na sexta-feira da pr\u00f3xima semana, dia 28, \u00e0s 9 horas, ser\u00e1 proferida uma palestra com o jurista sergipano e ex-presidente do Supremo Tribunal Federal, Carlos Ayres Britto. O local \u00e9 o audit\u00f3rio do TCE e a entrada \u00e9 gratuita.<\/p>\n<p style=\"text-align: justify;\"><strong>Acompanhe tamb\u00e9m o SE Not\u00edcias no<\/strong><span class=\"apple-converted-space\"><b>\u00a0<\/b><\/span><a href=\"https:\/\/twitter.com\/Senoticias\" target=\"_blank\"><b>Twitter<\/b><\/a><strong>,<\/strong><span class=\"apple-converted-space\"><b>\u00a0<\/b><\/span><a href=\"https:\/\/www.facebook.com\/senoticias1\" target=\"_blank\"><b>Facebook<\/b><span class=\"apple-converted-space\"><b>\u00a0<\/b><\/span><\/a><strong>e no<\/strong><span class=\"apple-converted-space\"><b>\u00a0<\/b><\/span><b><a href=\"https:\/\/www.instagram.com\/senoticias\/\" target=\"_blank\">Instagram<\/a><\/b><\/p>\n<p style=\"text-align: justify;\"><img loading=\"lazy\" decoding=\"async\" class=\"aligncenter size-full wp-image-102461\" src=\"http:\/\/senoticias.com.br\/se\/wp-content\/uploads\/2017\/04\/Logo-fone-1-2-1-2-4-6-1.jpg\" alt=\"Logo-fone-1-2-1-2-4-6\" width=\"599\" height=\"78\" srcset=\"https:\/\/senoticias.com.br\/se\/wp-content\/uploads\/2017\/04\/Logo-fone-1-2-1-2-4-6-1.jpg 599w, https:\/\/senoticias.com.br\/se\/wp-content\/uploads\/2017\/04\/Logo-fone-1-2-1-2-4-6-1-300x39.jpg 300w\" sizes=\"(max-width: 599px) 100vw, 599px\" \/><\/p>\n<p style=\"text-align: justify;\"><em>Ascom\/TCE<\/em><\/p>\n<p style=\"text-align: justify;\">\n","protected":false},"excerpt":{"rendered":"<p>O Tribunal de Contas de Sergipe criou um f\u00f3rum de discuss\u00f5es sobre a honestidade na gest\u00e3o p\u00fablica e o combate \u00e0 corrup\u00e7\u00e3o. O evento \u00e9 intitulado \u201cPor um Brasil \u00e9tico: o dinheiro p\u00fablico \u00e9 da sua conta\u201d. Palestras com nomes nacionais importantes nessas \u00e1reas acontecer\u00e3o at\u00e9 o final do ano. Na sexta-feira da pr\u00f3xima semana, [&hellip;]<\/p>\n","protected":false},"author":2,"featured_media":102525,"comment_status":"closed","ping_status":"closed","sticky":false,"template":"","format":"standard","meta":{"footnotes":""},"categories":[6],"tags":[3048,3050,2638,3049],"class_list":{"0":"post-102524","1":"post","2":"type-post","3":"status-publish","4":"format-standard","5":"has-post-thumbnail","7":"category-politica","8":"tag-carlos-brito","9":"tag-gestao-publica","10":"tag-ipesaude-promove-circuito-de-palestras-da-saude-da-mulher","11":"tag-palestra"},"_links":{"self":[{"href":"https:\/\/senoticias.com.br\/se\/wp-json\/wp\/v2\/posts\/102524"}],"collection":[{"href":"https:\/\/senoticias.com.br\/se\/wp-json\/wp\/v2\/posts"}],"about":[{"href":"https:\/\/senoticias.com.br\/se\/wp-json\/wp\/v2\/types\/post"}],"author":[{"embeddable":true,"href":"https:\/\/senoticias.com.br\/se\/wp-json\/wp\/v2\/users\/2"}],"replies":[{"embeddable":true,"href":"https:\/\/senoticias.com.br\/se\/wp-json\/wp\/v2\/comments?post=102524"}],"version-history":[{"count":0,"href":"https:\/\/senoticias.com.br\/se\/wp-json\/wp\/v2\/posts\/102524\/revisions"}],"wp:featuredmedia":[{"embeddable":true,"href":"https:\/\/senoticias.com.br\/se\/wp-json\/wp\/v2\/media\/102525"}],"wp:attachment":[{"href":"https:\/\/senoticias.com.br\/se\/wp-json\/wp\/v2\/media?parent=102524"}],"wp:term":[{"taxonomy":"category","embeddable":true,"href":"https:\/\/senoticias.com.br\/se\/wp-json\/wp\/v2\/categories?post=102524"},{"taxonomy":"post_tag","embeddable":true,"href":"https:\/\/senoticias.com.br\/se\/wp-json\/wp\/v2\/tags?post=102524"}],"curies":[{"name":"wp","href":"https:\/\/api.w.org\/{rel}","templated":true}]}}