{"id":102506,"date":"2017-04-20T15:02:30","date_gmt":"2017-04-20T18:02:30","guid":{"rendered":"http:\/\/senoticias.com.br\/se\/?p=102506"},"modified":"2017-04-21T09:37:50","modified_gmt":"2017-04-21T12:37:50","slug":"sergipe-sediara-reuniao-para-redefinir-os-limites-com-a-bahia","status":"publish","type":"post","link":"https:\/\/senoticias.com.br\/se\/sergipe-sediara-reuniao-para-redefinir-os-limites-com-a-bahia\/","title":{"rendered":"Sergipe sediar\u00e1 reuni\u00e3o para redefinir os limites com a Bahia"},"content":{"rendered":"<div id=\"attachment_102507\" style=\"width: 510px\" class=\"wp-caption aligncenter\"><img loading=\"lazy\" decoding=\"async\" aria-describedby=\"caption-attachment-102507\" class=\"size-full wp-image-102507\" src=\"http:\/\/senoticias.com.br\/se\/wp-content\/uploads\/2017\/04\/Sergipe-mapa-e1492711255616.png\" alt=\"Imagem ilustrativa. \" width=\"500\" height=\"557\" \/><p id=\"caption-attachment-102507\" class=\"wp-caption-text\">Imagem ilustrativa.<\/p><\/div>\n<p style=\"text-align: justify;\">Sergipe sediar\u00e1 a reuni\u00e3o para an\u00e1lise da proposta de cria\u00e7\u00e3o da norma regulat\u00f3ria do limite pol\u00edtico-administrativo entre os estados da Bahia e Sergipe, no pr\u00f3ximo dia 26 de abril, na Assembleia Legislativa. O evento ser\u00e1 coordenado pela Superintend\u00eancia de Estudos e Pesquisas da Secretaria de Estado do Planejamento, Or\u00e7amento e Gest\u00e3o (Supes\/Seplag), em parceria com a Superintend\u00eancia de Estudos Econ\u00f4micos e Sociais da Bahia (SEI) e o Instituto Brasileiro de Geografia e Estat\u00edstica (IBGE).<\/p>\n<p style=\"text-align: justify;\">A reuni\u00e3o tem como objetivo redefinir os limites dos munic\u00edpios atrav\u00e9s do uso de coordenadas geogr\u00e1ficas, uma vez que as leis e dados cartogr\u00e1ficos existentes que comprovam a divisa desses estados s\u00e3o dos anos 40, o que mostra que est\u00e3o completamente defasados. A legisla\u00e7\u00e3o da \u00e9poca n\u00e3o descreve com precis\u00e3o as divisas estaduais brasileiras, situa\u00e7\u00e3o que tem provocado conflitos territoriais interestaduais.<\/p>\n<p style=\"text-align: justify;\">Para o secret\u00e1rio da Seplag, Rosman Pereira, o evento \u00e9 importante por se constituir em um projeto territorial baseado em delimita\u00e7\u00e3o de fronteiras entre estados usando uma metodologia que prioriza a elabora\u00e7\u00e3o de normas territoriais embasada nos acordos sociais existentes e produzida atrav\u00e9s da mais atualizada tecnologia e de moderna t\u00e9cnica legislativa.<\/p>\n<p style=\"text-align: justify;\">Segundo o superintendente da Supes\/Seplag, Ciro Brasil, durante a reuni\u00e3o ser\u00e1 apresentado o resultado dos trabalhos de campo realizados pelas equipes dos dois estados para a redefini\u00e7\u00e3o dos limites nos munic\u00edpios de Canind\u00e9 de S\u00e3o Francisco, Po\u00e7o Redondo, Monte Alegre de Sergipe, Nossa Senhora da Gl\u00f3ria, Carira, Pinh\u00e3o, Po\u00e7o Verde e Sim\u00e3o Dias, em Sergipe; e Santa Br\u00edgida, Pedro Alexandre, Coronel Jo\u00e3o S\u00e1 e Paripiranga, pertencentes \u00e0 Bahia.<\/p>\n<p style=\"text-align: justify;\">Ele ressalta que com o advento dos avan\u00e7os tecnol\u00f3gicos de mapeamento nas \u00faltimas d\u00e9cadas, tornaram-se evidentes os problemas de ocupa\u00e7\u00e3o do territ\u00f3rio, visto que os agentes p\u00fablicos tinham dificuldade de reconhecer no campo, seus limites estabelecidos nessas leis antigas. \u201cDessa forma, o trabalho do delineamento da fronteira, com fins \u00e0 materializa\u00e7\u00e3o de um acordo que atenda aos interesses de todos os atores envolvidos \u00e9 de suma import\u00e2ncia\u201d, afirmou Ciro.<\/p>\n<p style=\"text-align: justify;\">Participar\u00e3o da reuni\u00e3o os deputados da Comiss\u00e3o de Assuntos Territoriais da Assembleia Legislativa da Bahia (ALBA), Comiss\u00e3o Territorial da Assembleia Legislativa Sergipe (ALESE), Procuradorias Gerais dos Estados da Bahia e Sergipe, representantes do IBGE da Bahia e Sergipe SEI-BA, Secretarias de Estado do Planejamento de Sergipe e Bahia, Casas Civis dos dois estados e os representantes dos munic\u00edpios supracitados.<\/p>\n<p style=\"text-align: justify;\"><img loading=\"lazy\" decoding=\"async\" class=\"aligncenter size-full wp-image-102461\" src=\"http:\/\/senoticias.com.br\/se\/wp-content\/uploads\/2017\/04\/Logo-fone-1-2-1-2-4-6-1.jpg\" alt=\"Logo-fone-1-2-1-2-4-6\" width=\"599\" height=\"78\" srcset=\"https:\/\/senoticias.com.br\/se\/wp-content\/uploads\/2017\/04\/Logo-fone-1-2-1-2-4-6-1.jpg 599w, https:\/\/senoticias.com.br\/se\/wp-content\/uploads\/2017\/04\/Logo-fone-1-2-1-2-4-6-1-300x39.jpg 300w\" sizes=\"(max-width: 599px) 100vw, 599px\" \/><\/p>\n<p><strong>Acompanhe tamb\u00e9m o SE Not\u00edcias no<\/strong><span class=\"apple-converted-space\"><b>\u00a0<\/b><\/span><a href=\"https:\/\/twitter.com\/Senoticias\" target=\"_blank\"><b>Twitter<\/b><\/a><strong>,<\/strong><span class=\"apple-converted-space\"><b>\u00a0<\/b><\/span><a href=\"https:\/\/www.facebook.com\/senoticias1\" target=\"_blank\"><b>Facebook<\/b><span class=\"apple-converted-space\"><b>\u00a0<\/b><\/span><\/a><strong>e no<\/strong><span class=\"apple-converted-space\"><b>\u00a0<\/b><\/span><b><a href=\"https:\/\/www.instagram.com\/senoticias\/\" target=\"_blank\">Instagram<\/a><\/b><\/p>\n<p><em>Fonte: Seplag<b><\/b><\/em><\/p>\n","protected":false},"excerpt":{"rendered":"<p>Sergipe sediar\u00e1 a reuni\u00e3o para an\u00e1lise da proposta de cria\u00e7\u00e3o da norma regulat\u00f3ria do limite pol\u00edtico-administrativo entre os estados da Bahia e Sergipe, no pr\u00f3ximo dia 26 de abril, na Assembleia Legislativa. O evento ser\u00e1 coordenado pela Superintend\u00eancia de Estudos e Pesquisas da Secretaria de Estado do Planejamento, Or\u00e7amento e Gest\u00e3o (Supes\/Seplag), em parceria com [&hellip;]<\/p>\n","protected":false},"author":2,"featured_media":0,"comment_status":"closed","ping_status":"closed","sticky":false,"template":"","format":"standard","meta":{"footnotes":""},"categories":[6],"tags":[2623,3032,3030,223,3031],"class_list":{"0":"post-102506","1":"post","2":"type-post","3":"status-publish","4":"format-standard","6":"category-politica","7":"tag-bahia","8":"tag-geografia","9":"tag-limites","10":"tag-sergipe","11":"tag-territorio"},"_links":{"self":[{"href":"https:\/\/senoticias.com.br\/se\/wp-json\/wp\/v2\/posts\/102506"}],"collection":[{"href":"https:\/\/senoticias.com.br\/se\/wp-json\/wp\/v2\/posts"}],"about":[{"href":"https:\/\/senoticias.com.br\/se\/wp-json\/wp\/v2\/types\/post"}],"author":[{"embeddable":true,"href":"https:\/\/senoticias.com.br\/se\/wp-json\/wp\/v2\/users\/2"}],"replies":[{"embeddable":true,"href":"https:\/\/senoticias.com.br\/se\/wp-json\/wp\/v2\/comments?post=102506"}],"version-history":[{"count":0,"href":"https:\/\/senoticias.com.br\/se\/wp-json\/wp\/v2\/posts\/102506\/revisions"}],"wp:attachment":[{"href":"https:\/\/senoticias.com.br\/se\/wp-json\/wp\/v2\/media?parent=102506"}],"wp:term":[{"taxonomy":"category","embeddable":true,"href":"https:\/\/senoticias.com.br\/se\/wp-json\/wp\/v2\/categories?post=102506"},{"taxonomy":"post_tag","embeddable":true,"href":"https:\/\/senoticias.com.br\/se\/wp-json\/wp\/v2\/tags?post=102506"}],"curies":[{"name":"wp","href":"https:\/\/api.w.org\/{rel}","templated":true}]}}