{"id":102443,"date":"2017-04-18T17:34:53","date_gmt":"2017-04-18T20:34:53","guid":{"rendered":"http:\/\/senoticias.com.br\/se\/?p=102443"},"modified":"2017-04-19T07:30:30","modified_gmt":"2017-04-19T10:30:30","slug":"energia-ficara-mais-cara-em-sergipe-e-outros-tres-estados-a-partir-de-sabado-22","status":"publish","type":"post","link":"https:\/\/senoticias.com.br\/se\/energia-ficara-mais-cara-em-sergipe-e-outros-tres-estados-a-partir-de-sabado-22\/","title":{"rendered":"Energia ficar\u00e1 mais cara em Sergipe e outros tr\u00eas estados a partir de s\u00e1bado, 22"},"content":{"rendered":"<p style=\"text-align: justify;\">A Ag\u00eancia Nacional de Energia El\u00e9trica (Aneel) aprovou hoje, 18, os reajustes anuais para distribuidoras do Rio Grande do Norte, da Bahia, de Sergipe e do Cear\u00e1. As novas tarifas come\u00e7am a valer no pr\u00f3ximo s\u00e1bado, 22.<\/p>\n<p style=\"text-align: justify;\">A Energisa Sergipe Distribuidora de Energia (ESE) repassar\u00e1 um aumento de 8,16% para os consumidores residenciais e de 11,36% para os consumidores industriais. A empresa atende a 748 mil unidades consumidoras localizadas em 63 munic\u00edpios sergipanos.Para os consumidores atendidos pela Companhia Energ\u00e9tica do Rio Grande do Norte (Cosern), a conta de luz vai aumentar 3,11% no caso dos consumidores residenciais, e 4,07% para as ind\u00fastrias. A distribuidora atende a 1,3 milh\u00f5es de unidades consumidoras localizadas no estado do Rio Grande do Norte.<\/p>\n<div id=\"attachment_102444\" style=\"width: 510px\" class=\"wp-caption aligncenter\"><img loading=\"lazy\" decoding=\"async\" aria-describedby=\"caption-attachment-102444\" class=\"size-full wp-image-102444\" src=\"http:\/\/senoticias.com.br\/se\/wp-content\/uploads\/2017\/04\/energia-eletrica-e1492547667494.jpg\" alt=\"Foto: Arquivo\" width=\"500\" height=\"334\" \/><p id=\"caption-attachment-102444\" class=\"wp-caption-text\">A partir de s\u00e1bado o brasileiro pagar\u00e1 mais caro pela energia. (foto: Arquivo\/ag\u00eancia Brasil)<\/p><\/div>\n<p style=\"text-align: justify;\">O reajuste da Companhia de Eletricidade do Estado da Bahia (Coelba) ser\u00e1 de 2,82% para os consumidores residenciais e de 3,5% para as ind\u00fastrias. A Coelba atende a 5,8 milh\u00f5es de unidades consumidoras em 415 munic\u00edpios da Bahia.<\/p>\n<p style=\"text-align: justify;\">A Aneel tamb\u00e9m definiu hoje que haver\u00e1 redu\u00e7\u00e3o de 0,33% nas tarifas para os consumidores residenciais atendidos pela Companhia Energ\u00e9tica do Cear\u00e1 (Coelce). J\u00e1 para as ind\u00fastrias atendidas pela distribuidora haver\u00e1 aumento de 1,44%. A empresa atende a 3,4 milh\u00f5es de unidades consumidoras localizadas em 184 munic\u00edpios do Cear\u00e1.<\/p>\n<p style=\"text-align: justify;\">Ao calcular o reajuste, conforme estabelecido no contrato de concess\u00e3o, a Aneel considera a varia\u00e7\u00e3o de custos associados \u00e0 presta\u00e7\u00e3o do servi\u00e7o. O c\u00e1lculo leva em conta a aquisi\u00e7\u00e3o e a transmiss\u00e3o de energia el\u00e9trica, bem como os encargos setoriais.<\/p>\n<p style=\"text-align: justify;\"><img loading=\"lazy\" decoding=\"async\" class=\"aligncenter size-full wp-image-102349\" src=\"http:\/\/senoticias.com.br\/se\/wp-content\/uploads\/2017\/04\/Logo-fone-1-2-1-2-4-6.jpg\" alt=\"Logo-fone-1-2-1-2-4-6\" width=\"599\" height=\"78\" srcset=\"https:\/\/senoticias.com.br\/se\/wp-content\/uploads\/2017\/04\/Logo-fone-1-2-1-2-4-6.jpg 599w, https:\/\/senoticias.com.br\/se\/wp-content\/uploads\/2017\/04\/Logo-fone-1-2-1-2-4-6-300x39.jpg 300w\" sizes=\"(max-width: 599px) 100vw, 599px\" \/><\/p>\n<p style=\"text-align: justify;\"><strong>Acompanhe tamb\u00e9m o SE Not\u00edcias no<\/strong><span class=\"apple-converted-space\"><b>\u00a0<\/b><\/span><a href=\"https:\/\/twitter.com\/Senoticias\" target=\"_blank\"><b>Twitter<\/b><\/a><strong>,<\/strong><span class=\"apple-converted-space\"><b>\u00a0<\/b><\/span><a href=\"https:\/\/www.facebook.com\/senoticias1\" target=\"_blank\"><b>Facebook<\/b><span class=\"apple-converted-space\"><b>\u00a0<\/b><\/span><\/a><strong>e no<\/strong><span class=\"apple-converted-space\"><b>\u00a0<\/b><\/span><b><a href=\"https:\/\/www.instagram.com\/senoticias\/\" target=\"_blank\">Instagram<\/a><\/b><\/p>\n<p style=\"text-align: justify;\"><em>Fonte: Ag\u00eancia Brasil<\/em><\/p>\n","protected":false},"excerpt":{"rendered":"<p>A Ag\u00eancia Nacional de Energia El\u00e9trica (Aneel) aprovou hoje, 18, os reajustes anuais para distribuidoras do Rio Grande do Norte, da Bahia, de Sergipe e do Cear\u00e1. As novas tarifas come\u00e7am a valer no pr\u00f3ximo s\u00e1bado, 22. A Energisa Sergipe Distribuidora de Energia (ESE) repassar\u00e1 um aumento de 8,16% para os consumidores residenciais e de [&hellip;]<\/p>\n","protected":false},"author":2,"featured_media":0,"comment_status":"closed","ping_status":"closed","sticky":false,"template":"","format":"standard","meta":{"footnotes":""},"categories":[15,2961],"tags":[959,2957,607,2003,223],"class_list":{"0":"post-102443","1":"post","2":"type-post","3":"status-publish","4":"format-standard","6":"category-destaques","7":"category-nacional","8":"tag-aneel","9":"tag-aumento","10":"tag-energia","11":"tag-reajuste","12":"tag-sergipe"},"_links":{"self":[{"href":"https:\/\/senoticias.com.br\/se\/wp-json\/wp\/v2\/posts\/102443"}],"collection":[{"href":"https:\/\/senoticias.com.br\/se\/wp-json\/wp\/v2\/posts"}],"about":[{"href":"https:\/\/senoticias.com.br\/se\/wp-json\/wp\/v2\/types\/post"}],"author":[{"embeddable":true,"href":"https:\/\/senoticias.com.br\/se\/wp-json\/wp\/v2\/users\/2"}],"replies":[{"embeddable":true,"href":"https:\/\/senoticias.com.br\/se\/wp-json\/wp\/v2\/comments?post=102443"}],"version-history":[{"count":0,"href":"https:\/\/senoticias.com.br\/se\/wp-json\/wp\/v2\/posts\/102443\/revisions"}],"wp:attachment":[{"href":"https:\/\/senoticias.com.br\/se\/wp-json\/wp\/v2\/media?parent=102443"}],"wp:term":[{"taxonomy":"category","embeddable":true,"href":"https:\/\/senoticias.com.br\/se\/wp-json\/wp\/v2\/categories?post=102443"},{"taxonomy":"post_tag","embeddable":true,"href":"https:\/\/senoticias.com.br\/se\/wp-json\/wp\/v2\/tags?post=102443"}],"curies":[{"name":"wp","href":"https:\/\/api.w.org\/{rel}","templated":true}]}}