{"id":102438,"date":"2017-04-18T16:50:11","date_gmt":"2017-04-18T19:50:11","guid":{"rendered":"http:\/\/senoticias.com.br\/se\/?p=102438"},"modified":"2017-04-19T07:31:17","modified_gmt":"2017-04-19T10:31:17","slug":"tribunal-de-contas-apura-destinacao-de-verba-extra-do-antigo-fundef","status":"publish","type":"post","link":"https:\/\/senoticias.com.br\/se\/tribunal-de-contas-apura-destinacao-de-verba-extra-do-antigo-fundef\/","title":{"rendered":"Tribunal de Contas apura destina\u00e7\u00e3o de verba extra do antigo Fundef"},"content":{"rendered":"<p style=\"text-align: justify;\">O Tribunal de Contas do Estado (TCE\/SE) enviou of\u00edcio aos prefeitos sergipanos a fim de levantar quais os munic\u00edpios que est\u00e3o sendo ressarcidos pela Uni\u00e3o em face de valores que deveriam ter sido transferidos ao antigo Fundo de Manuten\u00e7\u00e3o e Desenvolvimento do Ensino Fundamental e de Valoriza\u00e7\u00e3o do Magist\u00e9rio (Fundef), substitu\u00eddo pelo Fundeb.<\/p>\n<div id=\"attachment_102439\" style=\"width: 609px\" class=\"wp-caption aligncenter\"><img loading=\"lazy\" decoding=\"async\" aria-describedby=\"caption-attachment-102439\" class=\"size-full wp-image-102439\" src=\"http:\/\/senoticias.com.br\/se\/wp-content\/uploads\/2017\/04\/procurador-do-tce-senoticias-e1492544931631.jpeg\" alt=\"O procurador Eduardo C\u00f4rtes, do Minist\u00e9rio P\u00fablico de Contas (Foto: Cleverton Ribeiro)\" width=\"599\" height=\"400\" \/><p id=\"caption-attachment-102439\" class=\"wp-caption-text\">O procurador Eduardo C\u00f4rtes, do Minist\u00e9rio P\u00fablico de Contas (foto: Cleverton Ribeiro)<\/p><\/div>\n<p style=\"text-align: justify;\">Proposto pelo procurador Eduardo C\u00f4rtes, do Minist\u00e9rio P\u00fablico de Contas, o Of\u00edcio exige o encaminhamento de informa\u00e7\u00f5es acerca da exist\u00eancia de decis\u00e3o judicial favor\u00e1vel ao munic\u00edpio, relativa \u00e0 complementa\u00e7\u00e3o da Uni\u00e3o, indicando os respectivos valores que constam em tais decis\u00f5es.<\/p>\n<p style=\"text-align: justify;\">Tamb\u00e9m ficou determinado que a transfer\u00eancia desses recursos ocorra diretamente para a conta vinculada ao Fundeb. &#8220;Fizemos um levantamento pr\u00e9vio e verificamos que h\u00e1 valores em processo de execu\u00e7\u00e3o, inclusive com pagamentos j\u00e1 realizados, e que devem ingressar nas contas municipais do Fundeb, conforme vincula\u00e7\u00e3o constitucional e legal&#8221;, explica C\u00f4rtes.<\/p>\n<p style=\"text-align: justify;\">Outra informa\u00e7\u00e3o requerida por meio do Of\u00edcio diz respeito \u00e0 possibilidade de os munic\u00edpios terem firmado contratos com escrit\u00f3rios de advocacia para a\u00e7\u00f5es de ressarcimento\/complementa\u00e7\u00e3o ao Fundef, bem como a especifica\u00e7\u00e3o dos valores pagos aos caus\u00eddicos em face dos servi\u00e7os prestados.<\/p>\n<p style=\"text-align: justify;\">&#8220;Nas informa\u00e7\u00f5es disponibilizadas eletronicamente pela Justi\u00e7a Federal, h\u00e1 in\u00fameros registros de pedidos de honor\u00e1rios de advogados contratados pelos Munic\u00edpios, com pleitos de reten\u00e7\u00e3o de verbas contratuais e sucumbenciais&#8221;, informou o procurador, destacando que a contrata\u00e7\u00e3o de escrit\u00f3rios de advocacia somente pode ocorrer em car\u00e1ter excepcional e extraordin\u00e1rio, e com a devida motiva\u00e7\u00e3o.<\/p>\n<p style=\"text-align: justify;\">&#8220;Nesse diapas\u00e3o, n\u00e3o se justifica &#8211; por atentar contra a economicidade e razoabilidade &#8211; contratar um servi\u00e7o com maior \u00f4nus financeiro para o munic\u00edpio, quando o ente possui procurador capaz de promover a execu\u00e7\u00e3o de decis\u00e3o judicial, sem qualquer complexidade ou singularidade&#8221;, concluiu.<\/p>\n<p style=\"text-align: justify;\">O Of\u00edcio foi enviado aos munic\u00edpios no \u00faltimo dia 4 de abril, dando o prazo de 15 dias para resposta, a contar da data de recebimento. Ficou definida ainda a aplica\u00e7\u00e3o de multa administrativa pessoal de at\u00e9 R$62.033,61 em caso de n\u00e3o apresenta\u00e7\u00e3o da documenta\u00e7\u00e3o solicitada.<\/p>\n<p style=\"text-align: justify;\"><img loading=\"lazy\" decoding=\"async\" class=\"aligncenter size-full wp-image-102349\" src=\"http:\/\/senoticias.com.br\/se\/wp-content\/uploads\/2017\/04\/Logo-fone-1-2-1-2-4-6.jpg\" alt=\"Logo-fone-1-2-1-2-4-6\" width=\"599\" height=\"78\" srcset=\"https:\/\/senoticias.com.br\/se\/wp-content\/uploads\/2017\/04\/Logo-fone-1-2-1-2-4-6.jpg 599w, https:\/\/senoticias.com.br\/se\/wp-content\/uploads\/2017\/04\/Logo-fone-1-2-1-2-4-6-300x39.jpg 300w\" sizes=\"(max-width: 599px) 100vw, 599px\" \/><\/p>\n<p style=\"text-align: justify;\"><strong>Acompanhe tamb\u00e9m o SE Not\u00edcias no<\/strong><span class=\"apple-converted-space\"><b>\u00a0<\/b><\/span><a href=\"https:\/\/twitter.com\/Senoticias\" target=\"_blank\"><b>Twitter<\/b><\/a><strong>,<\/strong><span class=\"apple-converted-space\"><b>\u00a0<\/b><\/span><a href=\"https:\/\/www.facebook.com\/senoticias1\" target=\"_blank\"><b>Facebook<\/b><span class=\"apple-converted-space\"><b>\u00a0<\/b><\/span><\/a><strong>e no<\/strong><span class=\"apple-converted-space\"><b>\u00a0<\/b><\/span><b><a href=\"https:\/\/www.instagram.com\/senoticias\/\" target=\"_blank\">Instagram<\/a><\/b><\/p>\n<p style=\"text-align: justify;\"><em>Ascom\/TCE<\/em><\/p>\n","protected":false},"excerpt":{"rendered":"<p>O Tribunal de Contas do Estado (TCE\/SE) enviou of\u00edcio aos prefeitos sergipanos a fim de levantar quais os munic\u00edpios que est\u00e3o sendo ressarcidos pela Uni\u00e3o em face de valores que deveriam ter sido transferidos ao antigo Fundo de Manuten\u00e7\u00e3o e Desenvolvimento do Ensino Fundamental e de Valoriza\u00e7\u00e3o do Magist\u00e9rio (Fundef), substitu\u00eddo pelo Fundeb. Proposto pelo [&hellip;]<\/p>\n","protected":false},"author":2,"featured_media":102439,"comment_status":"closed","ping_status":"closed","sticky":false,"template":"","format":"standard","meta":{"footnotes":""},"categories":[15,6],"tags":[2956,2954,2955],"class_list":{"0":"post-102438","1":"post","2":"type-post","3":"status-publish","4":"format-standard","5":"has-post-thumbnail","7":"category-destaques","8":"category-politica","9":"tag-fundef","10":"tag-tribunal-de-contas","11":"tag-verba-extra"},"_links":{"self":[{"href":"https:\/\/senoticias.com.br\/se\/wp-json\/wp\/v2\/posts\/102438"}],"collection":[{"href":"https:\/\/senoticias.com.br\/se\/wp-json\/wp\/v2\/posts"}],"about":[{"href":"https:\/\/senoticias.com.br\/se\/wp-json\/wp\/v2\/types\/post"}],"author":[{"embeddable":true,"href":"https:\/\/senoticias.com.br\/se\/wp-json\/wp\/v2\/users\/2"}],"replies":[{"embeddable":true,"href":"https:\/\/senoticias.com.br\/se\/wp-json\/wp\/v2\/comments?post=102438"}],"version-history":[{"count":0,"href":"https:\/\/senoticias.com.br\/se\/wp-json\/wp\/v2\/posts\/102438\/revisions"}],"wp:featuredmedia":[{"embeddable":true,"href":"https:\/\/senoticias.com.br\/se\/wp-json\/wp\/v2\/media\/102439"}],"wp:attachment":[{"href":"https:\/\/senoticias.com.br\/se\/wp-json\/wp\/v2\/media?parent=102438"}],"wp:term":[{"taxonomy":"category","embeddable":true,"href":"https:\/\/senoticias.com.br\/se\/wp-json\/wp\/v2\/categories?post=102438"},{"taxonomy":"post_tag","embeddable":true,"href":"https:\/\/senoticias.com.br\/se\/wp-json\/wp\/v2\/tags?post=102438"}],"curies":[{"name":"wp","href":"https:\/\/api.w.org\/{rel}","templated":true}]}}