{"id":102429,"date":"2017-04-18T15:58:10","date_gmt":"2017-04-18T18:58:10","guid":{"rendered":"http:\/\/senoticias.com.br\/se\/?p=102429"},"modified":"2017-04-19T07:31:57","modified_gmt":"2017-04-19T10:31:57","slug":"delegado-alessandro-vieira-confirma-que-nao-esta-mais-no-comando-da-policia-civil","status":"publish","type":"post","link":"https:\/\/senoticias.com.br\/se\/delegado-alessandro-vieira-confirma-que-nao-esta-mais-no-comando-da-policia-civil\/","title":{"rendered":"Delegado Alessandro Vieira confirma que deixou o comando da Pol\u00edcia Civil"},"content":{"rendered":"<p style=\"text-align: justify;\">O delegado Alessandro Vieira, respons\u00e1vel pelo comando geral da Pol\u00edcia Civil de Sergipe, confirmou no final da manh\u00e3 desta ter\u00e7a-feira (18) ao jornalista da TV Sergipe, Ricardo Marques que n\u00e3o est\u00e1 mais no comando da Pol\u00edcia Civil.<\/p>\n<div id=\"attachment_102430\" style=\"width: 609px\" class=\"wp-caption aligncenter\"><img loading=\"lazy\" decoding=\"async\" aria-describedby=\"caption-attachment-102430\" class=\"size-full wp-image-102430\" src=\"http:\/\/senoticias.com.br\/se\/wp-content\/uploads\/2017\/04\/ALESSANDRO-VIEIRA-SENOTICIAS-e1492541352874.jpg\" alt=\"Delegado n\u00e3o informou os motivos do afastamento (foto: Foto: Arquivo\/Marina Fontenele\/G1)\" width=\"599\" height=\"449\" \/><p id=\"caption-attachment-102430\" class=\"wp-caption-text\">Delegado n\u00e3o informou os motivos do afastamento (foto: arquivo\/Marina Fontenele\/G1)<\/p><\/div>\n<div class=\"mc-column content-text active-extra-styles \" style=\"text-align: justify;\" data-block-type=\"unstyled\" data-block-weight=\"17\">\n<p class=\"content-text__container \" data-track-category=\"Link no Texto\" data-track-links=\"\">Ainda de acordo com o jornalista Ricardo Marques, o delegado n\u00e3o detalhou os motivos do seu afastamento.<\/p>\n<\/div>\n<div class=\"mc-column content-text active-extra-styles \" data-block-type=\"unstyled\" data-block-weight=\"14\">\n<p>Em seu lugar pode assumir a delegada Katarina Feitoza, que respondia pela Corregedoria Geral.<\/p>\n<p><img loading=\"lazy\" decoding=\"async\" class=\"aligncenter size-full wp-image-102349\" src=\"http:\/\/senoticias.com.br\/se\/wp-content\/uploads\/2017\/04\/Logo-fone-1-2-1-2-4-6.jpg\" alt=\"Logo-fone-1-2-1-2-4-6\" width=\"599\" height=\"78\" srcset=\"https:\/\/senoticias.com.br\/se\/wp-content\/uploads\/2017\/04\/Logo-fone-1-2-1-2-4-6.jpg 599w, https:\/\/senoticias.com.br\/se\/wp-content\/uploads\/2017\/04\/Logo-fone-1-2-1-2-4-6-300x39.jpg 300w\" sizes=\"(max-width: 599px) 100vw, 599px\" \/><\/p>\n<p><strong>Acompanhe tamb\u00e9m o SE Not\u00edcias no<\/strong><span class=\"apple-converted-space\"><b>\u00a0<\/b><\/span><a href=\"https:\/\/twitter.com\/Senoticias\" target=\"_blank\"><b>Twitter<\/b><\/a><strong>,<\/strong><span class=\"apple-converted-space\"><b>\u00a0<\/b><\/span><a href=\"https:\/\/www.facebook.com\/senoticias1\" target=\"_blank\"><b>Facebook<\/b><span class=\"apple-converted-space\"><b>\u00a0<\/b><\/span><\/a><strong>e no<\/strong><span class=\"apple-converted-space\"><b>\u00a0<\/b><\/span><b><a href=\"https:\/\/www.instagram.com\/senoticias\/\" target=\"_blank\">Instagram<\/a><\/b><\/p>\n<p><em>Com informa\u00e7\u00f5es do G1 SE<\/em><\/p>\n<\/div>\n","protected":false},"excerpt":{"rendered":"<p>O delegado Alessandro Vieira, respons\u00e1vel pelo comando geral da Pol\u00edcia Civil de Sergipe, confirmou no final da manh\u00e3 desta ter\u00e7a-feira (18) ao jornalista da TV Sergipe, Ricardo Marques que n\u00e3o est\u00e1 mais no comando da Pol\u00edcia Civil. Ainda de acordo com o jornalista Ricardo Marques, o delegado n\u00e3o detalhou os motivos do seu afastamento. Em [&hellip;]<\/p>\n","protected":false},"author":2,"featured_media":102430,"comment_status":"closed","ping_status":"closed","sticky":false,"template":"","format":"standard","meta":{"footnotes":""},"categories":[7],"tags":[2946,2815],"class_list":{"0":"post-102429","1":"post","2":"type-post","3":"status-publish","4":"format-standard","5":"has-post-thumbnail","7":"category-policia","8":"tag-alessandro-vieira","9":"tag-delegado"},"_links":{"self":[{"href":"https:\/\/senoticias.com.br\/se\/wp-json\/wp\/v2\/posts\/102429"}],"collection":[{"href":"https:\/\/senoticias.com.br\/se\/wp-json\/wp\/v2\/posts"}],"about":[{"href":"https:\/\/senoticias.com.br\/se\/wp-json\/wp\/v2\/types\/post"}],"author":[{"embeddable":true,"href":"https:\/\/senoticias.com.br\/se\/wp-json\/wp\/v2\/users\/2"}],"replies":[{"embeddable":true,"href":"https:\/\/senoticias.com.br\/se\/wp-json\/wp\/v2\/comments?post=102429"}],"version-history":[{"count":0,"href":"https:\/\/senoticias.com.br\/se\/wp-json\/wp\/v2\/posts\/102429\/revisions"}],"wp:featuredmedia":[{"embeddable":true,"href":"https:\/\/senoticias.com.br\/se\/wp-json\/wp\/v2\/media\/102430"}],"wp:attachment":[{"href":"https:\/\/senoticias.com.br\/se\/wp-json\/wp\/v2\/media?parent=102429"}],"wp:term":[{"taxonomy":"category","embeddable":true,"href":"https:\/\/senoticias.com.br\/se\/wp-json\/wp\/v2\/categories?post=102429"},{"taxonomy":"post_tag","embeddable":true,"href":"https:\/\/senoticias.com.br\/se\/wp-json\/wp\/v2\/tags?post=102429"}],"curies":[{"name":"wp","href":"https:\/\/api.w.org\/{rel}","templated":true}]}}