{"id":102427,"date":"2017-04-18T15:20:05","date_gmt":"2017-04-18T18:20:05","guid":{"rendered":"http:\/\/senoticias.com.br\/se\/?p=102427"},"modified":"2017-04-18T16:45:07","modified_gmt":"2017-04-18T19:45:07","slug":"policia-militar-prende-quadrilha-por-assalto-com-arma-de-fogo-em-aracaju","status":"publish","type":"post","link":"https:\/\/senoticias.com.br\/se\/policia-militar-prende-quadrilha-por-assalto-com-arma-de-fogo-em-aracaju\/","title":{"rendered":"Pol\u00edcia Militar prende quadrilha por assalto com arma de fogo em Aracaju"},"content":{"rendered":"<p style=\"text-align: justify;\">A Pol\u00edcia Militar do Estado de Sergipe efetuou a pris\u00e3o de quatro indiv\u00edduos, sendo dois homens e duas mulheres, acusados de assalto \u00e0 m\u00e3o armada, num sal\u00e3o de beleza, na zona sul da capital. A a\u00e7\u00e3o policial aconteceu por meio do Batalh\u00e3o de Policiamento Tur\u00edstico (BPTur) na tarde dessa segunda-feira, 17, no bairro Grageru.<\/p>\n<div id=\"attachment_102428\" style=\"width: 510px\" class=\"wp-caption aligncenter\"><img loading=\"lazy\" decoding=\"async\" aria-describedby=\"caption-attachment-102428\" class=\"size-full wp-image-102428\" src=\"http:\/\/senoticias.com.br\/se\/wp-content\/uploads\/2017\/04\/portal-se-noticias-e1492539548108.jpeg\" alt=\"Foto: Ascom PM\" width=\"500\" height=\"333\" \/><p id=\"caption-attachment-102428\" class=\"wp-caption-text\">Material apreendido com os suspeitos (foto: Ascom PM\/SE)<\/p><\/div>\n<p style=\"text-align: justify;\">Durante o moto-patrulhamento nas adjac\u00eancias do bairro Grageru, as equipes do BPTur, receberam informa\u00e7\u00f5es de populares sobre um assalto a um sal\u00e3o de beleza, deflagrado por quatro suspeitos, em posse de um rev\u00f3lver, que levaram v\u00e1rios pertences dos clientes e funcion\u00e1rios do estabelecimento, como bolsas, celulares e dinheiro, e logo ap\u00f3s se evadiram do local.<\/p>\n<p style=\"text-align: justify;\">Imediatamente, os policiais seguiram em dilig\u00eancias, quando nas proximidades do posto de sa\u00fade do bairro, conseguiram interceptar os infratores em poder de todo o material do il\u00edcito. O caso foi conduzido \u00e0 Delegacia Plantonista Sul para a tomada das medidas cab\u00edveis.<\/p>\n<p style=\"text-align: justify;\"><img loading=\"lazy\" decoding=\"async\" class=\"size-full wp-image-102349 aligncenter\" src=\"http:\/\/senoticias.com.br\/se\/wp-content\/uploads\/2017\/04\/Logo-fone-1-2-1-2-4-6.jpg\" alt=\"Logo-fone-1-2-1-2-4-6\" width=\"599\" height=\"78\" srcset=\"https:\/\/senoticias.com.br\/se\/wp-content\/uploads\/2017\/04\/Logo-fone-1-2-1-2-4-6.jpg 599w, https:\/\/senoticias.com.br\/se\/wp-content\/uploads\/2017\/04\/Logo-fone-1-2-1-2-4-6-300x39.jpg 300w\" sizes=\"(max-width: 599px) 100vw, 599px\" \/><\/p>\n<p style=\"text-align: justify;\"><strong>Acompanhe tamb\u00e9m o SE Not\u00edcias no<\/strong><span class=\"apple-converted-space\"><b>\u00a0<\/b><\/span><a href=\"https:\/\/twitter.com\/Senoticias\" target=\"_blank\"><b>Twitter<\/b><\/a><strong>,<\/strong><span class=\"apple-converted-space\"><b>\u00a0<\/b><\/span><a href=\"https:\/\/www.facebook.com\/senoticias1\" target=\"_blank\"><b>Facebook<\/b><span class=\"apple-converted-space\"><b>\u00a0<\/b><\/span><\/a><strong>e no<\/strong><span class=\"apple-converted-space\"><b>\u00a0<\/b><\/span><b><a href=\"https:\/\/www.instagram.com\/senoticias\/\" target=\"_blank\">Instagram<\/a><\/b><\/p>\n<p style=\"text-align: justify;\">Fonte: Ascom PM<\/p>\n","protected":false},"excerpt":{"rendered":"<p>A Pol\u00edcia Militar do Estado de Sergipe efetuou a pris\u00e3o de quatro indiv\u00edduos, sendo dois homens e duas mulheres, acusados de assalto \u00e0 m\u00e3o armada, num sal\u00e3o de beleza, na zona sul da capital. A a\u00e7\u00e3o policial aconteceu por meio do Batalh\u00e3o de Policiamento Tur\u00edstico (BPTur) na tarde dessa segunda-feira, 17, no bairro Grageru. Durante [&hellip;]<\/p>\n","protected":false},"author":2,"featured_media":0,"comment_status":"closed","ping_status":"closed","sticky":false,"template":"","format":"standard","meta":{"footnotes":""},"categories":[7],"tags":[339,2945,1303,857],"class_list":{"0":"post-102427","1":"post","2":"type-post","3":"status-publish","4":"format-standard","6":"category-policia","7":"tag-aracaju","8":"tag-assalto","9":"tag-policia","10":"tag-violencia"},"_links":{"self":[{"href":"https:\/\/senoticias.com.br\/se\/wp-json\/wp\/v2\/posts\/102427"}],"collection":[{"href":"https:\/\/senoticias.com.br\/se\/wp-json\/wp\/v2\/posts"}],"about":[{"href":"https:\/\/senoticias.com.br\/se\/wp-json\/wp\/v2\/types\/post"}],"author":[{"embeddable":true,"href":"https:\/\/senoticias.com.br\/se\/wp-json\/wp\/v2\/users\/2"}],"replies":[{"embeddable":true,"href":"https:\/\/senoticias.com.br\/se\/wp-json\/wp\/v2\/comments?post=102427"}],"version-history":[{"count":0,"href":"https:\/\/senoticias.com.br\/se\/wp-json\/wp\/v2\/posts\/102427\/revisions"}],"wp:attachment":[{"href":"https:\/\/senoticias.com.br\/se\/wp-json\/wp\/v2\/media?parent=102427"}],"wp:term":[{"taxonomy":"category","embeddable":true,"href":"https:\/\/senoticias.com.br\/se\/wp-json\/wp\/v2\/categories?post=102427"},{"taxonomy":"post_tag","embeddable":true,"href":"https:\/\/senoticias.com.br\/se\/wp-json\/wp\/v2\/tags?post=102427"}],"curies":[{"name":"wp","href":"https:\/\/api.w.org\/{rel}","templated":true}]}}