{"id":102424,"date":"2017-04-18T16:54:59","date_gmt":"2017-04-18T19:54:59","guid":{"rendered":"http:\/\/senoticias.com.br\/se\/?p=102424"},"modified":"2017-05-27T20:08:00","modified_gmt":"2017-05-27T23:08:00","slug":"policia-apreende-100-kg-de-carne-transportada-ilegalmente-no-interior-de-sergipe","status":"publish","type":"post","link":"https:\/\/senoticias.com.br\/se\/policia-apreende-100-kg-de-carne-transportada-ilegalmente-no-interior-de-sergipe\/","title":{"rendered":"Pol\u00edcia apreende 100 kg de carne transportada ilegalmente no interior de Sergipe"},"content":{"rendered":"<p style=\"text-align: justify;\" align=\"justify\"><span style=\"color: #000000;\"><span style=\"font-family: Arial, sans-serif;\">Agentes federais apreenderam na manh\u00e3 de ontem, 17, 100 kg de carne transportada ilegalmente. O flagrante ocorreu na Unidade Operacional da PRF, no Km 23 da BR 101, em Malhada dos Bois\/SE.<\/span><\/span><\/p>\n<div id=\"attachment_102425\" style=\"width: 609px\" class=\"wp-caption aligncenter\"><img loading=\"lazy\" decoding=\"async\" aria-describedby=\"caption-attachment-102425\" class=\"size-full wp-image-102425\" src=\"http:\/\/senoticias.com.br\/se\/wp-content\/uploads\/2017\/04\/PRF-SENOTICIAS-e1492536653457.jpg\" alt=\"PRF apreende 100 kg de carne transportada ilegalmente\" width=\"599\" height=\"337\" \/><p id=\"caption-attachment-102425\" class=\"wp-caption-text\">PRF apreendeu 100 kg de carne transportada ilegalmente em Malhada dos Bois (foto: PRF\/SE)<\/p><\/div>\n<p style=\"text-align: justify;\" align=\"justify\"><span style=\"color: #000000;\"><span style=\"font-family: Arial, sans-serif;\">Uma equipe PRF realizava o trabalho de fiscaliza\u00e7\u00e3o quando abordou o condutor de um ve\u00edculo VW\/Polo Sedan e solicitou a documenta\u00e7\u00e3o dele. Durante inspe\u00e7\u00e3o ao ve\u00edculo, os policiais encontraram 100 kg de carne bovina, transportada sem o Certificado de Inspe\u00e7\u00e3o Federal (Cif), al\u00e9m de n\u00e3o possuir refrigera\u00e7\u00e3o adequada. Os agentes federais tamb\u00e9m descobriram que o licenciamento do ve\u00edculo estava vencido.<\/span><\/span><\/p>\n<p style=\"text-align: justify;\" align=\"justify\"><span style=\"color: #000000;\"><span style=\"font-family: Arial, sans-serif;\">A mercadoria foi apreendida e entregue a um fiscal da Empresa de Desenvolvimento Agropecu\u00e1rio de Sergipe (Emdagro).<\/span><\/span><\/p>\n<p style=\"text-align: justify;\" align=\"justify\"><span style=\"color: #000000;\"><span style=\"font-family: Arial, sans-serif;\">O condutor, de 39 anos, foi enquadrado pelo transporte de produto de origem animal sem cif e o ve\u00edculo foi encaminhado ao p\u00e1tio da empresa conveniada \u00e0 PRF, onde ficar\u00e1 retido at\u00e9 regulariza\u00e7\u00e3o.<\/span><\/span><\/p>\n<p style=\"text-align: justify;\" align=\"justify\"><img loading=\"lazy\" decoding=\"async\" class=\"aligncenter size-full wp-image-102349\" src=\"http:\/\/senoticias.com.br\/se\/wp-content\/uploads\/2017\/04\/Logo-fone-1-2-1-2-4-6.jpg\" alt=\"Logo-fone-1-2-1-2-4-6\" width=\"599\" height=\"78\" srcset=\"https:\/\/senoticias.com.br\/se\/wp-content\/uploads\/2017\/04\/Logo-fone-1-2-1-2-4-6.jpg 599w, https:\/\/senoticias.com.br\/se\/wp-content\/uploads\/2017\/04\/Logo-fone-1-2-1-2-4-6-300x39.jpg 300w\" sizes=\"(max-width: 599px) 100vw, 599px\" \/><\/p>\n<p style=\"text-align: justify;\" align=\"justify\"><strong>Acompanhe tamb\u00e9m o SE Not\u00edcias no<\/strong><span class=\"apple-converted-space\"><b>\u00a0<\/b><\/span><a href=\"https:\/\/twitter.com\/Senoticias\" target=\"_blank\"><b>Twitter<\/b><\/a><strong>,<\/strong><span class=\"apple-converted-space\"><b>\u00a0<\/b><\/span><a href=\"https:\/\/www.facebook.com\/senoticias1\" target=\"_blank\"><b>Facebook<\/b><span class=\"apple-converted-space\"><b>\u00a0<\/b><\/span><\/a><strong>e no<\/strong><span class=\"apple-converted-space\"><b>\u00a0<\/b><\/span><a href=\"https:\/\/www.instagram.com\/senoticias\/\" target=\"_blank\"><b>Instagram<\/b><\/a><\/p>\n<p style=\"text-align: justify;\" align=\"justify\">Ascom\/PRF\/E<\/p>\n","protected":false},"excerpt":{"rendered":"<p>Agentes federais apreenderam na manh\u00e3 de ontem, 17, 100 kg de carne transportada ilegalmente. O flagrante ocorreu na Unidade Operacional da PRF, no Km 23 da BR 101, em Malhada dos Bois\/SE. Uma equipe PRF realizava o trabalho de fiscaliza\u00e7\u00e3o quando abordou o condutor de um ve\u00edculo VW\/Polo Sedan e solicitou a documenta\u00e7\u00e3o dele. Durante [&hellip;]<\/p>\n","protected":false},"author":2,"featured_media":102425,"comment_status":"closed","ping_status":"closed","sticky":false,"template":"","format":"standard","meta":{"footnotes":""},"categories":[7],"tags":[2942,2944,1303,2943],"class_list":{"0":"post-102424","1":"post","2":"type-post","3":"status-publish","4":"format-standard","5":"has-post-thumbnail","7":"category-policia","8":"tag-100-kg-de-carne","9":"tag-ilegalmente","10":"tag-policia","11":"tag-transportada"},"_links":{"self":[{"href":"https:\/\/senoticias.com.br\/se\/wp-json\/wp\/v2\/posts\/102424"}],"collection":[{"href":"https:\/\/senoticias.com.br\/se\/wp-json\/wp\/v2\/posts"}],"about":[{"href":"https:\/\/senoticias.com.br\/se\/wp-json\/wp\/v2\/types\/post"}],"author":[{"embeddable":true,"href":"https:\/\/senoticias.com.br\/se\/wp-json\/wp\/v2\/users\/2"}],"replies":[{"embeddable":true,"href":"https:\/\/senoticias.com.br\/se\/wp-json\/wp\/v2\/comments?post=102424"}],"version-history":[{"count":0,"href":"https:\/\/senoticias.com.br\/se\/wp-json\/wp\/v2\/posts\/102424\/revisions"}],"wp:featuredmedia":[{"embeddable":true,"href":"https:\/\/senoticias.com.br\/se\/wp-json\/wp\/v2\/media\/102425"}],"wp:attachment":[{"href":"https:\/\/senoticias.com.br\/se\/wp-json\/wp\/v2\/media?parent=102424"}],"wp:term":[{"taxonomy":"category","embeddable":true,"href":"https:\/\/senoticias.com.br\/se\/wp-json\/wp\/v2\/categories?post=102424"},{"taxonomy":"post_tag","embeddable":true,"href":"https:\/\/senoticias.com.br\/se\/wp-json\/wp\/v2\/tags?post=102424"}],"curies":[{"name":"wp","href":"https:\/\/api.w.org\/{rel}","templated":true}]}}