{"id":102418,"date":"2017-04-18T12:51:18","date_gmt":"2017-04-18T15:51:18","guid":{"rendered":"http:\/\/senoticias.com.br\/se\/?p=102418"},"modified":"2017-04-19T07:32:40","modified_gmt":"2017-04-19T10:32:40","slug":"secretario-da-fazenda-descarta-possibilidade-de-reajuste-salarial-para-servidores","status":"publish","type":"post","link":"https:\/\/senoticias.com.br\/se\/secretario-da-fazenda-descarta-possibilidade-de-reajuste-salarial-para-servidores\/","title":{"rendered":"Secret\u00e1rio da Fazenda descarta possibilidade de reajuste salarial para servidores"},"content":{"rendered":"<p style=\"text-align: justify;\">O secret\u00e1rio de Estado da Fazenda, Josu\u00e9 dos Passos Subrinho, compareceu \u00e0 Assembleia Legislativa de Sergipe, na manh\u00e3 desta ter\u00e7a-feira, 18 para prestar contas aos deputados. Antes da sabatina ele falou durante entrevista para a TV Alese e Ag\u00eancia de Not\u00edcias Alese, sobre os resultados do \u00faltimo quadrimestre de 2016. Na oportunidade, ele garantiu n\u00e3o haver qualquer possibilidade de reajustes para os servidores, por conta das restri\u00e7\u00f5es or\u00e7ament\u00e1rias.<\/p>\n<div id=\"attachment_102419\" style=\"width: 609px\" class=\"wp-caption aligncenter\"><img loading=\"lazy\" decoding=\"async\" aria-describedby=\"caption-attachment-102419\" class=\"size-full wp-image-102419\" src=\"http:\/\/senoticias.com.br\/se\/wp-content\/uploads\/2017\/04\/Secretario-da-fazenda-SENOTICIAS-e1492530501690.jpg\" alt=\"descarta possibilidade de reajuste salarial para servidores\" width=\"599\" height=\"397\" \/><p id=\"caption-attachment-102419\" class=\"wp-caption-text\">Secret\u00e1rio descarta possibilidade de reajuste salarial para servidores (foto: Jadilson Sim\u00f5es)<\/p><\/div>\n<p style=\"text-align: justify;\">\u201cViemos debater com os deputados a situa\u00e7\u00e3o or\u00e7ament\u00e1ria-financeira de Sergipe. O Estado est\u00e1 cumprindo a Lei de Responsabilidade Fiscal com imenso sacrif\u00edcio, o que \u00e9 uma situa\u00e7\u00e3o muito comum na maioria dos estados brasileiros, que de maneira geral passaram por um problema estrutural de eros\u00e3o das receitas pr\u00f3prias e das receitas do Fundo de Participa\u00e7\u00e3o, que equivale a 49% da receita e esse fundo foi erodido com as isen\u00e7\u00f5es dos tributos que o Governo Federal concedeu tentando combater a crise. Isen\u00e7\u00f5es de IPI , de Imposto de Renda e o Governo Federal compensou a sua arrecada\u00e7\u00e3o com o aumento das chamadas contribui\u00e7\u00f5es sociais\u201d, ressalta.<\/p>\n<p>O secret\u00e1rio destacou que do lado das despesas, t\u00eam o crescimento necess\u00e1rio da Previd\u00eancia.<\/p>\n<p style=\"text-align: justify;\">\u201cMesmo que o Estado n\u00e3o tenha grande crescimento na folha de pagamento dos ativos, tem os pensionistas e os inativos e o que sofre \u00e9 o nosso custeio e o investimento feito pelo Estado. Claro, tamb\u00e9m sofrem os servidores porque o Estado fica impossibilitado de conceder reajustes, dadas \u00e0s restri\u00e7\u00f5es or\u00e7ament\u00e1rias que temos. N\u00f3s n\u00e3o temos capacidade de reajustes, infelizmente e isso \u00e9 compreensivo nesse quadro de recess\u00e3o, de contra\u00e7\u00e3o das receitas. Os n\u00fameros falam por si, todos gostar\u00edamos que a realidade fosse mudada, mas ela n\u00e3o se concretiza t\u00e3o rapidamente, h\u00e1 sinais t\u00eanues de recupera\u00e7\u00e3o da economia, quando isso acontecer, a receita cresce tamb\u00e9m de forma mais consistente e \u00e9 o momento de rediscutir os padr\u00f5es de gastos do Governo de uma maneira geral\u201d, explica.<\/p>\n<p><strong>Sabatina<\/strong><\/p>\n<p style=\"text-align: justify;\">O presidente da Assembleia Legislativa de Sergipe, deputado Luciano Bispo (PMDB), destacou na oportunidade as dificuldades enfrentadas pelo secret\u00e1rio da Fazenda.<\/p>\n<p style=\"text-align: justify;\">\u201cPrimeiro quero parabenizar o secret\u00e1rio Josu\u00e9 dos Passos Subrinho por essa nova miss\u00e3o na vida dele. J\u00e1 foi reitor da Universidade Federal de Sergipe, esteve como reitor em outro Estado recentemente. \u00c9 um grande economista, mas vir para a miss\u00e3o de secret\u00e1rio da Fazenda \u00e9 dif\u00edcil, n\u00e3o s\u00f3 em Sergipe, mas no pa\u00eds todo, que est\u00e1 passando por uma fase dif\u00edcil aonde as arrecada\u00e7\u00f5es caem assustadoramente e as pessoas muito inconformadas com seus sal\u00e1rios; todo mundo querendo ganhar mais e os estados em ter o que fazer porque passaram a arrecadar menos. Deram muitos direitos e muito pouco deveres e quem tiver na fun\u00e7\u00e3o de secret\u00e1rio da Fazenda de qualquer Estado, fique certo de que n\u00e3o \u00e9 matar um le\u00e3o por dia, mas \u00e0 cada minuto\u201d, afirma.<\/p>\n<p style=\"text-align: justify;\">Luciano Bispo acrescentou que o secret\u00e1rio da Fazenda veio \u00e0 Alese pela primeira vez para manter o dever constitucional de prestar contas. \u201cSer\u00e1 muito bem recebido, ser\u00e1 sabatinado, mas ser\u00e1 uma sabatina muito tranquila porque Josu\u00e9 dos Passos \u00e9 um grande profissional, um grande economista e ele vai ensinar os deputados como fazer economia\u201d, enfatiza.<\/p>\n<p style=\"text-align: justify;\"><img loading=\"lazy\" decoding=\"async\" class=\"aligncenter size-full wp-image-102349\" src=\"http:\/\/senoticias.com.br\/se\/wp-content\/uploads\/2017\/04\/Logo-fone-1-2-1-2-4-6.jpg\" alt=\"Logo-fone-1-2-1-2-4-6\" width=\"599\" height=\"78\" srcset=\"https:\/\/senoticias.com.br\/se\/wp-content\/uploads\/2017\/04\/Logo-fone-1-2-1-2-4-6.jpg 599w, https:\/\/senoticias.com.br\/se\/wp-content\/uploads\/2017\/04\/Logo-fone-1-2-1-2-4-6-300x39.jpg 300w\" sizes=\"(max-width: 599px) 100vw, 599px\" \/><\/p>\n<p style=\"text-align: justify;\"><strong>Acompanhe tamb\u00e9m o SE Not\u00edcias no<\/strong><span class=\"apple-converted-space\"><b>\u00a0<\/b><\/span><a href=\"https:\/\/twitter.com\/Senoticias\" target=\"_blank\"><b>Twitter<\/b><\/a><strong>,<\/strong><span class=\"apple-converted-space\"><b>\u00a0<\/b><\/span><a href=\"https:\/\/www.facebook.com\/senoticias1\" target=\"_blank\"><b>Facebook<\/b><span class=\"apple-converted-space\"><b>\u00a0<\/b><\/span><\/a><strong>e no<\/strong><span class=\"apple-converted-space\"><b>\u00a0<\/b><\/span><b><a href=\"https:\/\/www.instagram.com\/senoticias\/\" target=\"_blank\">Instagram<\/a><\/b><\/p>\n<p style=\"text-align: justify;\"><em>Por Ag\u00eancia de Not\u00edcias Alese<\/em><\/p>\n","protected":false},"excerpt":{"rendered":"<p>O secret\u00e1rio de Estado da Fazenda, Josu\u00e9 dos Passos Subrinho, compareceu \u00e0 Assembleia Legislativa de Sergipe, na manh\u00e3 desta ter\u00e7a-feira, 18 para prestar contas aos deputados. Antes da sabatina ele falou durante entrevista para a TV Alese e Ag\u00eancia de Not\u00edcias Alese, sobre os resultados do \u00faltimo quadrimestre de 2016. Na oportunidade, ele garantiu n\u00e3o [&hellip;]<\/p>\n","protected":false},"author":2,"featured_media":102419,"comment_status":"closed","ping_status":"closed","sticky":false,"template":"","format":"standard","meta":{"footnotes":""},"categories":[15,6],"tags":[2934,2937,2935,2933,2936],"class_list":{"0":"post-102418","1":"post","2":"type-post","3":"status-publish","4":"format-standard","5":"has-post-thumbnail","7":"category-destaques","8":"category-politica","9":"tag-aumento-de-salario","10":"tag-descarta","11":"tag-reajuste-salarial","12":"tag-secretario-da-fazenda","13":"tag-servidores"},"_links":{"self":[{"href":"https:\/\/senoticias.com.br\/se\/wp-json\/wp\/v2\/posts\/102418"}],"collection":[{"href":"https:\/\/senoticias.com.br\/se\/wp-json\/wp\/v2\/posts"}],"about":[{"href":"https:\/\/senoticias.com.br\/se\/wp-json\/wp\/v2\/types\/post"}],"author":[{"embeddable":true,"href":"https:\/\/senoticias.com.br\/se\/wp-json\/wp\/v2\/users\/2"}],"replies":[{"embeddable":true,"href":"https:\/\/senoticias.com.br\/se\/wp-json\/wp\/v2\/comments?post=102418"}],"version-history":[{"count":0,"href":"https:\/\/senoticias.com.br\/se\/wp-json\/wp\/v2\/posts\/102418\/revisions"}],"wp:featuredmedia":[{"embeddable":true,"href":"https:\/\/senoticias.com.br\/se\/wp-json\/wp\/v2\/media\/102419"}],"wp:attachment":[{"href":"https:\/\/senoticias.com.br\/se\/wp-json\/wp\/v2\/media?parent=102418"}],"wp:term":[{"taxonomy":"category","embeddable":true,"href":"https:\/\/senoticias.com.br\/se\/wp-json\/wp\/v2\/categories?post=102418"},{"taxonomy":"post_tag","embeddable":true,"href":"https:\/\/senoticias.com.br\/se\/wp-json\/wp\/v2\/tags?post=102418"}],"curies":[{"name":"wp","href":"https:\/\/api.w.org\/{rel}","templated":true}]}}