{"id":102408,"date":"2017-04-18T08:17:17","date_gmt":"2017-04-18T11:17:17","guid":{"rendered":"http:\/\/senoticias.com.br\/se\/?p=102408"},"modified":"2017-04-18T09:41:09","modified_gmt":"2017-04-18T12:41:09","slug":"livros-infantis-ganham-espaco-no-mercado-brasileiro","status":"publish","type":"post","link":"https:\/\/senoticias.com.br\/se\/livros-infantis-ganham-espaco-no-mercado-brasileiro\/","title":{"rendered":"Livros infantis ganham espa\u00e7o no mercado brasileiro"},"content":{"rendered":"<div id=\"attachment_102409\" style=\"width: 590px\" class=\"wp-caption aligncenter\"><img loading=\"lazy\" decoding=\"async\" aria-describedby=\"caption-attachment-102409\" class=\"size-full wp-image-102409\" src=\"http:\/\/senoticias.com.br\/se\/wp-content\/uploads\/2017\/04\/livros_infantis.jpg\" alt=\"Os livros infantis t\u00eam papel fundamental na forma\u00e7\u00e3o das crian\u00e7as e ajudam inclusive no processo de alfabetiza\u00e7\u00e3o -Elza Fi\u00faza\/Arquivo Ag\u00eancia Brasil\" width=\"580\" height=\"388\" srcset=\"https:\/\/senoticias.com.br\/se\/wp-content\/uploads\/2017\/04\/livros_infantis.jpg 580w, https:\/\/senoticias.com.br\/se\/wp-content\/uploads\/2017\/04\/livros_infantis-300x201.jpg 300w, https:\/\/senoticias.com.br\/se\/wp-content\/uploads\/2017\/04\/livros_infantis-90x60.jpg 90w, https:\/\/senoticias.com.br\/se\/wp-content\/uploads\/2017\/04\/livros_infantis-180x120.jpg 180w, https:\/\/senoticias.com.br\/se\/wp-content\/uploads\/2017\/04\/livros_infantis-95x64.jpg 95w\" sizes=\"(max-width: 580px) 100vw, 580px\" \/><p id=\"caption-attachment-102409\" class=\"wp-caption-text\">Os livros infantis t\u00eam papel fundamental na forma\u00e7\u00e3o das crian\u00e7as e ajudam inclusive no processo de alfabetiza\u00e7\u00e3o -Elza Fi\u00faza\/Arquivo Ag\u00eancia Brasil<\/p><\/div>\n<p style=\"text-align: justify;\">Dados do Sindicato Nacional dos Editores de Livros (Snel) mostram que o crescimento de vendas do g\u00eanero infantil em 2016, em rela\u00e7\u00e3o a 2015, foi de 28%. Nesse mesmo per\u00edodo, o mercado geral de livros caiu 9,7%. Os dados tratam dos livros vendidos no varejo, em livrarias, e foram levantados a pedido da <strong>Ag\u00eancia Brasil<\/strong>. Hoje, 18, \u00e9 comemorado o Dia Nacional do Livro Infantil, data escolhida em homenagem ao escritor brasileiro Monteiro Lobato, que nasceu neste dia, em 1882.<\/p>\n<p style=\"text-align: justify;\">A empres\u00e1ria Fl\u00e1via Oliveira, 31 anos, \u00e9 uma das compradoras. Ela apresentou os livros \u00e0 filha, Bruna, de 3 anos, desde cedo, antes mesmo de completar 1 ano. Eram livros de p\u00e1ginas mais duras e com imagens que faziam parte do cotidiano. \u201cComo ela ia muito ao zool\u00f3gico, compr\u00e1vamos livros com ilustra\u00e7\u00f5es de animais, nos quais ela identificava coisas que faziam parte do universo dela&#8221;.<\/p>\n<p style=\"text-align: justify;\">Segundo Fl\u00e1via, ap\u00f3s ouvir v\u00e1rias vezes a mesma hist\u00f3ria, Bruna se senta com as bonecas em c\u00edrculo e conta para elas o que ouviu e o que criou a partir do livro. \u201cEu acho que se a gente quiser que ela tenha esse interesse por livros quando for maior, tem que criar h\u00e1bito desde crian\u00e7a, para que seja algo prazeroso. Eu n\u00e3o tive isso. Quando entrei na escola, achava os livros muito ma\u00e7antes. Eu queria que a leitura trouxesse algo prazeroso para ela\u201d, diz.<\/p>\n<p style=\"text-align: justify;\">Embora as vendas tenham aumentado, as obras infantis ainda representam fatia pequena do mercado nacional de livros, 2,8% em 2016 &#8211; um aumento em rela\u00e7\u00e3o aos 2% registrados em 2015.<\/p>\n<p style=\"text-align: justify;\">&#8220;\u00c9 muito importante saber que esses livros tiveram um crescimento, pequeno, mas significativo&#8221;, diz a secret\u00e1ria-geral da Funda\u00e7\u00e3o Nacional do Livro Infantil e Juvenil, Elizabeth D&#8217;Angelo Serra. Para ela, os dados, que mostram os livros comprados em livraria, n\u00e3o refletem no entanto todo o acesso das crian\u00e7as, que ocorre pela escola. As compras das escolas p\u00fablicas, como n\u00e3o ocorrem no varejo, n\u00e3o entram no c\u00e1lculo.<\/p>\n<p style=\"text-align: justify;\">&#8220;Se pensarmos na maioria das crian\u00e7as do pa\u00eds, sem d\u00favida o acesso a livros infantis se d\u00e1 na escola. Muitas nunca tiveram isso nas pr\u00f3prias fam\u00edlias, t\u00eam pais e m\u00e3es analfabetos e semianalfabetos&#8221;.<\/p>\n<p style=\"text-align: justify;\"><strong>Livros na escola<\/strong><\/p>\n<p style=\"text-align: justify;\">Nos lugares onde se tem acesso \u00e0 literatura, os efeitos s\u00e3o positivos. Para M\u00e1rcia Helena Gomes de Sousa Dias, professora do Centro de Educa\u00e7\u00e3o Infantil (CEI) do N\u00facleo Bandeirante, regi\u00e3o administrativa do Distrito Federal, os livros infantis t\u00eam papel fundamental na forma\u00e7\u00e3o das crian\u00e7as e ajudam inclusive no processo de alfabetiza\u00e7\u00e3o. A escola, al\u00e9m de ter momentos de leitura dos professores para os estudantes, incentiva as crian\u00e7as e pegarem os livros, a inventarem hist\u00f3rias a partir das imagens. A inten\u00e7\u00e3o \u00e9 que os livros estejam inseridos em todas as atividades, que se forem brincar, por exemplo, possam us\u00e1-los. E aprendam tamb\u00e9m a cuidar, a colocar no lugar depois de usar.<\/p>\n<p style=\"text-align: justify;\">Os livros, de acordo com M\u00e1rcia, servem para que as crian\u00e7as se familiarizem com as letras: &#8220;As crian\u00e7as t\u00eam primeiro o trabalho visual. Come\u00e7am a perceber nos livros de hist\u00f3ria que algumas letras fazem parte do nome dela, dos pais ou de colegas. \u00c9 uma pr\u00e9-alfabetiza\u00e7\u00e3o. Fazem sempre essa conex\u00e3o, de figuras com letras e depois de letras som, quando lemos para elas&#8221;.<\/p>\n<p style=\"text-align: justify;\">Al\u00e9m de trabalhar a literatura na pr\u00f3pria sala de aula, as escolas podem servir de incentivo para que a leitura chegue \u00e0 casa dos estudantes.<\/p>\n<p style=\"text-align: justify;\">Um estudo da Universidade de Nova York, em colabora\u00e7\u00e3o com o IDados e o Instituto Alfa e Beto, divulgado no ano passado, mostrou um aumento de 14% no vocabul\u00e1rio e de 27% na mem\u00f3ria de trabalho de crian\u00e7as cujos pais leem para elas pelo menos dois livros por semana.<\/p>\n<p style=\"text-align: justify;\">O estudo revelou ainda que a leitura frequente para as crian\u00e7as leva \u00e0 maior estimula\u00e7\u00e3o fonol\u00f3gica, o que \u00e9 importante para a alfabetiza\u00e7\u00e3o, \u00e0 maior estimula\u00e7\u00e3o cognitiva e a um aumento de 25% de crian\u00e7as sem problemas de comportamento.<\/p>\n<p style=\"text-align: justify;\">O estudo foi feito com base na experi\u00eancia de Boa Vista (Acre), com o programa Fam\u00edlia que Acolhe, voltado para a primeira inf\u00e2ncia, que acompanha as crian\u00e7as desde a gravidez at\u00e9 os 6 anos de idade.<\/p>\n<p style=\"text-align: justify;\">A leitura \u00e9 um dos carro-chefe do programa, segundo a gestora das Casas M\u00e3es no munic\u00edpio &#8211; esp\u00e9cie de escolas de educa\u00e7\u00e3o infantil de tempo integral &#8211; do N\u00facleo Senador Helio Campos, Maria de Lourdes Vieira dos Santos. Cada crian\u00e7a escolhe, na escola, dois livros para levar para casa e ficar com eles pelos pr\u00f3ximos 15 dias. Nesse per\u00edodo, devem elas mesmas manuse\u00e1-los e pedir que pais ou respons\u00e1veis leiam para elas. \u201cA leitura \u00e9 importante porque, al\u00e9m de aproximar os pais da crian\u00e7a, que t\u00eam esse tempo proveitoso junto ao filho, ajuda a crian\u00e7a a desenvolver a oralidade, a mudar o repert\u00f3rio de palavras. Trabalha tamb\u00e9m o imagin\u00e1rio e a fantasia por meio das hist\u00f3rias que s\u00e3o contadas\u201d, diz.<\/p>\n<p style=\"text-align: justify;\"><img loading=\"lazy\" decoding=\"async\" class=\"aligncenter size-full wp-image-102349\" src=\"http:\/\/senoticias.com.br\/se\/wp-content\/uploads\/2017\/04\/Logo-fone-1-2-1-2-4-6.jpg\" alt=\"Logo-fone-1-2-1-2-4-6\" width=\"599\" height=\"78\" srcset=\"https:\/\/senoticias.com.br\/se\/wp-content\/uploads\/2017\/04\/Logo-fone-1-2-1-2-4-6.jpg 599w, https:\/\/senoticias.com.br\/se\/wp-content\/uploads\/2017\/04\/Logo-fone-1-2-1-2-4-6-300x39.jpg 300w\" sizes=\"(max-width: 599px) 100vw, 599px\" \/><\/p>\n<p style=\"text-align: justify;\"><strong>Acompanhe tamb\u00e9m o SE Not\u00edcias no<\/strong><span class=\"apple-converted-space\"><b>\u00a0<\/b><\/span><a href=\"https:\/\/twitter.com\/Senoticias\" target=\"_blank\"><b>Twitter<\/b><\/a><strong>,<\/strong><span class=\"apple-converted-space\"><b>\u00a0<\/b><\/span><a href=\"https:\/\/www.facebook.com\/senoticias1\" target=\"_blank\"><b>Facebook<\/b><span class=\"apple-converted-space\"><b>\u00a0<\/b><\/span><\/a><strong>e no<\/strong><span class=\"apple-converted-space\"><b>\u00a0<\/b><\/span><b><a href=\"https:\/\/www.instagram.com\/senoticias\/\" target=\"_blank\">Instagram<\/a><\/b><\/p>\n<p style=\"text-align: justify;\"><em>Fonte: Ag\u00eancia Brasil<\/em><\/p>\n","protected":false},"excerpt":{"rendered":"<p>Dados do Sindicato Nacional dos Editores de Livros (Snel) mostram que o crescimento de vendas do g\u00eanero infantil em 2016, em rela\u00e7\u00e3o a 2015, foi de 28%. Nesse mesmo per\u00edodo, o mercado geral de livros caiu 9,7%. Os dados tratam dos livros vendidos no varejo, em livrarias, e foram levantados a pedido da Ag\u00eancia Brasil. [&hellip;]<\/p>\n","protected":false},"author":2,"featured_media":0,"comment_status":"closed","ping_status":"closed","sticky":false,"template":"","format":"standard","meta":{"footnotes":""},"categories":[6,8],"tags":[2925,2920,2926,2927,1306,2922,2923,2921],"class_list":{"0":"post-102408","1":"post","2":"type-post","3":"status-publish","4":"format-standard","6":"category-politica","7":"category-esporte-e-cultura","8":"tag-18-de-abril","9":"tag-crianca","10":"tag-dia-do-livro","11":"tag-dia-nacional-do-livro-infantil","12":"tag-educacao","13":"tag-incentivo","14":"tag-livrarias","15":"tag-livro"},"_links":{"self":[{"href":"https:\/\/senoticias.com.br\/se\/wp-json\/wp\/v2\/posts\/102408"}],"collection":[{"href":"https:\/\/senoticias.com.br\/se\/wp-json\/wp\/v2\/posts"}],"about":[{"href":"https:\/\/senoticias.com.br\/se\/wp-json\/wp\/v2\/types\/post"}],"author":[{"embeddable":true,"href":"https:\/\/senoticias.com.br\/se\/wp-json\/wp\/v2\/users\/2"}],"replies":[{"embeddable":true,"href":"https:\/\/senoticias.com.br\/se\/wp-json\/wp\/v2\/comments?post=102408"}],"version-history":[{"count":0,"href":"https:\/\/senoticias.com.br\/se\/wp-json\/wp\/v2\/posts\/102408\/revisions"}],"wp:attachment":[{"href":"https:\/\/senoticias.com.br\/se\/wp-json\/wp\/v2\/media?parent=102408"}],"wp:term":[{"taxonomy":"category","embeddable":true,"href":"https:\/\/senoticias.com.br\/se\/wp-json\/wp\/v2\/categories?post=102408"},{"taxonomy":"post_tag","embeddable":true,"href":"https:\/\/senoticias.com.br\/se\/wp-json\/wp\/v2\/tags?post=102408"}],"curies":[{"name":"wp","href":"https:\/\/api.w.org\/{rel}","templated":true}]}}