{"id":102382,"date":"2017-04-17T15:22:12","date_gmt":"2017-04-17T18:22:12","guid":{"rendered":"http:\/\/senoticias.com.br\/se\/?p=102382"},"modified":"2017-04-17T15:34:49","modified_gmt":"2017-04-17T18:34:49","slug":"governo-do-estado-anuncia-reforma-do-aeroporto-santa-maria-no-valor-de-r57-milhoes","status":"publish","type":"post","link":"https:\/\/senoticias.com.br\/se\/governo-do-estado-anuncia-reforma-do-aeroporto-santa-maria-no-valor-de-r57-milhoes\/","title":{"rendered":"Governo do Estado anuncia reforma do Aeroporto Santa Maria no valor de R$57 milh\u00f5es"},"content":{"rendered":"<div id=\"attachment_102384\" style=\"width: 5026px\" class=\"wp-caption aligncenter\"><img loading=\"lazy\" decoding=\"async\" aria-describedby=\"caption-attachment-102384\" class=\"size-full wp-image-102384\" src=\"http:\/\/senoticias.com.br\/se\/wp-content\/uploads\/2017\/04\/0c038c026377dd72fa0be6699e972cb6.jpg\" alt=\"Projeto da \u00e1rea externa do aeroporto de Aracaju\" width=\"5016\" height=\"3344\" srcset=\"https:\/\/senoticias.com.br\/se\/wp-content\/uploads\/2017\/04\/0c038c026377dd72fa0be6699e972cb6.jpg 5016w, https:\/\/senoticias.com.br\/se\/wp-content\/uploads\/2017\/04\/0c038c026377dd72fa0be6699e972cb6-300x200.jpg 300w, https:\/\/senoticias.com.br\/se\/wp-content\/uploads\/2017\/04\/0c038c026377dd72fa0be6699e972cb6-768x512.jpg 768w, https:\/\/senoticias.com.br\/se\/wp-content\/uploads\/2017\/04\/0c038c026377dd72fa0be6699e972cb6-1024x683.jpg 1024w, https:\/\/senoticias.com.br\/se\/wp-content\/uploads\/2017\/04\/0c038c026377dd72fa0be6699e972cb6-90x60.jpg 90w, https:\/\/senoticias.com.br\/se\/wp-content\/uploads\/2017\/04\/0c038c026377dd72fa0be6699e972cb6-180x120.jpg 180w, https:\/\/senoticias.com.br\/se\/wp-content\/uploads\/2017\/04\/0c038c026377dd72fa0be6699e972cb6-95x64.jpg 95w\" sizes=\"(max-width: 5016px) 100vw, 5016px\" \/><p id=\"caption-attachment-102384\" class=\"wp-caption-text\">Projeto da \u00e1rea externa do aeroporto de Aracaju<\/p><\/div>\n<p style=\"text-align: justify;\">Sergipanos e turistas ganhar\u00e3o em breve um aeroporto mais moderno, com servi\u00e7os ampliados, fingers para embarque e desembarque, que ir\u00e3o garantir mais conforto e acessibilidade para os passageiros em Sergipe. A reforma para moderniza\u00e7\u00e3o do espa\u00e7o est\u00e1 prevista para ser iniciada em agosto deste ano e foi uma conquista do governador Jackson Barreto, do l\u00edder do governo no Congresso Nacional, Andr\u00e9 Moura e deputados federais por Sergipe.<\/p>\n<p style=\"text-align: justify;\">Na \u00faltima ter\u00e7a-feira, 11, aconteceu em Bras\u00edlia a reuni\u00e3o que viabilizou junto ao Minist\u00e9rio dos Transportes, Portos e Avia\u00e7\u00e3o Civil, as obras do terminal de passageiros do aeroporto Santa Maria. A previs\u00e3o de entrega \u00e9 de aproximadamente 12 meses ap\u00f3s o in\u00edcio das obras.<\/p>\n<p style=\"text-align: justify;\">Com or\u00e7amento de R$ 57 milh\u00f5es, j\u00e1 garantidos junto \u00e0 Infraero, o terminal ser\u00e1 climatizado, ter\u00e1 fingers (acessos cobertos \u00e0s aeronaves e com acessibilidade), al\u00e9m de lojas e pra\u00e7a de alimenta\u00e7\u00e3o. \u201cO valor para execu\u00e7\u00e3o da obra de reforma j\u00e1 est\u00e1 assegurado na Infraero. Ser\u00e1 um terminal moderno que iremos entregar no pr\u00f3ximo ano. O aeroporto \u00e9 uma obra importante, que fortalecer\u00e1 nosso turismo e economia. Faremos um espa\u00e7o moderno, climatizado, os passageiros n\u00e3o ir\u00e3o mais embarcar embaixo de sol ou de chuva. Nosso projeto inicial era de construir um terminal em frente \u00e0 pra\u00e7a do residencial Santa Tereza, mas diante das dificuldades e do valor da obra, mais de R$ 400 milh\u00f5es, teremos um novo terminal que atender\u00e1 nossas necessidades at\u00e9 2038. Os recursos j\u00e1 est\u00e3o garantidos por meio de emenda de bancada e por meio do suporte que garantimos com Romero Juc\u00e1, l\u00edder do governo no Senado. Prevaleceu o bom senso. \u00c9 melhor modernizar o que temos do que iniciar uma obra que n\u00e3o teremos certeza que ser\u00e1 conclu\u00edda\u201d, declarou o governador durante a reuni\u00e3o em Bras\u00edlia.<\/p>\n<div id=\"attachment_102383\" style=\"width: 4872px\" class=\"wp-caption aligncenter\"><img loading=\"lazy\" decoding=\"async\" aria-describedby=\"caption-attachment-102383\" class=\"size-full wp-image-102383\" src=\"http:\/\/senoticias.com.br\/se\/wp-content\/uploads\/2017\/04\/9487231a3882371658ea3ccfaecf4aff.jpg\" alt=\"Projeto de moderniza\u00e7\u00e3o do aeroporto de Aracaju. Foto: ASN\" width=\"4862\" height=\"2814\" srcset=\"https:\/\/senoticias.com.br\/se\/wp-content\/uploads\/2017\/04\/9487231a3882371658ea3ccfaecf4aff.jpg 4862w, https:\/\/senoticias.com.br\/se\/wp-content\/uploads\/2017\/04\/9487231a3882371658ea3ccfaecf4aff-300x174.jpg 300w, https:\/\/senoticias.com.br\/se\/wp-content\/uploads\/2017\/04\/9487231a3882371658ea3ccfaecf4aff-768x444.jpg 768w, https:\/\/senoticias.com.br\/se\/wp-content\/uploads\/2017\/04\/9487231a3882371658ea3ccfaecf4aff-1024x593.jpg 1024w\" sizes=\"(max-width: 4862px) 100vw, 4862px\" \/><p id=\"caption-attachment-102383\" class=\"wp-caption-text\">Projeto de moderniza\u00e7\u00e3o do aeroporto de Aracaju. Foto: ASN<\/p><\/div>\n<p style=\"text-align: justify;\">O secret\u00e1rio de Estado da Infraestrutura, Valmor Barbosa, informou que a reuni\u00e3o na capital federal assegurou a continuidade de um projeto maior, no qual o Estado j\u00e1 investiu mais de R$ 50 milh\u00f5es. \u201cEstamos na expectativa dessas obras desde 2009. Sabemos da dificuldade de recursos. O Estado j\u00e1 gastou mais de R$ 50 milh\u00f5es no aeroporto, com o desmonte da Pi\u00e7arreira e o entorno vi\u00e1rio\u201d, exp\u00f4s Valmor.<\/p>\n<p style=\"text-align: justify;\">O engenheiro da Secretaria de Estado da Infraestrutura (Seinfra), Carlos Henrique de Morais, explica que as obras contemplam a reforma do pavimento t\u00e9rreo, revitaliza\u00e7\u00e3o das fachadas, adequa\u00e7\u00e3o do pavimento superior para implanta\u00e7\u00e3o das salas de embarque, amplia\u00e7\u00e3o da \u00e1rea comercial, reforma dos sanit\u00e1rios, pra\u00e7a de alimenta\u00e7\u00e3o, implanta\u00e7\u00e3o de novas escadas rolantes, constru\u00e7\u00e3o de pontes de embarque (fingers), ligando as salas de embarque \u00e0s aeronaves, climatiza\u00e7\u00e3o total do Terminal de Passageiros (TPS), cobertura para estacionamento de ve\u00edculos, valoriza\u00e7\u00e3o de ilumina\u00e7\u00e3o natural, reuso de \u00e1gua, aproveitamento de \u00e1gua da chuva e promo\u00e7\u00e3o de acessibilidade para que pessoas com defici\u00eancia possam se locomover com mais facilidade.<\/p>\n<p style=\"text-align: justify;\">\u201cA Infraero est\u00e1 elaborando o projeto de moderniza\u00e7\u00e3o, que atualmente est\u00e1 em fase final de revis\u00e3o, vai licitar e contratar a obra. A previs\u00e3o \u00e9 que a licita\u00e7\u00e3o ocorra em junho e que as obras iniciem em agosto. Estima-se a gera\u00e7\u00e3o de 500 empregos diretos e 1.500 indiretos com a obra\u201d, disse Carlos Henrique.<\/p>\n<p style=\"text-align: justify;\">Para o secret\u00e1rio de Estado do Turismo, F\u00e1bio Henrique, a moderniza\u00e7\u00e3o do aeroporto Santa Maria impactar\u00e1 diretamente na atra\u00e7\u00e3o de novos turistas para Sergipe e na satisfa\u00e7\u00e3o daqueles que chegam ao estado. \u201cA interven\u00e7\u00e3o proporcionar\u00e1 que o aeroporto tenha capacidade de operar satisfatoriamente durante 30 anos. O terminal ser\u00e1 reformado, ser\u00e1 todo climatizado, modernizado e vai ganhar quatro pontes de finger, que s\u00e3o o acesso \u00e0s aeronaves, para facilitar o deslocamento dos passageiros. Do ponto de vista do turismo \u00e9 uma obra extremamente importante. Em julho, teremos um voo internacional previsto, Aracaju- Buenos Aires, e novos voos semanais e regulares. Aracaju nunca teve voo internacional regular e o governador pactuou isso, para terminarmos a pista do aeroporto, para proporcionar o pouso de avi\u00f5es maiores. Juntando isso, a not\u00edcia do Mist\u00e9rio do Turismo, de abertura de capital estrangeiro de empresa a\u00e9reas, ou seja, uma empresa estrangeira pode comprar uma nacional e, com isso, ampliar os voos regionais, a ideia \u00e9 ampliar a capacidade de atra\u00e7\u00e3o de turistas para Sergipe&#8221;.<\/p>\n<p style=\"text-align: justify;\">F\u00e1bio Henrique argumentou que o turismo \u00e9 uma \u00e1rea muito importante para a economia e que o Estado se empenha para fortalecer a atividade em Sergipe. &#8220;Em empregos formais, com carteira assinada, s\u00f3 perde para a constru\u00e7\u00e3o civil. O Governo do Estado tem levado isso a s\u00e9rio, melhorando as obras de infraestrutura e com o Prodetur, colocando Sergipe no roteiro tur\u00edstico do Brasil\u201d, garantiu o secret\u00e1rio ao vislumbrar a vinda de novos investimentos para Sergipe pelo conjunto de projetos trabalhados pelo Governo do Estado e com o in\u00edcio do programa federal Brasil+Turismo, apresentado nesta semana e que consiste em um pacote de medidas para fortalecer o setor no Pa\u00eds.<\/p>\n<p style=\"text-align: justify;\"><img loading=\"lazy\" decoding=\"async\" class=\"aligncenter size-full wp-image-102349\" src=\"http:\/\/senoticias.com.br\/se\/wp-content\/uploads\/2017\/04\/Logo-fone-1-2-1-2-4-6.jpg\" alt=\"Logo-fone-1-2-1-2-4-6\" width=\"599\" height=\"78\" srcset=\"https:\/\/senoticias.com.br\/se\/wp-content\/uploads\/2017\/04\/Logo-fone-1-2-1-2-4-6.jpg 599w, https:\/\/senoticias.com.br\/se\/wp-content\/uploads\/2017\/04\/Logo-fone-1-2-1-2-4-6-300x39.jpg 300w\" sizes=\"(max-width: 599px) 100vw, 599px\" \/><\/p>\n<p><strong>Acompanhe tamb\u00e9m o SE Not\u00edcias no<\/strong><span class=\"apple-converted-space\"><b>\u00a0<\/b><\/span><a href=\"https:\/\/twitter.com\/Senoticias\" target=\"_blank\"><b>Twitter<\/b><\/a><strong>,<\/strong><span class=\"apple-converted-space\"><b>\u00a0<\/b><\/span><a href=\"https:\/\/www.facebook.com\/senoticias1\" target=\"_blank\"><b>Facebook<\/b><span class=\"apple-converted-space\"><b>\u00a0<\/b><\/span><\/a><strong>e no<\/strong><span class=\"apple-converted-space\"><b>\u00a0<\/b><\/span><b><a href=\"https:\/\/www.instagram.com\/senoticias\/\" target=\"_blank\">Instagram<\/a><\/b><\/p>\n<p>&nbsp;<\/p>\n<p><em>Fonte: ASN<\/em><\/p>\n","protected":false},"excerpt":{"rendered":"<p>Sergipanos e turistas ganhar\u00e3o em breve um aeroporto mais moderno, com servi\u00e7os ampliados, fingers para embarque e desembarque, que ir\u00e3o garantir mais conforto e acessibilidade para os passageiros em Sergipe. A reforma para moderniza\u00e7\u00e3o do espa\u00e7o est\u00e1 prevista para ser iniciada em agosto deste ano e foi uma conquista do governador Jackson Barreto, do l\u00edder [&hellip;]<\/p>\n","protected":false},"author":2,"featured_media":0,"comment_status":"closed","ping_status":"closed","sticky":false,"template":"","format":"standard","meta":{"footnotes":""},"categories":[15,38],"tags":[2896,2002,2897,223],"class_list":{"0":"post-102382","1":"post","2":"type-post","3":"status-publish","4":"format-standard","6":"category-destaques","7":"category-municipios","8":"tag-aeroporto","9":"tag-governo","10":"tag-reforma","11":"tag-sergipe"},"_links":{"self":[{"href":"https:\/\/senoticias.com.br\/se\/wp-json\/wp\/v2\/posts\/102382"}],"collection":[{"href":"https:\/\/senoticias.com.br\/se\/wp-json\/wp\/v2\/posts"}],"about":[{"href":"https:\/\/senoticias.com.br\/se\/wp-json\/wp\/v2\/types\/post"}],"author":[{"embeddable":true,"href":"https:\/\/senoticias.com.br\/se\/wp-json\/wp\/v2\/users\/2"}],"replies":[{"embeddable":true,"href":"https:\/\/senoticias.com.br\/se\/wp-json\/wp\/v2\/comments?post=102382"}],"version-history":[{"count":0,"href":"https:\/\/senoticias.com.br\/se\/wp-json\/wp\/v2\/posts\/102382\/revisions"}],"wp:attachment":[{"href":"https:\/\/senoticias.com.br\/se\/wp-json\/wp\/v2\/media?parent=102382"}],"wp:term":[{"taxonomy":"category","embeddable":true,"href":"https:\/\/senoticias.com.br\/se\/wp-json\/wp\/v2\/categories?post=102382"},{"taxonomy":"post_tag","embeddable":true,"href":"https:\/\/senoticias.com.br\/se\/wp-json\/wp\/v2\/tags?post=102382"}],"curies":[{"name":"wp","href":"https:\/\/api.w.org\/{rel}","templated":true}]}}