{"id":102375,"date":"2017-04-17T10:25:40","date_gmt":"2017-04-17T13:25:40","guid":{"rendered":"http:\/\/senoticias.com.br\/se\/?p=102375"},"modified":"2017-04-17T15:00:44","modified_gmt":"2017-04-17T18:00:44","slug":"contas-que-venceram-sexta-podem-ser-pagas-hoje-sem-juros","status":"publish","type":"post","link":"https:\/\/senoticias.com.br\/se\/contas-que-venceram-sexta-podem-ser-pagas-hoje-sem-juros\/","title":{"rendered":"Contas que venceram sexta podem ser pagas hoje sem juros"},"content":{"rendered":"<p>&nbsp;<\/p>\n<p style=\"text-align: justify;\">As contas de consumo (\u00e1gua, luz, telefone e TV a cabo) e os carn\u00eas com vencimento na sexta-feira, 14, poder\u00e3o ser pagos nessa segunda-feira, 17, sem incid\u00eancia de multa. As ag\u00eancias banc\u00e1rias de todo o pa\u00eds n\u00e3o funcionaram no feriado nacional da sexta-feira, 14, quando se celebrou a Sexta-Feira da Paix\u00e3o, conforme informou a Federa\u00e7\u00e3o Brasileira de Bancos (Febraban).<\/p>\n<div id=\"attachment_102376\" style=\"width: 609px\" class=\"wp-caption aligncenter\"><img loading=\"lazy\" decoding=\"async\" aria-describedby=\"caption-attachment-102376\" class=\"size-full wp-image-102376\" src=\"http:\/\/senoticias.com.br\/se\/wp-content\/uploads\/2017\/04\/contas-a-pagar-Portalsenoticias-e1492451800563.jpg\" alt=\"Contas vencidas no dia 14 podem ser pagas nesta segunda. 7, sem multa\" width=\"599\" height=\"349\" \/><p id=\"caption-attachment-102376\" class=\"wp-caption-text\">Contas vencidas no dia 14 podem ser pagas nesta segunda. 7, sem multa (foto: arquivo\/Google\/divulga\u00e7\u00e3o)<\/p><\/div>\n<p style=\"text-align: justify;\">O mesmo ocorrer\u00e1 no feriado de Tiradentes, comemorado no dia 21 de abril. Nessa data, as contas poder\u00e3o ser pagas no dia 24. A Febraban explica que normalmente os tributos j\u00e1 est\u00e3o com data ajustada pelo calend\u00e1rio de feriados, sejam federais, estaduais ou municipais.<\/p>\n<p><img loading=\"lazy\" decoding=\"async\" class=\"aligncenter size-full wp-image-102349\" src=\"http:\/\/senoticias.com.br\/se\/wp-content\/uploads\/2017\/04\/Logo-fone-1-2-1-2-4-6.jpg\" alt=\"Logo-fone-1-2-1-2-4-6\" width=\"599\" height=\"78\" srcset=\"https:\/\/senoticias.com.br\/se\/wp-content\/uploads\/2017\/04\/Logo-fone-1-2-1-2-4-6.jpg 599w, https:\/\/senoticias.com.br\/se\/wp-content\/uploads\/2017\/04\/Logo-fone-1-2-1-2-4-6-300x39.jpg 300w\" sizes=\"(max-width: 599px) 100vw, 599px\" \/><\/p>\n<p>&nbsp;<\/p>\n<p><strong>Acompanhe tamb\u00e9m o SE Not\u00edcias no<\/strong><span class=\"apple-converted-space\"><b>\u00a0<\/b><\/span><a href=\"https:\/\/twitter.com\/Senoticias\" target=\"_blank\"><b>Twitter<\/b><\/a><strong>,<\/strong><span class=\"apple-converted-space\"><b>\u00a0<\/b><\/span><a href=\"https:\/\/www.facebook.com\/senoticias1\" target=\"_blank\"><b>Facebook<\/b><span class=\"apple-converted-space\"><b>\u00a0<\/b><\/span><\/a><strong>e no<\/strong><span class=\"apple-converted-space\"><b>\u00a0<\/b><\/span><b><a href=\"https:\/\/www.instagram.com\/senoticias\/\" target=\"_blank\">Instagram<\/a><\/b><\/p>\n<p>&nbsp;<\/p>\n<p><em>Fonte: Ag\u00eancia Brasil<\/em><\/p>\n<p>&nbsp;<\/p>\n","protected":false},"excerpt":{"rendered":"<p>&nbsp; As contas de consumo (\u00e1gua, luz, telefone e TV a cabo) e os carn\u00eas com vencimento na sexta-feira, 14, poder\u00e3o ser pagos nessa segunda-feira, 17, sem incid\u00eancia de multa. As ag\u00eancias banc\u00e1rias de todo o pa\u00eds n\u00e3o funcionaram no feriado nacional da sexta-feira, 14, quando se celebrou a Sexta-Feira da Paix\u00e3o, conforme informou a [&hellip;]<\/p>\n","protected":false},"author":2,"featured_media":0,"comment_status":"closed","ping_status":"closed","sticky":false,"template":"","format":"standard","meta":{"footnotes":""},"categories":[6],"tags":[2892,2893],"class_list":{"0":"post-102375","1":"post","2":"type-post","3":"status-publish","4":"format-standard","6":"category-politica","7":"tag-contas","8":"tag-hoje-sem-juros"},"_links":{"self":[{"href":"https:\/\/senoticias.com.br\/se\/wp-json\/wp\/v2\/posts\/102375"}],"collection":[{"href":"https:\/\/senoticias.com.br\/se\/wp-json\/wp\/v2\/posts"}],"about":[{"href":"https:\/\/senoticias.com.br\/se\/wp-json\/wp\/v2\/types\/post"}],"author":[{"embeddable":true,"href":"https:\/\/senoticias.com.br\/se\/wp-json\/wp\/v2\/users\/2"}],"replies":[{"embeddable":true,"href":"https:\/\/senoticias.com.br\/se\/wp-json\/wp\/v2\/comments?post=102375"}],"version-history":[{"count":0,"href":"https:\/\/senoticias.com.br\/se\/wp-json\/wp\/v2\/posts\/102375\/revisions"}],"wp:attachment":[{"href":"https:\/\/senoticias.com.br\/se\/wp-json\/wp\/v2\/media?parent=102375"}],"wp:term":[{"taxonomy":"category","embeddable":true,"href":"https:\/\/senoticias.com.br\/se\/wp-json\/wp\/v2\/categories?post=102375"},{"taxonomy":"post_tag","embeddable":true,"href":"https:\/\/senoticias.com.br\/se\/wp-json\/wp\/v2\/tags?post=102375"}],"curies":[{"name":"wp","href":"https:\/\/api.w.org\/{rel}","templated":true}]}}