{"id":102373,"date":"2017-04-17T10:11:46","date_gmt":"2017-04-17T13:11:46","guid":{"rendered":"http:\/\/senoticias.com.br\/se\/?p=102373"},"modified":"2017-04-17T15:07:56","modified_gmt":"2017-04-17T18:07:56","slug":"thiago-arancam-grava-musica-com-participacao-especial-de-paula-fernandes-na-italia","status":"publish","type":"post","link":"https:\/\/senoticias.com.br\/se\/thiago-arancam-grava-musica-com-participacao-especial-de-paula-fernandes-na-italia\/","title":{"rendered":"Thiago Arancam grava m\u00fasica com participa\u00e7\u00e3o especial de Paula Fernandes na It\u00e1lia"},"content":{"rendered":"<p style=\"text-align: justify;\">O tenor brasileiro Thiago Arancam, que tem conquistado multid\u00f5es ao redor do mundo, est\u00e1 em est\u00fadio gravando seu novo projeto. O \u00e1lbum que conta com produ\u00e7\u00e3o executiva da Novo Palco, tem previs\u00e3o de lan\u00e7amento para o segundo semestre deste ano e contar\u00e1 com m\u00fasicas in\u00e9ditas e regrava\u00e7\u00f5es de grandes sucessos.<\/p>\n<div id=\"attachment_102374\" style=\"width: 609px\" class=\"wp-caption aligncenter\"><img loading=\"lazy\" decoding=\"async\" aria-describedby=\"caption-attachment-102374\" class=\"size-full wp-image-102374\" src=\"http:\/\/senoticias.com.br\/se\/wp-content\/uploads\/2017\/04\/imagem_release_916361-e1492452363393.jpg\" alt=\" O \u00e1lbum que conta com produ\u00e7\u00e3o executiva da Novo Palco, tem previs\u00e3o de lan\u00e7amento para o segundo semestre deste ano e contar\u00e1 com m\u00fasicas in\u00e9ditas e regrava\u00e7\u00f5es de grandes sucessos (foto: divulga\u00e7\u00e3o)\" width=\"599\" height=\"799\" \/><p id=\"caption-attachment-102374\" class=\"wp-caption-text\">O \u00e1lbum que conta com produ\u00e7\u00e3o executiva da Novo Palco, tem previs\u00e3o de lan\u00e7amento para o segundo semestre deste ano e contar\u00e1 com m\u00fasicas in\u00e9ditas e regrava\u00e7\u00f5es de grandes sucessos (foto: divulga\u00e7\u00e3o)<\/p><\/div>\n<p style=\"text-align: justify;\">\u00c0 convite de Thiago Arancam, a m\u00fasica &#8216;C\u00e9u de Santo Amaro&#8217; teve participa\u00e7\u00e3o da Orquestra Philarmonica de Praga. E para abrilhantar ainda mais, a cantora Paula Fernandes dividir\u00e1 os vocais nesta can\u00e7\u00e3o com o tenor brasileiro. Al\u00e9m disso, os artistas est\u00e3o gravando essa semana um videoclipe na It\u00e1lia em frente ao mar mediterr\u00e2neo.<\/p>\n<p style=\"text-align: justify;\">\n<p style=\"text-align: justify;\">Gravado no est\u00fadio NoveNove em Mil\u00e3o, o projeto musical \u00e9 assinado por Maycon Ananias e trar\u00e1 mais novidades para o p\u00fablico que acompanha o artista h\u00e1 cerca de 20 anos; a grava\u00e7\u00e3o do hit &#8221;Hallelluya&#8217; e participa\u00e7\u00e3o especial do Andreas Kisser.<\/p>\n<p>&nbsp;<\/p>\n<p><img loading=\"lazy\" decoding=\"async\" class=\"aligncenter size-full wp-image-102349\" src=\"http:\/\/senoticias.com.br\/se\/wp-content\/uploads\/2017\/04\/Logo-fone-1-2-1-2-4-6.jpg\" alt=\"Logo-fone-1-2-1-2-4-6\" width=\"599\" height=\"78\" srcset=\"https:\/\/senoticias.com.br\/se\/wp-content\/uploads\/2017\/04\/Logo-fone-1-2-1-2-4-6.jpg 599w, https:\/\/senoticias.com.br\/se\/wp-content\/uploads\/2017\/04\/Logo-fone-1-2-1-2-4-6-300x39.jpg 300w\" sizes=\"(max-width: 599px) 100vw, 599px\" \/><\/p>\n<p>&nbsp;<\/p>\n<p><strong>Acompanhe tamb\u00e9m o SE Not\u00edcias no<\/strong><span class=\"apple-converted-space\"><b>\u00a0<\/b><\/span><a href=\"https:\/\/twitter.com\/Senoticias\" target=\"_blank\"><b>Twitter<\/b><\/a><strong>,<\/strong><span class=\"apple-converted-space\"><b>\u00a0<\/b><\/span><a href=\"https:\/\/www.facebook.com\/senoticias1\" target=\"_blank\"><b>Facebook<\/b><span class=\"apple-converted-space\"><b>\u00a0<\/b><\/span><\/a><strong>e no<\/strong><span class=\"apple-converted-space\"><b>\u00a0<\/b><\/span><b><a href=\"https:\/\/www.instagram.com\/senoticias\/\" target=\"_blank\">Instagram<\/a><\/b><\/p>\n<p>&nbsp;<\/p>\n<p><em>Fonte:\u00a0<b>Agatha Santos \/\u00a0<\/b>Great Assessoria e Comunica\u00e7\u00e3o<\/em><\/p>\n","protected":false},"excerpt":{"rendered":"<p>O tenor brasileiro Thiago Arancam, que tem conquistado multid\u00f5es ao redor do mundo, est\u00e1 em est\u00fadio gravando seu novo projeto. O \u00e1lbum que conta com produ\u00e7\u00e3o executiva da Novo Palco, tem previs\u00e3o de lan\u00e7amento para o segundo semestre deste ano e contar\u00e1 com m\u00fasicas in\u00e9ditas e regrava\u00e7\u00f5es de grandes sucessos. \u00c0 convite de Thiago Arancam, [&hellip;]<\/p>\n","protected":false},"author":2,"featured_media":0,"comment_status":"closed","ping_status":"closed","sticky":false,"template":"","format":"standard","meta":{"footnotes":""},"categories":[21],"tags":[1600,2891,2890,2889],"class_list":{"0":"post-102373","1":"post","2":"type-post","3":"status-publish","4":"format-standard","6":"category-entretenimento","7":"tag-paula-fernandes-comemora-solteirice-e-exibe-otima-forma-renovar","8":"tag-sertanejo","9":"tag-tenor","10":"tag-thiagoarancam"},"_links":{"self":[{"href":"https:\/\/senoticias.com.br\/se\/wp-json\/wp\/v2\/posts\/102373"}],"collection":[{"href":"https:\/\/senoticias.com.br\/se\/wp-json\/wp\/v2\/posts"}],"about":[{"href":"https:\/\/senoticias.com.br\/se\/wp-json\/wp\/v2\/types\/post"}],"author":[{"embeddable":true,"href":"https:\/\/senoticias.com.br\/se\/wp-json\/wp\/v2\/users\/2"}],"replies":[{"embeddable":true,"href":"https:\/\/senoticias.com.br\/se\/wp-json\/wp\/v2\/comments?post=102373"}],"version-history":[{"count":0,"href":"https:\/\/senoticias.com.br\/se\/wp-json\/wp\/v2\/posts\/102373\/revisions"}],"wp:attachment":[{"href":"https:\/\/senoticias.com.br\/se\/wp-json\/wp\/v2\/media?parent=102373"}],"wp:term":[{"taxonomy":"category","embeddable":true,"href":"https:\/\/senoticias.com.br\/se\/wp-json\/wp\/v2\/categories?post=102373"},{"taxonomy":"post_tag","embeddable":true,"href":"https:\/\/senoticias.com.br\/se\/wp-json\/wp\/v2\/tags?post=102373"}],"curies":[{"name":"wp","href":"https:\/\/api.w.org\/{rel}","templated":true}]}}